{"id":391569,"date":"2025-09-15T02:37:16","date_gmt":"2025-09-15T02:37:16","guid":{"rendered":"https:\/\/www.europesays.com\/fr\/391569\/"},"modified":"2025-09-15T02:37:16","modified_gmt":"2025-09-15T02:37:16","slug":"dix-avions-historiques-exposes-dans-une-galerie-commerciale-au-sud-de-nantes","status":"publish","type":"post","link":"https:\/\/www.europesays.com\/fr\/391569\/","title":{"rendered":"Dix avions historiques expos\u00e9s dans une galerie commerciale au sud de Nantes"},"content":{"rendered":"<p>Du 15 au 27\u00a0septembre, la galerie Oc\u00e9ane se transforme en escale a\u00e9ronautique in\u00e9dite. Pendant pr\u00e8s de deux semaines, les visiteurs pourront d\u00e9couvrir une exposition unique d\u2019une dizaine d\u2019avions grandeur nature et de pi\u00e8ces historiques, install\u00e9e au c\u0153ur de la galerie.<\/p>\n<p>L\u2019avionnette Peyret, c\u00e9l\u00e8bre planeur qui a permis \u00e0 Alexis Maneyrol de battre des records de vol plan\u00e9<\/p>\n<p>Ce v\u00e9ritable voyage dans le temps et l\u2019innovation est <a href=\"https:\/\/nantes.maville.com\/actu\/actudet_-pres-de-nantes-ils-font-revivre-ces-avions-historiques-_8-5936487_actu.Htm?\" target=\"_blank\" rel=\"noopener\">port\u00e9 par la passion des b\u00e9n\u00e9voles des Ar\u00e9oplanes 44<\/a>. Parmi les mod\u00e8les expos\u00e9s, on retrouvera la reproduction de l\u2019avionnette Peyret, c\u00e9l\u00e8bre planeur qui a permis \u00e0 Alexis Maneyrol de battre des records de vol plan\u00e9 dans les ann\u00e9es 1920. <a href=\"https:\/\/nantes.maville.com\/actu\/actudet_-cette-replique-d-avion-a-seduit-les-jures-de-l-aero-club-de-france-_8-6580922_actu.Htm?\" target=\"_blank\" rel=\"noopener\">Cette r\u00e9plique a \u00e9t\u00e9 r\u00e9compens\u00e9e par le prix de l\u2019A\u00e9roclub de France en 2024<\/a>.<\/p>\n<p>\t<img decoding=\"async\" src=\"https:\/\/www.europesays.com\/fr\/wp-content\/uploads\/2025\/09\/P35460948D6974674G_px_640_.jpg\" alt=\"photo l\u2019avionnette peyret d\u2019alexis maneyol a \u00e9t\u00e9 patiemment reconstitu\u00e9 par les b\u00e9n\u00e9voles des a\u00e9roplanes 44et a remport\u00e9 un prix.  \u00a9  photo a\u00e9roplanes 44\" width=\"640\" title=\" L\u2019avionnette Peyret d\u2019Alexis Maneyol a \u00e9t\u00e9 patiemment reconstitu\u00e9 par les b\u00e9n\u00e9voles des A\u00e9roplanes 44et a remport\u00e9 un prix.   Photo A\u00e9roplanes 44 \"\/><\/p>\n<p class=\"elmt-legende\"> L\u2019avionnette Peyret d\u2019Alexis Maneyol a \u00e9t\u00e9 patiemment reconstitu\u00e9 par les b\u00e9n\u00e9voles des A\u00e9roplanes 44et a remport\u00e9 un prix.   Photo A\u00e9roplanes 44 <\/p>\n<p>Parmi les autres p\u00e9pites pr\u00e9sent\u00e9es, le public pourra d\u00e9couvrir le Royal Aircraft Factory SE 5\u00a0: R\u00e9plique au 7\/8 des chasseurs embl\u00e9matiques de la Premi\u00e8re Guerre mondiale, r\u00e9put\u00e9 pour sa maniabilit\u00e9 et son r\u00f4le dans la victoire a\u00e9rienne alli\u00e9e, mais aussi le Butterfly, un ULM monoplace belge de formule pou du ciel qui a pris son premier vol dans les ann\u00e9es 70. Il p\u00e8se 63\u00a0kg \u00e0 vide et croise \u00e0 environ 60\u00a0km\/h.<\/p>\n<p>Autre raret\u00e9, un HM 14 \u00ab\u00a0Pou-du-Ciel\u00a0\u00bb, l\u2019avion mythique invent\u00e9 par Henri Mignet, con\u00e7u pour \u00eatre accessible \u00e0 tous, symbole de la d\u00e9mocratisation du vol amateur. Un engin \u00e9tonnant, l\u2019autogire, appareil \u00e0 voilure tournante, permettra au public de d\u00e9couvrir l\u2019anc\u00eatre de l\u2019h\u00e9licopt\u00e8re moderne, qui illustre la diversit\u00e9 des solutions a\u00e9ronautiques explor\u00e9es au fil du temps.<\/p>\n<p>Des passionn\u00e9s<\/p>\n<p>Les visiteurs pourront \u00e9galement d\u00e9couvrir une soufflerie type Gustave Eiffel, ainsi que des expositions p\u00e9dagogiques retra\u00e7ant l\u2019histoire d\u2019Alexis Maneyrol, pilote de l\u2019avionnette Peyret, originaire de Frossay et de l\u2019inventeur des c\u00e9l\u00e8bres \u00ab\u00a0Poux du ciel\u00a0\u00bb, Henri Mignet.<\/p>\n<p>L\u2019association rassemble depuis plus de 30\u00a0ans des passionn\u00e9s qui restaurent, construisent et exposent des avions historiques. Leur objectif\u00a0: <a href=\"https:\/\/nantes.maville.com\/actu\/actudet_-les-aeroplanes-44-font-revivre-les-legendes-du-ciel-_8-6200498_actu.Htm?\" target=\"_blank\" rel=\"noopener\">transmettre au public l\u2019\u00e9motion du patrimoine a\u00e9ronautique<\/a>.<\/p>\n<p>Les membres seront pr\u00e9sents pour partager leurs connaissances les mercredis et samedisde 10h \u00e0 19h, ainsi que les vendredis de 15h \u00e0 19h. L\u2019exposition est visible du lundi\u00a015 au samedi 27\u00a0septembre 2025 de 9\u00a0h \u00e0 20\u00a0h\u00a030. Possibilit\u00e9 de visite guid\u00e9e avec les b\u00e9n\u00e9voles pour les groupes sur demande.<\/p>\n<p>\u00a0<\/p>\n","protected":false},"excerpt":{"rendered":"Du 15 au 27\u00a0septembre, la galerie Oc\u00e9ane se transforme en escale a\u00e9ronautique in\u00e9dite. Pendant pr\u00e8s de deux semaines,&hellip;\n","protected":false},"author":2,"featured_media":391570,"comment_status":"","ping_status":"","sticky":false,"template":"","format":"standard","meta":{"footnotes":""},"categories":[2818],"tags":[1111,11,18975,1777,674,52370,1011,27,10486,52369,766,12,2636,25,7053],"class_list":{"0":"post-391569","1":"post","2":"type-post","3":"status-publish","4":"format-standard","5":"has-post-thumbnail","7":"category-nantes","8":"tag-actu","9":"tag-actualites","10":"tag-commerciale","11":"tag-eu","12":"tag-europe","13":"tag-exposes","14":"tag-fr","15":"tag-france","16":"tag-galerie","17":"tag-historiques","18":"tag-nantes","19":"tag-news","20":"tag-pays-de-la-loire","21":"tag-republique-francaise","22":"tag-sud"},"share_on_mastodon":{"url":"https:\/\/pubeurope.com\/@fr\/115205993194623157","error":""},"_links":{"self":[{"href":"https:\/\/www.europesays.com\/fr\/wp-json\/wp\/v2\/posts\/391569","targetHints":{"allow":["GET"]}}],"collection":[{"href":"https:\/\/www.europesays.com\/fr\/wp-json\/wp\/v2\/posts"}],"about":[{"href":"https:\/\/www.europesays.com\/fr\/wp-json\/wp\/v2\/types\/post"}],"author":[{"embeddable":true,"href":"https:\/\/www.europesays.com\/fr\/wp-json\/wp\/v2\/users\/2"}],"replies":[{"embeddable":true,"href":"https:\/\/www.europesays.com\/fr\/wp-json\/wp\/v2\/comments?post=391569"}],"version-history":[{"count":0,"href":"https:\/\/www.europesays.com\/fr\/wp-json\/wp\/v2\/posts\/391569\/revisions"}],"wp:featuredmedia":[{"embeddable":true,"href":"https:\/\/www.europesays.com\/fr\/wp-json\/wp\/v2\/media\/391570"}],"wp:attachment":[{"href":"https:\/\/www.europesays.com\/fr\/wp-json\/wp\/v2\/media?parent=391569"}],"wp:term":[{"taxonomy":"category","embeddable":true,"href":"https:\/\/www.europesays.com\/fr\/wp-json\/wp\/v2\/categories?post=391569"},{"taxonomy":"post_tag","embeddable":true,"href":"https:\/\/www.europesays.com\/fr\/wp-json\/wp\/v2\/tags?post=391569"}],"curies":[{"name":"wp","href":"https:\/\/api.w.org\/{rel}","templated":true}]}}