{"id":391599,"date":"2025-09-15T02:57:20","date_gmt":"2025-09-15T02:57:20","guid":{"rendered":"https:\/\/www.europesays.com\/fr\/391599\/"},"modified":"2025-09-15T02:57:20","modified_gmt":"2025-09-15T02:57:20","slug":"des-milliers-de-manifestants-a-berlin-contre-les-envois-darmes-a-israel-et-a-lukraine-2","status":"publish","type":"post","link":"https:\/\/www.europesays.com\/fr\/391599\/","title":{"rendered":"Des milliers de manifestants \u00e0 Berlin contre les envois d\u2019armes \u00e0 Isra\u00ebl et \u00e0 l\u2019Ukraine"},"content":{"rendered":"<p class=\"mb-4 text-lg md:leading-8 break-words\"><strong>col\u00e8re dans la rue &#8211; A l\u2019appel d\u2019une formation de gauche radicale, environ 12.000 personnes ont pris part \u00e0 un rassemblement pour d\u00e9noncer notamment \u00ab\u00a0le g\u00e9nocide \u00e0 Gaza\u00a0\u00bb<\/strong><\/p>\n<p class=\"mb-4 text-lg md:leading-8 break-words\">La col\u00e8re monte en Allemagne contre <a href=\"https:\/\/www.20minutes.fr\/dossier\/benyamin_netanyahou?at_medium=RSS%20feed&amp;at_campaign=ynews&amp;utm_source=yahoo&amp;utm_medium=rss&amp;utm_campaign=news_feed&amp;utm_content=in_article_link\" rel=\"nofollow noopener\" target=\"_blank\" data-ylk=\"slk:Benyamin Netanyahou;elm:context_link;itc:0;sec:content-canvas\" class=\"link \">Benyamin Netanyahou<\/a> mais aussi contre l\u2019aide apport\u00e9e par le chancelier Friedrich Merz \u00e0 <a href=\"https:\/\/www.20minutes.fr\/monde\/volodymyr-zelensky\/?at_medium=RSS%20feed&amp;at_campaign=ynews&amp;utm_source=yahoo&amp;utm_medium=rss&amp;utm_campaign=news_feed&amp;utm_content=in_article_link\" rel=\"nofollow noopener\" target=\"_blank\" data-ylk=\"slk:Volodymyr Zelensky;elm:context_link;itc:0;sec:content-canvas\" class=\"link \">Volodymyr Zelensky<\/a>. Samedi, \u00e0 l\u2019appel d\u2019une formation de gauche radicale, des milliers de personnes ont ainsi manifest\u00e9 \u00e0 Berlin devant la porte de Brandebourg pour exiger un \u00ab\u00a0arr\u00eat du g\u00e9nocide\u00a0\u00bb dans la bande de <a href=\"https:\/\/www.20minutes.fr\/monde\/gaza\/?at_medium=RSS%20feed&amp;at_campaign=ynews&amp;utm_source=yahoo&amp;utm_medium=rss&amp;utm_campaign=news_feed&amp;utm_content=in_article_link\" rel=\"nofollow noopener\" target=\"_blank\" data-ylk=\"slk:Gaza;elm:context_link;itc:0;sec:content-canvas\" class=\"link \">Gaza<\/a> mais aussi qu\u2019il soit mis fin aux livraisons d\u2019armes \u00e0 l\u2019Ukraine.<\/p>\n<p class=\"mb-4 text-lg md:leading-8 break-words\">Environ 12.000 personnes, selon la police, et 20.000, selon l\u2019Alliance Sahra Wagenknecht (BSW), ont pris part au rassemblement, ce qui en fait l\u2019un des plus importants en faveur des Palestiniens en <a href=\"https:\/\/www.20minutes.fr\/dossier\/allemagne?at_medium=RSS%20feed&amp;at_campaign=ynews&amp;utm_source=yahoo&amp;utm_medium=rss&amp;utm_campaign=news_feed&amp;utm_content=in_article_link\" rel=\"nofollow noopener\" target=\"_blank\" data-ylk=\"slk:Allemagne;elm:context_link;itc:0;sec:content-canvas\" class=\"link \">Allemagne<\/a> ces derniers mois.<\/p>\n<p>Une manifestation voulue \u00ab\u00a0pour la paix\u00a0\u00bb<\/p>\n<p class=\"mb-4 text-lg md:leading-8 break-words\">Au cours de cette manifestation \u00ab\u00a0pour la paix\u00a0\u00bb d\u00e9non\u00e7ant aussi les \u00ab\u00a0nouveaux milliards offerts \u00e0 l\u2019Ukraine\u00a0\u00bb par l\u2019Allemagne au titre de l\u2019assistance militaire, la fondatrice du BSW, Sahra Wagenknecht, a exig\u00e9 que Berlin s\u2019engage \u00ab\u00a0en faveur de n\u00e9gociations de paix \u2013 tant au Proche-Orient qu\u2019en <a href=\"https:\/\/www.20minutes.fr\/monde\/ukraine\/?at_medium=RSS%20feed&amp;at_campaign=ynews&amp;utm_source=yahoo&amp;utm_medium=rss&amp;utm_campaign=news_feed&amp;utm_content=in_article_link\" rel=\"nofollow noopener\" target=\"_blank\" data-ylk=\"slk:Ukraine;elm:context_link;itc:0;sec:content-canvas\" class=\"link \">Ukraine<\/a>\u00a0\u00bb.<\/p>\n<p class=\"mb-4 text-lg md:leading-8 break-words\">Marie Atwan, une \u00e9tudiante \u00e2g\u00e9e de 20 ans, explique \u00eatre venue de Hambourg pour demander \u00ab\u00a0un arr\u00eat complet des livraisons d\u2019armes\u00a0\u00bb allemandes \u00e0 Isra\u00ebl, sans quoi cela revient pour elle \u00e0 soutenir \u00ab\u00a0le g\u00e9nocide \u00e0 Gaza\u00a0\u00bb. D\u00e9but ao\u00fbt, <a href=\"https:\/\/www.20minutes.fr\/politique\/friedrich-merz\/?at_medium=RSS%20feed&amp;at_campaign=ynews&amp;utm_source=yahoo&amp;utm_medium=rss&amp;utm_campaign=news_feed&amp;utm_content=in_article_link\" rel=\"nofollow noopener\" target=\"_blank\" data-ylk=\"slk:Friedrich Merz;elm:context_link;itc:0;sec:content-canvas\" class=\"link \">Friedrich Merz<\/a> avait d\u00e9cr\u00e9t\u00e9 un embargo partiel en suspendant les exportations d\u2019\u00e9quipements militaires susceptibles d\u2019\u00eatre utilis\u00e9s dans la bande de Gaza.<\/p>\n<p>Berlin hausse le ton vis-\u00e0-vis d\u2019Isra\u00ebl<\/p>\n<p class=\"mb-4 text-lg md:leading-8 break-words\">En raison de sa responsabilit\u00e9 historique dans la Shoah, l\u2019Allemagne \u00e9tait jusq(&#8230;)<\/p>\n<p class=\"mb-4 text-lg md:leading-8 break-words\"><a href=\"https:\/\/www.20minutes.fr\/monde\/allemagne\/4172959-20250914-allemagne-milliers-manifestants-berlin-contre-envois-armes-israel-ukraine?at_medium=RSS%20feed&amp;at_campaign=ynews&amp;utm_source=yahoo&amp;utm_medium=rss&amp;utm_campaign=news_feed&amp;utm_content=read_more_link&quot;\" rel=\"nofollow noopener\" target=\"_blank\" data-ylk=\"slk:Lire la suite sur 20minutes;elm:context_link;itc:0;sec:content-canvas\" class=\"link \">Lire la suite sur 20minutes<\/a><\/p>\n<p>\u00c0 lire aussi :<br \/><a href=\"https:\/\/www.20minutes.fr\/monde\/russie\/4172954-20250914-guerre-ukraine-apres-pologne-roumanie-voit-drone-violer-espace-aerien?at_medium=RSS%20feed&amp;at_campaign=ynews&amp;utm_source=yahoo&amp;utm_medium=rss&amp;utm_campaign=news_feed&amp;utm_content=related_content_link\" rel=\"nofollow noopener\" target=\"_blank\" data-ylk=\"slk:Guerre en Ukraine\u00a0: Apr\u00e8s la Pologne, la Roumanie voit un drone violer son espace a\u00e9rien;elm:context_link;itc:0;sec:content-canvas\" class=\"link \">Guerre en Ukraine\u00a0: Apr\u00e8s la Pologne, la Roumanie voit un drone violer son espace a\u00e9rien<\/a><br \/><a href=\"https:\/\/www.20minutes.fr\/politique\/4172939-20250913-rima-hassan-rejoint-flottille-partie-gaza?at_medium=RSS%20feed&amp;at_campaign=ynews&amp;utm_source=yahoo&amp;utm_medium=rss&amp;utm_campaign=news_feed&amp;utm_content=related_content_link\" rel=\"nofollow noopener\" target=\"_blank\" data-ylk=\"slk:Rima Hassan rejoint la flottille partie pour Gaza;elm:context_link;itc:0;sec:content-canvas\" class=\"link \">Rima Hassan rejoint la flottille partie pour Gaza<\/a><\/p>\n","protected":false},"excerpt":{"rendered":"col\u00e8re dans la rue &#8211; A l\u2019appel d\u2019une formation de gauche radicale, environ 12.000 personnes ont pris part&hellip;\n","protected":false},"author":2,"featured_media":391600,"comment_status":"","ping_status":"","sticky":false,"template":"","format":"standard","meta":{"footnotes":""},"categories":[1590],"tags":[11,4628,1898,1777,674,4710,3442,37545,12,20456,52373,220,134],"class_list":{"0":"post-391599","1":"post","2":"type-post","3":"status-publish","4":"format-standard","5":"has-post-thumbnail","7":"category-ukraine","8":"tag-actualites","9":"tag-bande-de-gaza","10":"tag-berlin","11":"tag-eu","12":"tag-europe","13":"tag-friedrich-merz","14":"tag-lallemagne","15":"tag-livraisons-darmes","16":"tag-news","17":"tag-porte-de-brandebourg","18":"tag-sahra-wagenknecht","19":"tag-ukraine","20":"tag-volodymyr-zelensky"},"share_on_mastodon":{"url":"https:\/\/pubeurope.com\/@fr\/115206071469529174","error":""},"_links":{"self":[{"href":"https:\/\/www.europesays.com\/fr\/wp-json\/wp\/v2\/posts\/391599","targetHints":{"allow":["GET"]}}],"collection":[{"href":"https:\/\/www.europesays.com\/fr\/wp-json\/wp\/v2\/posts"}],"about":[{"href":"https:\/\/www.europesays.com\/fr\/wp-json\/wp\/v2\/types\/post"}],"author":[{"embeddable":true,"href":"https:\/\/www.europesays.com\/fr\/wp-json\/wp\/v2\/users\/2"}],"replies":[{"embeddable":true,"href":"https:\/\/www.europesays.com\/fr\/wp-json\/wp\/v2\/comments?post=391599"}],"version-history":[{"count":0,"href":"https:\/\/www.europesays.com\/fr\/wp-json\/wp\/v2\/posts\/391599\/revisions"}],"wp:featuredmedia":[{"embeddable":true,"href":"https:\/\/www.europesays.com\/fr\/wp-json\/wp\/v2\/media\/391600"}],"wp:attachment":[{"href":"https:\/\/www.europesays.com\/fr\/wp-json\/wp\/v2\/media?parent=391599"}],"wp:term":[{"taxonomy":"category","embeddable":true,"href":"https:\/\/www.europesays.com\/fr\/wp-json\/wp\/v2\/categories?post=391599"},{"taxonomy":"post_tag","embeddable":true,"href":"https:\/\/www.europesays.com\/fr\/wp-json\/wp\/v2\/tags?post=391599"}],"curies":[{"name":"wp","href":"https:\/\/api.w.org\/{rel}","templated":true}]}}