{"id":391630,"date":"2025-09-15T03:16:16","date_gmt":"2025-09-15T03:16:16","guid":{"rendered":"https:\/\/www.europesays.com\/fr\/391630\/"},"modified":"2025-09-15T03:16:16","modified_gmt":"2025-09-15T03:16:16","slug":"a-argenton-sur-creuse-dominique-mantel-sexprime-au-fil-de-leau","status":"publish","type":"post","link":"https:\/\/www.europesays.com\/fr\/391630\/","title":{"rendered":"\u00c0 Argenton-sur-Creuse, Dominique Mantel s\u2019exprime au fil de l\u2019eau"},"content":{"rendered":"<p>Dominique Mantel n\u2019a pas besoin d\u2019aller bien loin pour peindre. Il lui suffit de regarder par la fen\u00eatre de son atelier pour s\u2019impr\u00e9gner des paysages inspirants des bords de Creuse. L\u2019artiste argentonnais qui vit depuis plus de quarante ans au moulin de Bord, un b\u00e2timent dont les fondations remontent au 15e\u00a0si\u00e8cle, conjugue bien s\u00fbr \u00e0 tous les modes le th\u00e8me de l\u2019eau, fil conducteur de l\u2019exposition qu\u2019il pr\u00e9sente tous les week-ends de septembre\u00a02025 dans le quartier de Rabois, \u00e0 Argenton-sur-Creuse&#8230;. <\/p>\n<p>    Cet article a \u00e9t\u00e9 tronqu\u00e9. Abonnez-vous pour lire l&rsquo;article complet sur notre site.<\/p>\n<p style=\"margin: 0 !important; padding: 0 !important; font-size: 12px !important;\">Cet article a \u00e9t\u00e9 tronqu\u00e9. Abonnez-vous pour lire l&rsquo;article complet.<\/p>\n<p>    <a href=\"https:\/\/www.lanouvellerepublique.fr\/abonnements\" style=\"display: inline-block; margin-top: 5px !important; padding: 6px 12px !important; background: #cb1c27; color: white; text-decoration: none; border-radius: 4px; font-size: 12px !important;\" target=\"_blank\" rel=\"noopener\"><br \/>\n      S&rsquo;abonner<br \/>\n    <\/a><\/p>\n","protected":false},"excerpt":{"rendered":"Dominique Mantel n\u2019a pas besoin d\u2019aller bien loin pour peindre. Il lui suffit de regarder par la fen\u00eatre&hellip;\n","protected":false},"author":2,"featured_media":391631,"comment_status":"","ping_status":"","sticky":false,"template":"","format":"standard","meta":{"footnotes":""},"categories":[1358],"tags":[1392,8669,1348,1384,1385,1386,58,59,1349,1011,27,5052,1393],"class_list":{"0":"post-391630","1":"post","2":"type-post","3":"status-publish","4":"format-standard","5":"has-post-thumbnail","7":"category-arts-et-design","8":"tag-a-la-une-local","9":"tag-argenton-sur-creuse","10":"tag-arts","11":"tag-arts-and-design","12":"tag-arts-et-design","13":"tag-design","14":"tag-divertissement","15":"tag-entertainment","16":"tag-expositions","17":"tag-fr","18":"tag-france","19":"tag-indre","20":"tag-loisirs"},"share_on_mastodon":{"url":"https:\/\/pubeurope.com\/@fr\/115206146362275406","error":""},"_links":{"self":[{"href":"https:\/\/www.europesays.com\/fr\/wp-json\/wp\/v2\/posts\/391630","targetHints":{"allow":["GET"]}}],"collection":[{"href":"https:\/\/www.europesays.com\/fr\/wp-json\/wp\/v2\/posts"}],"about":[{"href":"https:\/\/www.europesays.com\/fr\/wp-json\/wp\/v2\/types\/post"}],"author":[{"embeddable":true,"href":"https:\/\/www.europesays.com\/fr\/wp-json\/wp\/v2\/users\/2"}],"replies":[{"embeddable":true,"href":"https:\/\/www.europesays.com\/fr\/wp-json\/wp\/v2\/comments?post=391630"}],"version-history":[{"count":0,"href":"https:\/\/www.europesays.com\/fr\/wp-json\/wp\/v2\/posts\/391630\/revisions"}],"wp:featuredmedia":[{"embeddable":true,"href":"https:\/\/www.europesays.com\/fr\/wp-json\/wp\/v2\/media\/391631"}],"wp:attachment":[{"href":"https:\/\/www.europesays.com\/fr\/wp-json\/wp\/v2\/media?parent=391630"}],"wp:term":[{"taxonomy":"category","embeddable":true,"href":"https:\/\/www.europesays.com\/fr\/wp-json\/wp\/v2\/categories?post=391630"},{"taxonomy":"post_tag","embeddable":true,"href":"https:\/\/www.europesays.com\/fr\/wp-json\/wp\/v2\/tags?post=391630"}],"curies":[{"name":"wp","href":"https:\/\/api.w.org\/{rel}","templated":true}]}}