{"id":391642,"date":"2025-09-15T03:23:17","date_gmt":"2025-09-15T03:23:17","guid":{"rendered":"https:\/\/www.europesays.com\/fr\/391642\/"},"modified":"2025-09-15T03:23:17","modified_gmt":"2025-09-15T03:23:17","slug":"document-rtl-asterix-en-lusitanie-decouvrez-en-exclusivite-la-couverture-du-41e-album","status":"publish","type":"post","link":"https:\/\/www.europesays.com\/fr\/391642\/","title":{"rendered":"DOCUMENT RTL &#8211; \u00ab\u00a0Ast\u00e9rix en Lusitanie\u00a0\u00bb : d\u00e9couvrez en exclusivit\u00e9 la couverture du 41e album"},"content":{"rendered":"<p class=\"article-p mdl\">Apr\u00e8s avoir d\u00e9voil\u00e9 le 17 mars une couverture provisoire, les \u00e9ditions Albert Ren\u00e9 d\u00e9voilent la <strong>couverture d\u00e9finitive du prochain album des aventures d&rsquo;Ast\u00e9rix et Ob\u00e9lix<\/strong>, Ast\u00e9rix en Lusitanie,\u00a0\u00e0 para\u00eetre le 23 octobre 2025. Sous la houlette de Fabcaro (Fabrice Caro) et Didier Conrad, Ast\u00e9rix et Ob\u00e9lix partent en voyage dans l&rsquo;ancienne province romaine qui correspond aujourd&rsquo;hui \u00e0 une partie du Portugal.<\/p>\n<p class=\"article-p mdl\">Une couverture et des indices comme l&rsquo;explique \u00e0 RTL C\u00e9leste Surugue, directeur g\u00e9n\u00e9ral des \u00e9ditions Albert-Ren\u00e9 :\u00a0\u00ab\u00a0Apr\u00e8s notre voyage de rep\u00e9rage au Portugal avec Fabrice Caro (qui signe le sc\u00e9nario), on \u00e9tait revenus du Portugal avec ce sentiment de luminosit\u00e9, de couleurs qu&rsquo;on voulait retrouver dans la couverture, ce c\u00f4t\u00e9 tr\u00e8s immersif, accueillant du pays.\u00a0\u00bb<\/p>\n<p>                <img decoding=\"async\" alt=\"\" class=\"media-item lazy\" src=\"https:\/\/www.europesays.com\/fr\/wp-content\/uploads\/2025\/09\/1780878-asterix-en-lusitanie.jpg\"\/><\/p>\n<p class=\"article-media-figcaption-title\">\n            Ast\u00e9rix en Lusitanie<\/p>\n<p class=\"article-media-figcaption-credits\">\n            Cr\u00e9dit : Editions Albert Ren\u00e9<\/p>\n<blockquote class=\"article-quote\">\n<p class=\"article-quote-text icon icon-quote-v2\">On voulait retrouver dans la couverture, la luminosit\u00e9, la couleur, de Lisbonne<\/p>\n<p>C\u00e9leste Surugue, directeur g\u00e9n\u00e9ral des \u00e9ditions Albert Ren\u00e9<\/p>\n<\/blockquote>\n<p class=\"article-p mdl\">Il poursuit : \u00ab\u00a0On avait \u00e9t\u00e9 frapp\u00e9s bien s\u00fbr \u00e0 Lisbonne de ces rues qui montent, qui descendent, on voulait aussi traduire la g\u00e9ographie du lieu, la mer, l&rsquo;influence oc\u00e9anique, cette baie de Lisbonne, dans laquelle se passe une grande partie de l&rsquo;aventure. Donc on voulait retrouver \u00e7a dans la couverture. La luminosit\u00e9, la couleur, Lisbonne, les maisons color\u00e9es.\u00a0\u00bb<\/p>\n<ul class=\"glide__slides\">\n<li class=\"glide__slide\">\n<p>                                    <img decoding=\"async\" alt=\"\" class=\"lazy\" src=\"data:image\/png;base64,iVBORw0KGgoAAAANSUhEUgAAAAEAAAABCAQAAAC1HAwCAAAAC0lEQVR42mM8IQkAAa8A48opxD0AAAAASUVORK5CYII=\"\/><\/p>\n<p class=\"article-media-figcaption-title\">Didier Conrad<\/p>\n<p class=\"article-media-figcaption-credits\">\n                                                Cr\u00e9dits : Christophe Guibbaud\n                                            <\/p>\n<\/li>\n<li class=\"glide__slide\">\n<p>                                    <img decoding=\"async\" alt=\"\" class=\"lazy\" src=\"data:image\/png;base64,iVBORw0KGgoAAAANSUhEUgAAAAEAAAABCAQAAAC1HAwCAAAAC0lEQVR42mM8IQkAAa8A48opxD0AAAAASUVORK5CYII=\"\/><\/p>\n<p class=\"article-media-figcaption-title\">Fabcaro<\/p>\n<p class=\"article-media-figcaption-credits\">\n                                                Cr\u00e9dits : Christophe Guibbaud\n                                            <\/p>\n<\/li>\n<\/ul>\n<p>                Pr\u00e9c\u00e9dent<\/p>\n<p>                Suivant<\/p>\n<p class=\"article-p mdl\">Dans cette couverture, Ast\u00e9rix et Ob\u00e9lix marchent donc dans une rue typique de Lisbonne, un air quelque peu suspicieux pour Ast\u00e9rix. Nos deux h\u00e9ros, sur un chemin, voil\u00e0 qui n&rsquo;est pas sans rappeler la couverture d&rsquo;un autre album : Ast\u00e9rix en Corse (1973). \u00ab\u00a0Bien vu\u00a0\u00bb, lance C\u00e9leste Surugue. \u00ab\u00a0Quand on en a discut\u00e9 d&rsquo;abord avec Fabrice Caro\u00a0 puis apr\u00e8s avec Didier Conrad, on est all\u00e9 rechercher dans les r\u00e9f\u00e9rences pass\u00e9es sur les voyages, les couvertures qui nous plaisaient bien. Et on aimait bien cette couverture de la Corse avec ce bin\u00f4me l\u00e0, Ast\u00e9rix et Ob\u00e9lix, qui sont en p\u00e9r\u00e9grination et bien ins\u00e9r\u00e9s dans ce paysage. Et donc oui, \u00e7a a \u00e9t\u00e9 notre base de d\u00e9part de se dire, on va faire un petit clin d&rsquo;\u0153il \u00e0 la Corse aussi.\u00a0\u00bb<\/p>\n<blockquote class=\"article-quote\">\n<p class=\"article-quote-text icon icon-quote-v2\">Une bonne couverture, c&rsquo;est d&rsquo;abord d&rsquo;installer la nouveaut\u00e9<\/p>\n<p>C\u00e9leste Surugue, directeur g\u00e9n\u00e9ral des \u00e9ditions Albert Ren\u00e9<\/p>\n<\/blockquote>\n<p>                <img decoding=\"async\" alt=\"\" class=\"media-item lazy\" src=\"https:\/\/www.europesays.com\/fr\/wp-content\/uploads\/2025\/09\/1780942-asterix-et-obelix-en-corse.jpg\"\/><\/p>\n<p class=\"article-media-figcaption-title\">\n            Ast\u00e9rix et Ob\u00e9lix en Corse<\/p>\n<p class=\"article-media-figcaption-credits\">\n            Cr\u00e9dit : ASTERIX OBELIX IDEFIX 2025 HACHETTE LIVRE \/ GOSCINNY \u2013 UDERZO<\/p>\n<p class=\"article-p mdl\">Dans cette couverture, des personnages, et des indices quant \u00e0 l&rsquo;histoire que vont vivre nos deux h\u00e9ros gaulois. Il faut installer pas mal de choses, explique encore le directeur g\u00e9n\u00e9ral des \u00e9ditions Albert-Ren\u00e9 : \u00ab\u00a0Une bonne couverture, c&rsquo;est d&rsquo;abord d&rsquo;installer la nouveaut\u00e9. C&rsquo;est une couverture qui doit se d\u00e9marquer de la pr\u00e9c\u00e9dente, de <a class=\"link\" href=\"https:\/\/www.rtl.fr\/culture\/arts-spectacles\/asterix-que-vaut-l-iris-blanc-le-nouvel-album-des-aventures-du-petit-gaulois-7900313219\" title=\"Ast\u00e9rix : que vaut &quot;L&#039;Iris blanc&quot;, le nouvel album des aventures du petit gaulois ?\" target=\"_blank\" rel=\"noopener\">L&rsquo;Iris blanc<\/a>, mais m\u00eame des autres, m\u00eame si on fait un petit clin d&rsquo;\u0153il, comme on l&rsquo;a dit avec la Corse. Donc, toute cette couleur, ce paysage est vraiment diff\u00e9rent. Il fallait vraiment marquer notre diff\u00e9rence.\u00a0\u00bb<\/p>\n<p class=\"article-p mdl\">Et d&rsquo;ajouter : \u00ab\u00a0Il faut aussi \u00e9voquer, donner envie d&rsquo;ouvrir l&rsquo;album, de tourner la couverture. Et donc oui, il y a des petits indices, des choses qui nous donnent envie d&rsquo;aller un peu plus loin. On a un Ast\u00e9rix qui est un peu suspicieux. On voit bien qu&rsquo;il est en train de mener une enqu\u00eate. On a ce gars qui n&rsquo;a pas l&rsquo;air tr\u00e8s sympa, en tout cas de ne pas avoir de tr\u00e8s bons sentiments pour nos deux h\u00e9ros cach\u00e9s derri\u00e8re les arcades. Et puis on a cette ambiance g\u00e9n\u00e9rale aussi avec des Portugais qui vivent tranquillement et paisiblement \u00e0 Lisbonne\u00a0\u00bb.<\/p>\n<p>                <img decoding=\"async\" alt=\"\" class=\"media-item lazy\" src=\"https:\/\/www.europesays.com\/fr\/wp-content\/uploads\/2025\/09\/1780939-asterix-et-obelix-en-lusitanie.jpg\"\/><\/p>\n<p class=\"article-media-figcaption-title\">\n            Ast\u00e9rix et Ob\u00e9lix en Lusitanie<\/p>\n<p class=\"article-media-figcaption-credits\">\n            Cr\u00e9dit : ASTERIX OBELIX  IDEFIX 2025 HACHETTE LIVRE \/ GOSCINNY \u2013 UDERZO<\/p>\n<p class=\"article-p mdl\">Si l&rsquo;histoire est encore secr\u00e8te, la grande histoire du Portugal est pr\u00e9sente dans cette couverture, on aper\u00e7oit au loin des bateaux, tous ne sont pas portugais. \u00ab\u00a0Derri\u00e8re, dans la baie, on \u00e9voque quelque chose qui \u00e9tait une r\u00e9alit\u00e9 historique \u00e0 l&rsquo;\u00e9poque d&rsquo;Ast\u00e9rix et Ob\u00e9lix, de C\u00e9sar, c&rsquo;est que Lisbonne \u00e9tait une des plus grandes plateformes commerciales, sinon la plus grande plateforme commerciale de l&rsquo;Antiquit\u00e9. On y \u00e9changeait chevaux, garum, m\u00e9taux. C&rsquo;\u00e9tait une tr\u00e8s grande place. On \u00e9voque la mer, mais on \u00e9voque aussi ce lieu d&rsquo;\u00e9change\u00a0\u00bb, explique C\u00e9leste Surugue.<\/p>\n<p class=\"article-p mdl\">Un album \u00e0 para\u00eetre alors que le Portugal a \u00e9t\u00e9 durement touch\u00e9 d\u00e9but septembre par un\u00a0<a class=\"link\" href=\"https:\/\/www.rtl.fr\/actu\/international\/portugal-le-celebre-funiculaire-de-lisbonne-deraille-et-percute-un-batiment-plusieurs-morts-et-une-vingtaine-de-blesses-7900537337\" title=\"Portugal : le c\u00e9l\u00e8bre funiculaire de Lisbonne d\u00e9raille et percute un b\u00e2timent, au moins 15 morts sont \u00e0 d\u00e9plorer\" target=\"_blank\" rel=\"noopener\"><strong>dramatique accident de funiculaire<\/strong>.<strong>\u00a0<\/strong><\/a>\u00ab\u00a0C&rsquo;est une trag\u00e9die absolument effroyable\u00a0\u00bb, dit encore C\u00e9leste Surugue. \u00ab\u00a0On ne pouvait pas \u00eatre indiff\u00e9rent. Tout le monde savait qu&rsquo;on \u00e9tait en train de travailler sur cet album. Le voyage qu&rsquo;on a fait ici au Portugal il y a un an avec FabCaro nous a vraiment montr\u00e9 le c\u00f4t\u00e9 bienveillant, accueillant de ce peuple. Et forc\u00e9ment, on \u00e9tait aussi touch\u00e9s apr\u00e8s ce voyage et cette rencontre. Donc oui, au moment de l&rsquo;\u00e9v\u00e9nement, on a mis un petit mot sur les r\u00e9seaux sociaux pour marquer la solidarit\u00e9 d&rsquo;abord des auteurs, des ayants droit, mais aussi de nos personnages avec le peuple du Portugal, nos amis lusitaniens.\u00a0\u00bb<\/p>\n<p class=\"article-p mdl\">Ast\u00e9rix en Lusitanie arrivera en librairie le 23 octobre avec RTL\u00a0<\/p>\n<p>    La r\u00e9daction vous recommande<\/p>\n<p class=\"s-newsletter__title\">\n                L\u2019actualit\u00e9 par la r\u00e9daction de RTL dans votre bo\u00eete mail.\n            <\/p>\n<p class=\"s-newsletter__subtitle\">\n                Gr\u00e2ce \u00e0 votre compte RTL abonnez-vous \u00e0 la newsletter RTL info pour suivre toute l&rsquo;actualit\u00e9 au quotidien\n            <\/p>\n<p>\n                                    Lire la suite\n                                <\/p>\n","protected":false},"excerpt":{"rendered":"Apr\u00e8s avoir d\u00e9voil\u00e9 le 17 mars une couverture provisoire, les \u00e9ditions Albert Ren\u00e9 d\u00e9voilent la couverture d\u00e9finitive du&hellip;\n","protected":false},"author":2,"featured_media":391643,"comment_status":"","ping_status":"","sticky":false,"template":"","format":"standard","meta":{"footnotes":""},"categories":[8],"tags":[898,14103,13153,9993,58,59,2414,107,1011,27],"class_list":{"0":"post-391642","1":"post","2":"type-post","3":"status-publish","4":"format-standard","5":"has-post-thumbnail","7":"category-divertissement","8":"tag-alerte","9":"tag-asterix","10":"tag-bande-dessinee","11":"tag-bd","12":"tag-divertissement","13":"tag-entertainment","14":"tag-fil-culture","15":"tag-fil-info","16":"tag-fr","17":"tag-france"},"share_on_mastodon":{"url":"https:\/\/pubeurope.com\/@fr\/115206174213564536","error":""},"_links":{"self":[{"href":"https:\/\/www.europesays.com\/fr\/wp-json\/wp\/v2\/posts\/391642","targetHints":{"allow":["GET"]}}],"collection":[{"href":"https:\/\/www.europesays.com\/fr\/wp-json\/wp\/v2\/posts"}],"about":[{"href":"https:\/\/www.europesays.com\/fr\/wp-json\/wp\/v2\/types\/post"}],"author":[{"embeddable":true,"href":"https:\/\/www.europesays.com\/fr\/wp-json\/wp\/v2\/users\/2"}],"replies":[{"embeddable":true,"href":"https:\/\/www.europesays.com\/fr\/wp-json\/wp\/v2\/comments?post=391642"}],"version-history":[{"count":0,"href":"https:\/\/www.europesays.com\/fr\/wp-json\/wp\/v2\/posts\/391642\/revisions"}],"wp:featuredmedia":[{"embeddable":true,"href":"https:\/\/www.europesays.com\/fr\/wp-json\/wp\/v2\/media\/391643"}],"wp:attachment":[{"href":"https:\/\/www.europesays.com\/fr\/wp-json\/wp\/v2\/media?parent=391642"}],"wp:term":[{"taxonomy":"category","embeddable":true,"href":"https:\/\/www.europesays.com\/fr\/wp-json\/wp\/v2\/categories?post=391642"},{"taxonomy":"post_tag","embeddable":true,"href":"https:\/\/www.europesays.com\/fr\/wp-json\/wp\/v2\/tags?post=391642"}],"curies":[{"name":"wp","href":"https:\/\/api.w.org\/{rel}","templated":true}]}}