{"id":391649,"date":"2025-09-15T03:27:13","date_gmt":"2025-09-15T03:27:13","guid":{"rendered":"https:\/\/www.europesays.com\/fr\/391649\/"},"modified":"2025-09-15T03:27:13","modified_gmt":"2025-09-15T03:27:13","slug":"a-la-fete-de-lhumanite-un-sentiment-de-gravite-chez-la-jeunesse-engagee-mediapart","status":"publish","type":"post","link":"https:\/\/www.europesays.com\/fr\/391649\/","title":{"rendered":"\u00c0 la F\u00eate de l\u2019Humanit\u00e9, un sentiment de gravit\u00e9 chez la jeunesse engag\u00e9e &#8211; Mediapart"},"content":{"rendered":"<ol>\n<li><a href=\"https:\/\/news.google.com\/rss\/articles\/CBMivAFBVV95cUxQUmhWTDhsNndFNGk5M1JRaHJ3SkdfV2FTTzdIdURFNnRjOGszV2drVXk5SENFQXVCZEVCTFM0b2dKcU4wYnZNUVBVdWcwVXp3SDBBaWVQakUtelBkWXN5czQyMzlGbWY1S0Z3TkxXU3k2anBpUmVPRTZqUzA1eHpfYXh4dFBwaXc0TTkweUpWTDZTMjVxVTlDVmRGQTYtclZpUldTazVuNU14bjh2YW45TGl2V2p0VzFRTmU5eg?oc=5\" target=\"_blank\" rel=\"nofollow noopener\">\u00c0 la F\u00eate de l\u2019Humanit\u00e9, un sentiment de gravit\u00e9 chez la jeunesse engag\u00e9e<\/a>&nbsp;&nbsp;Mediapart<\/li>\n<li><a href=\"https:\/\/news.google.com\/rss\/articles\/CBMi6AFBVV95cUxORnF3cml2X2NYTU1OTHBES184UUF4WEFRNjh2OVRTVUFVQjZldm5PbkVpRWlmOEdNdjlzN0RMb05zWnhxTzJnS1RMT2RDclA5eDEwMUFjbmFIckNlRFB1aW1HTnZnZ1JIWTJ3MGg3RHlBLUJxLTVISmd3YVIzd0tWcm5sNlRSNHNkRnRTUmFVYjNVcUdJSkJJUzlnb19maFF5elJlTHdVUTBIU0FJM2JjYnlGOU4xdE9sWkptYXRYd29Pbkdvb1c2Q2NWanJzTDRhaC1kZmthTFZ2blVrRW5Bd2gzMjlTZWY0?oc=5\" target=\"_blank\" rel=\"nofollow noopener\">A la F\u00eate de \u00ab L\u2019Humanit\u00e9 \u00bb, les \u00ab insoumis \u00bb, en terrain conquis, fustigent les socialistes<\/a>&nbsp;&nbsp;Le Monde.fr<\/li>\n<li><a href=\"https:\/\/news.google.com\/rss\/articles\/CBMikAJBVV95cUxPTnhtbzdYU0xhcnpiRkxpcWdnc3BlQXAxSTExWFB4MEo5Q2oxZTFsN0ZwdXduaWxlY09aS1lwbWV6eDBJSVU1RmE5NnU2bHVrQ0ROLWVJZFVoVTVDMV9fNnZlT0w1eG4tVDRPeXJtX1dQUjRjd1gyWDI5cG1ERkhZWWJNYmZyM21ySFBHVDNiR1hRNDJCZFFaVi1MSVVsaUlDMS1BY1NSbmpJMFJ5b195bjl5Z21iVWgxYVUzR1NxbDdvX2hSZk9BWjJHTTE1Ull4a3ZfaFYwVkxxTFZTOGJqWXdhOUhFZWlLcmp2ZklRTUtyRC1nZjN2eHljQmx3ZC1EcTA2VVpIbVFTRVdQMVVzZA?oc=5\" target=\"_blank\" rel=\"nofollow noopener\">J\u2019aimerais comprendre les raisons qui vous poussent \u00e0 me huer\u00bb : \u00e0 la F\u00eate de l\u2019Huma, la gauche \u00e9tale ses d\u00e9saccords<\/a>&nbsp;&nbsp;Lib\u00e9ration<\/li>\n<li><a href=\"https:\/\/news.google.com\/rss\/articles\/CBMiogJBVV95cUxOUXlETllLQzVQY1pMZ21LckFlcU1sam16RmFvNHplR0wwTVpJVG80NlBIOVZlSG1jMVViVDlHTklPM28zS2psajIyLXkyOHB3NWJOamFqN2ZBWkYwM0FLN0k4eS1IcHNvTzI4d1JZSWJuZTRpejR3dTBwYlFXR2RMdXhnRjFBSlE2bUFnSTc4dHE2NjB6Yll3RlA5blZzWXZKQmxubjhhSHp5cXlWeVZjNWhQejJSLVVXMGJJQ054YVhBZUwybi1uOHREb3NUNExfYjZYX0RQSW55M3RqcWxQVlVRUzdINFNMWTJRMUNOZHhLMVkyQXR1Zk5ob182VFBOdWRrdWJ5ZzlyV3BfMnNxNHV6cndlVDlQbi1hSVpkZkNndw?oc=5\" target=\"_blank\" rel=\"nofollow noopener\">Historique : la F\u00eate de l\u2019Humanit\u00e9 bat son record d\u2019affluence avec 610 000 visiteurs<\/a>&nbsp;&nbsp;L&rsquo;Humanit\u00e9<\/li>\n<li><a href=\"https:\/\/news.google.com\/rss\/articles\/CBMikwFBVV95cUxNTVd4OHQzY1FPaGZpZGZHN2U1N09oVGpnSXppbWZlTjdjaVZkQUF3amcyWWdhcjFHQ2c1NXNDa0RmT1QxMXFaVXAyMFFKRk1hZ09VNXFBVktLXzQzTmVPZzNpcU1HREZwZDJ4dXN6MXhCdEhWR0paY1RERmNDNDhydjdtX0FxSElGR0h1VkkyVWFLaWc?oc=5\" target=\"_blank\" rel=\"nofollow noopener\">Peut-on aller \u00e0 la F\u00eate de l&rsquo;Huma et \u00eatre de droite ?<\/a>&nbsp;&nbsp;20 Minutes<\/li>\n<\/ol>\n","protected":false},"excerpt":{"rendered":"\u00c0 la F\u00eate de l\u2019Humanit\u00e9, un sentiment de gravit\u00e9 chez la jeunesse engag\u00e9e&nbsp;&nbsp;Mediapart A la F\u00eate de \u00ab&hellip;\n","protected":false},"author":2,"featured_media":391650,"comment_status":"","ping_status":"","sticky":false,"template":"","format":"standard","meta":{"footnotes":""},"categories":[4],"tags":[11,13797,1076,52079,1011,27,7740,2338,12,3541,25],"class_list":{"0":"post-391649","1":"post","2":"type-post","3":"status-publish","4":"format-standard","5":"has-post-thumbnail","7":"category-france","8":"tag-actualites","9":"tag-antifascisme","10":"tag-extreme-droite","11":"tag-fete-de-lhumanite","12":"tag-fr","13":"tag-france","14":"tag-gauches","15":"tag-la-france-insoumise","16":"tag-news","17":"tag-parti-socialiste","18":"tag-republique-francaise"},"share_on_mastodon":{"url":"https:\/\/pubeurope.com\/@fr\/115206189429644587","error":""},"_links":{"self":[{"href":"https:\/\/www.europesays.com\/fr\/wp-json\/wp\/v2\/posts\/391649","targetHints":{"allow":["GET"]}}],"collection":[{"href":"https:\/\/www.europesays.com\/fr\/wp-json\/wp\/v2\/posts"}],"about":[{"href":"https:\/\/www.europesays.com\/fr\/wp-json\/wp\/v2\/types\/post"}],"author":[{"embeddable":true,"href":"https:\/\/www.europesays.com\/fr\/wp-json\/wp\/v2\/users\/2"}],"replies":[{"embeddable":true,"href":"https:\/\/www.europesays.com\/fr\/wp-json\/wp\/v2\/comments?post=391649"}],"version-history":[{"count":0,"href":"https:\/\/www.europesays.com\/fr\/wp-json\/wp\/v2\/posts\/391649\/revisions"}],"wp:featuredmedia":[{"embeddable":true,"href":"https:\/\/www.europesays.com\/fr\/wp-json\/wp\/v2\/media\/391650"}],"wp:attachment":[{"href":"https:\/\/www.europesays.com\/fr\/wp-json\/wp\/v2\/media?parent=391649"}],"wp:term":[{"taxonomy":"category","embeddable":true,"href":"https:\/\/www.europesays.com\/fr\/wp-json\/wp\/v2\/categories?post=391649"},{"taxonomy":"post_tag","embeddable":true,"href":"https:\/\/www.europesays.com\/fr\/wp-json\/wp\/v2\/tags?post=391649"}],"curies":[{"name":"wp","href":"https:\/\/api.w.org\/{rel}","templated":true}]}}