{"id":391651,"date":"2025-09-15T03:28:15","date_gmt":"2025-09-15T03:28:15","guid":{"rendered":"https:\/\/www.europesays.com\/fr\/391651\/"},"modified":"2025-09-15T03:28:15","modified_gmt":"2025-09-15T03:28:15","slug":"presnel-kimpembe-un-dernier-hommage-au-parc-des-princes","status":"publish","type":"post","link":"https:\/\/www.europesays.com\/fr\/391651\/","title":{"rendered":"Presnel Kimpembe, un dernier hommage au Parc des Princes"},"content":{"rendered":"<p>Une c\u00e9l\u00e9bration \u00e0 la hauteur de son empreinte<\/p>\n<p class=\"typography-paragraph mb-4 md:mb-6\">Le pr\u00e9sident Nasser Al-Khela\u00effi a remis \u00e0 Presnel Kimpembe une distinction en hommage \u00e0 son parcours et \u00e0 son num\u00e9ro 3 historique, devant ses co\u00e9quipiers et l\u2019ensemble du staff. Dans un discours charg\u00e9 d\u2019\u00e9motion, Presko n&rsquo;a pas manqu\u00e9 de remercier le club, retra\u00e7ant son parcours et exprimant sa gratitude\u00a0: \u00ab\u202fCe n\u2019est pas facile pour moi aujourd\u2019hui mais je voulais vous dire \u00e0 vous tous, merci pour les \u00e9motions au sein de ce club, les valeurs inculqu\u00e9es, le respect. C\u2019est une victoire d\u2019\u00eatre l\u00e0 ce soir parce que je me suis bagarr\u00e9 toutes ces ann\u00e9es. J\u2019ai ma famille qui est pr\u00e9sente ici aujourd\u2019hui. <\/p>\n<p class=\"typography-paragraph mb-4 md:mb-6\">Je suis tr\u00e8s fier d\u2019avoir port\u00e9 ce maillot, d\u2019avoir respect\u00e9 ses valeurs et ses couleurs. Je suis aussi tr\u00e8s fier de vous avoir tous rendu heureux, surtout ma famille et ma m\u00e8re. Merci \u00e0 tous, au club et \u00e0 tous ceux qui ont travaill\u00e9 au club, les encadrants, les salari\u00e9s, \u00e0 mon Pr\u00e9sident qui a \u00e9t\u00e9 tr\u00e8s sp\u00e9cial avec moi durant mon s\u00e9jour ici, merci \u00e0 la direction, \u00e0 mes co\u00e9quipiers. Merci \u00e0 toutes les personnes qui travaillent ici. Je vous aime tous. Merci.\u202f\u00bb<\/p>\n","protected":false},"excerpt":{"rendered":"Une c\u00e9l\u00e9bration \u00e0 la hauteur de son empreinte Le pr\u00e9sident Nasser Al-Khela\u00effi a remis \u00e0 Presnel Kimpembe une&hellip;\n","protected":false},"author":2,"featured_media":391652,"comment_status":"","ping_status":"","sticky":false,"template":"","format":"standard","meta":{"footnotes":""},"categories":[2],"tags":[11,1011,27,12],"class_list":{"0":"post-391651","1":"post","2":"type-post","3":"status-publish","4":"format-standard","5":"has-post-thumbnail","7":"category-actualites","8":"tag-actualites","9":"tag-fr","10":"tag-france","11":"tag-news"},"share_on_mastodon":{"url":"https:\/\/pubeurope.com\/@fr\/115206193317463454","error":""},"_links":{"self":[{"href":"https:\/\/www.europesays.com\/fr\/wp-json\/wp\/v2\/posts\/391651","targetHints":{"allow":["GET"]}}],"collection":[{"href":"https:\/\/www.europesays.com\/fr\/wp-json\/wp\/v2\/posts"}],"about":[{"href":"https:\/\/www.europesays.com\/fr\/wp-json\/wp\/v2\/types\/post"}],"author":[{"embeddable":true,"href":"https:\/\/www.europesays.com\/fr\/wp-json\/wp\/v2\/users\/2"}],"replies":[{"embeddable":true,"href":"https:\/\/www.europesays.com\/fr\/wp-json\/wp\/v2\/comments?post=391651"}],"version-history":[{"count":0,"href":"https:\/\/www.europesays.com\/fr\/wp-json\/wp\/v2\/posts\/391651\/revisions"}],"wp:featuredmedia":[{"embeddable":true,"href":"https:\/\/www.europesays.com\/fr\/wp-json\/wp\/v2\/media\/391652"}],"wp:attachment":[{"href":"https:\/\/www.europesays.com\/fr\/wp-json\/wp\/v2\/media?parent=391651"}],"wp:term":[{"taxonomy":"category","embeddable":true,"href":"https:\/\/www.europesays.com\/fr\/wp-json\/wp\/v2\/categories?post=391651"},{"taxonomy":"post_tag","embeddable":true,"href":"https:\/\/www.europesays.com\/fr\/wp-json\/wp\/v2\/tags?post=391651"}],"curies":[{"name":"wp","href":"https:\/\/api.w.org\/{rel}","templated":true}]}}