{"id":391661,"date":"2025-09-15T03:42:36","date_gmt":"2025-09-15T03:42:36","guid":{"rendered":"https:\/\/www.europesays.com\/fr\/391661\/"},"modified":"2025-09-15T03:42:36","modified_gmt":"2025-09-15T03:42:36","slug":"ligue-2-on-na-jamais-rien-lache-dans-la-douleur-le-gf38-soffre-une-premiere-victoire-face-a-dunkerque","status":"publish","type":"post","link":"https:\/\/www.europesays.com\/fr\/391661\/","title":{"rendered":"Ligue 2. \u00ab On n\u2019a jamais rien l\u00e2ch\u00e9\u00a0\u00bb :\u00a0dans la douleur, le GF38 s\u2019offre une premi\u00e8re victoire face \u00e0 Dunkerque"},"content":{"rendered":"<p class=\"insetTitle\">Les r\u00e9actions<\/p>\n<p><strong>Stone Mambo (Grenoble, d\u00e9fenseur central)<\/strong>\u00a0: \u00ab\u00a0Ce r\u00e9sultat, \u00e7a a \u00e9t\u00e9 dans la douleur, c\u2019est vrai, mais \u00e7a r\u00e9compense le travail de tout le monde depuis le d\u00e9but de la saison. On a fait beaucoup d\u2019efforts, dans la continuit\u00e9 de Saint-Etienne, et \u00e7a fait du bien de gagner cette premi\u00e8re victoire. Mon but\u00a0? \u00e7a fait plaisir, bien s\u00fbr. Mais surtout de la victoire, \u00e7a fait du bien \u00e0 tout le monde. On est content mais on va vite repartir au travail, pour essayer de capitaliser sur cette victoire.\u00a0\u00bb<\/p>\n<p><strong>Franck Rizzetto (Grenoble, entra\u00eeneur)<\/strong>\u00a0: \u00ab\u00a0Tout le monde attendait \u00e7a (une premi\u00e8re victoire), les joueurs les premiers. On a \u00e9t\u00e9 dans la continuit\u00e9 de Saint-Etienne (match nul 1-1, fin ao\u00fbt), dans la g\u00e9n\u00e9rosit\u00e9, dans le bloc et dans le fait de ne rien laisser \u00e0 l\u2019adversaire. J\u2019esp\u00e8re que la victoire va nous amener de la confiance pour mieux utiliser le ballon par la suite. C\u2019est vrai que, en 2e mi-temps, on a \u00e9norm\u00e9ment souffert, on n\u2019a pas pu tenir le ballon. Mais on n\u2019a jamais rien l\u00e2ch\u00e9, avec le soutien de nos supporters. \u00c7a fait 4 points en deux matchs, c\u2019est bien. Je suis surtout content pour les joueurs.\u00a0\u00bb<\/p>\n<p><strong>Albert Sanchez (Dunkerque, entra\u00eeneur)<\/strong>\u00a0: \u00ab\u00a0On a commenc\u00e9 le match vingt minutes trop tard et c\u2019est ma responsabilit\u00e9. C\u2019est impossible de commencer un match comme \u00e7a, aussi tardivement, avec aussi peu d\u2019intensit\u00e9, sans mentalit\u00e9. Pourquoi \u00e7a s\u2019est pass\u00e9\u00a0? Je ne sais pas. On s\u2019\u00e9tait dit qu\u2019il fallait mettre la m\u00eame intensit\u00e9 et la m\u00eame forme de jeu que la derni\u00e8re fois contre Troyes (2-0). Mais aujourd\u2019hui, on a mal commenc\u00e9, sans concentration et sans mentalit\u00e9. En plus, on savait que les coups de pied arr\u00eat\u00e9s \u00e9taient un point fort de Grenoble. A partir du moment o\u00f9 ils ont men\u00e9 1-0, ils (les Is\u00e9rois) ont fait leur jeu et c\u2019\u00e9tait compliqu\u00e9 pour nous. On n\u2019a pas r\u00e9ussi \u00e0 marquer un but.\u00a0\u00bb<\/p>\n<p class=\"insetSignature\">Recueilli par F.Co. <\/p>\n","protected":false},"excerpt":{"rendered":"Les r\u00e9actions Stone Mambo (Grenoble, d\u00e9fenseur central)\u00a0: \u00ab\u00a0Ce r\u00e9sultat, \u00e7a a \u00e9t\u00e9 dans la douleur, c\u2019est vrai, mais&hellip;\n","protected":false},"author":2,"featured_media":391662,"comment_status":"","ping_status":"","sticky":false,"template":"","format":"standard","meta":{"footnotes":""},"categories":[9566],"tags":[1111,11,2430,112,113,114,1777,674,107,1701,63,1011,27,12637,2731,2732,108,12636,12,25,517,1947],"class_list":{"0":"post-391661","1":"post","2":"type-post","3":"status-publish","4":"format-standard","5":"has-post-thumbnail","7":"category-grenoble","8":"tag-actu","9":"tag-actualites","10":"tag-auvergne-rhone-alpes","11":"tag-edition-grenoble-agglomeration","12":"tag-edition-gresivaudan-oisans","13":"tag-edition-voiron-saint-marcellin","14":"tag-eu","15":"tag-europe","16":"tag-fil-info","17":"tag-fil-info-sport","18":"tag-football","19":"tag-fr","20":"tag-france","21":"tag-gf38-grenoble-foot-38","22":"tag-grenoble","23":"tag-grenoble-bassin","24":"tag-isere","25":"tag-ligue-2-football","26":"tag-news","27":"tag-republique-francaise","28":"tag-sport","29":"tag-sport-national"},"share_on_mastodon":{"url":"https:\/\/pubeurope.com\/@fr\/115206248551821656","error":""},"_links":{"self":[{"href":"https:\/\/www.europesays.com\/fr\/wp-json\/wp\/v2\/posts\/391661","targetHints":{"allow":["GET"]}}],"collection":[{"href":"https:\/\/www.europesays.com\/fr\/wp-json\/wp\/v2\/posts"}],"about":[{"href":"https:\/\/www.europesays.com\/fr\/wp-json\/wp\/v2\/types\/post"}],"author":[{"embeddable":true,"href":"https:\/\/www.europesays.com\/fr\/wp-json\/wp\/v2\/users\/2"}],"replies":[{"embeddable":true,"href":"https:\/\/www.europesays.com\/fr\/wp-json\/wp\/v2\/comments?post=391661"}],"version-history":[{"count":0,"href":"https:\/\/www.europesays.com\/fr\/wp-json\/wp\/v2\/posts\/391661\/revisions"}],"wp:featuredmedia":[{"embeddable":true,"href":"https:\/\/www.europesays.com\/fr\/wp-json\/wp\/v2\/media\/391662"}],"wp:attachment":[{"href":"https:\/\/www.europesays.com\/fr\/wp-json\/wp\/v2\/media?parent=391661"}],"wp:term":[{"taxonomy":"category","embeddable":true,"href":"https:\/\/www.europesays.com\/fr\/wp-json\/wp\/v2\/categories?post=391661"},{"taxonomy":"post_tag","embeddable":true,"href":"https:\/\/www.europesays.com\/fr\/wp-json\/wp\/v2\/tags?post=391661"}],"curies":[{"name":"wp","href":"https:\/\/api.w.org\/{rel}","templated":true}]}}