{"id":391681,"date":"2025-09-15T03:56:40","date_gmt":"2025-09-15T03:56:40","guid":{"rendered":"https:\/\/www.europesays.com\/fr\/391681\/"},"modified":"2025-09-15T03:56:40","modified_gmt":"2025-09-15T03:56:40","slug":"ethan-mbappe-heroique-giroud-dans-un-mauvais-jour-les-tops-et-flops","status":"publish","type":"post","link":"https:\/\/www.europesays.com\/fr\/391681\/","title":{"rendered":"Ethan Mbapp\u00e9 h\u00e9ro\u00efque, Giroud dans un mauvais jour&#8230; Les tops et flops"},"content":{"rendered":"<p><strong>TOPS\/FLOPS \u2013 <\/strong>Le but salvateur de Mbapp\u00e9, le match solide de D\u00f6nnum ou les difficult\u00e9s de Giroud\u00a0: retrouvez ce qui a retenu l\u2019attention de la r\u00e9daction apr\u00e8s la victoire de Lille face \u00e0 Toulouse (2-1).<\/p>\n<p class=\"fig-paragraph\"><strong>TOPS<\/strong><\/p>\n<p>Ethan Mbapp\u00e9 f\u00eate son retour<\/p>\n<p class=\"fig-paragraph\">On l\u2019avait quitt\u00e9\u00a0<a href=\"http:\/\/www.lefigaro.fr\/sports\/football\/ligue-1\/ligue-1-tombeur-d-angers-lille-prend-une-grosse-option-dans-la-course-a-la-ligue-des-champions-20250427\" data-fig-type=\"NewsFlash\" data-gtm-custom-categorie=\"navigation\" data-gtm-custom-action=\"crossclick\" data-gtm-custom-label=\"Contextuel\" data-gtm-event=\"customEventSPE\" data-fig-domain=\"LEFIGARO\" target=\"_blank\" rel=\"noopener\">sur une civi\u00e8re en avril dernier<\/a>, pour une blessure \u00e0 l\u2019ischio-jambier qui lui avait valu une op\u00e9ration. Ethan Mbapp\u00e9 a retrouv\u00e9 les terrains ce dimanche et l\u2019a f\u00eat\u00e9 avec son premier but chez les professionnels. Le petit fr\u00e8re de Kylian, \u00e2g\u00e9 de 18 ans, est entr\u00e9 \u00e0 la 81e minute et \u00e9tait au bon endroit au bon moment dans le temps additionnel.<\/p>\n<p>                                    <a class=\"fig-a11y-skip a11y-hidden\" href=\"#fig-a11y-skip-main-inarticle\"><br \/>\n        Passer la publicit\u00e9<br \/>\n    <\/a><\/p>\n<p class=\"fig-paragraph\">Le milieu lillois a repris de vol\u00e9e un centre piqu\u00e9 d\u2019Osame Sahraoui. Une frappe surpuissante du gauche qui n\u2019a laiss\u00e9 aucun espoir \u00e0 Guillaume Restes (90e+8). Le but\u00a0<a href=\"http:\/\/www.lefigaro.fr\/sports\/football\/ligue-1\/ligue-1-ethan-mbappe-offre-la-victoire-au-losc-de-giroud-contre-toulouse-20250914\" data-fig-type=\"NewsFlash\" data-gtm-custom-categorie=\"navigation\" data-gtm-custom-action=\"crossclick\" data-gtm-custom-label=\"Contextuel\" data-gtm-event=\"customEventSPE\" data-fig-domain=\"LEFIGARO\" target=\"_blank\" rel=\"noopener\">de la victoire pour le LOSC<\/a>, dont les supporters n\u2019ont manqu\u00e9 de chanter le nom de Mbapp\u00e9.<\/p>\n<p>D\u00f6nnum a mouill\u00e9 le maillot<\/p>\n<p class=\"fig-paragraph\">On ne lui reprochera ni son engagement, ni son volume de jeu, et pas m\u00eame sa qualit\u00e9 technique. Aron D\u00f6nnum \u00e9tait partout pour les Violets, aussi bien avec que sans le ballon. Il \u00e9tait d\u2019ailleurs le Toulousain qui en a touch\u00e9 le plus (54) et le deuxi\u00e8me \u00e0 en avoir r\u00e9cup\u00e9r\u00e9 le plus (8).<\/p>\n<p class=\"fig-paragraph\">En plus de son activit\u00e9 incessante et de ses centres dangereux, il a forc\u00e9 Berke \u00d6zer \u00e0 une belle parade d\u2019une frappe lointaine (72e) et a failli se muer en passeur d\u00e9cisif pour Dayann Methalie (74e). Des efforts qui n\u2019auront pas pay\u00e9.<\/p>\n<p class=\"fig-paragraph\"><strong>FLOPS<\/strong><\/p>\n<p>Giroud a pioch\u00e9<\/p>\n<p class=\"fig-paragraph\">Il avait d\u00e9marr\u00e9 tambour battant, dans ses mouvements et son pressing. Puis, comme on l\u2019a d\u00e9j\u00e0 vu cette saison, il s\u2019est progressivement \u00e9teint au fil du match, qu\u2019il a tout de m\u00eame jou\u00e9 dans son int\u00e9gralit\u00e9. Olivier Giroud n\u2019a pas \u00e9t\u00e9 en r\u00e9ussite ce dimanche, que ce soit sur une vol\u00e9e contr\u00e9e dans la surface (23e), une t\u00eate \u00e0 c\u00f4t\u00e9 (32e) ou sur une frappe pr\u00e9cise et brillamment d\u00e9tourn\u00e9e par Restes (47e). Peut-\u00eatre orphelin d\u2019Hakon Haraldsson pour jouer au mieux ce r\u00f4le de fixation dos au but.<\/p>\n<p>                                    <a class=\"fig-a11y-skip a11y-hidden\" href=\"#fig-a11y-skip-main-inarticle_mtf\"><br \/>\n        Passer la publicit\u00e9<br \/>\n    <\/a><\/p>\n<p>Une premi\u00e8re p\u00e9riode \u00e0 oublier<\/p>\n<p class=\"fig-paragraph\">Pas s\u00fbr que Bruno Genesio et Carles Martinez Novell aient envie de revoir les 45 premi\u00e8res minutes de la rencontre. Lille a surdomin\u00e9 les d\u00e9bats avec les plus grandes difficult\u00e9s \u00e0 s\u2019inviter dans la surface adverse, et surtout \u00e0 viser juste (12 tirs, un cadr\u00e9). Le TFC n\u2019a pas eu ce probl\u00e8me de pr\u00e9cision puisqu\u2019il n\u2019a&#8230; m\u00eame pas tir\u00e9 en premi\u00e8re p\u00e9riode.<\/p>\n","protected":false},"excerpt":{"rendered":"TOPS\/FLOPS \u2013 Le but salvateur de Mbapp\u00e9, le match solide de D\u00f6nnum ou les difficult\u00e9s de Giroud\u00a0: retrouvez&hellip;\n","protected":false},"author":2,"featured_media":391682,"comment_status":"","ping_status":"","sticky":false,"template":"","format":"standard","meta":{"footnotes":""},"categories":[2815],"tags":[1111,11,1777,674,1011,27,811,1307,2267,12,25,8512],"class_list":{"0":"post-391681","1":"post","2":"type-post","3":"status-publish","4":"format-standard","5":"has-post-thumbnail","7":"category-lille","8":"tag-actu","9":"tag-actualites","10":"tag-eu","11":"tag-europe","12":"tag-fr","13":"tag-france","14":"tag-hauts-de-france","15":"tag-lille","16":"tag-losc","17":"tag-news","18":"tag-republique-francaise","19":"tag-toulouse-fc"},"share_on_mastodon":{"url":"https:\/\/pubeurope.com\/@fr\/115206303918924586","error":""},"_links":{"self":[{"href":"https:\/\/www.europesays.com\/fr\/wp-json\/wp\/v2\/posts\/391681","targetHints":{"allow":["GET"]}}],"collection":[{"href":"https:\/\/www.europesays.com\/fr\/wp-json\/wp\/v2\/posts"}],"about":[{"href":"https:\/\/www.europesays.com\/fr\/wp-json\/wp\/v2\/types\/post"}],"author":[{"embeddable":true,"href":"https:\/\/www.europesays.com\/fr\/wp-json\/wp\/v2\/users\/2"}],"replies":[{"embeddable":true,"href":"https:\/\/www.europesays.com\/fr\/wp-json\/wp\/v2\/comments?post=391681"}],"version-history":[{"count":0,"href":"https:\/\/www.europesays.com\/fr\/wp-json\/wp\/v2\/posts\/391681\/revisions"}],"wp:featuredmedia":[{"embeddable":true,"href":"https:\/\/www.europesays.com\/fr\/wp-json\/wp\/v2\/media\/391682"}],"wp:attachment":[{"href":"https:\/\/www.europesays.com\/fr\/wp-json\/wp\/v2\/media?parent=391681"}],"wp:term":[{"taxonomy":"category","embeddable":true,"href":"https:\/\/www.europesays.com\/fr\/wp-json\/wp\/v2\/categories?post=391681"},{"taxonomy":"post_tag","embeddable":true,"href":"https:\/\/www.europesays.com\/fr\/wp-json\/wp\/v2\/tags?post=391681"}],"curies":[{"name":"wp","href":"https:\/\/api.w.org\/{rel}","templated":true}]}}