{"id":391687,"date":"2025-09-15T03:59:24","date_gmt":"2025-09-15T03:59:24","guid":{"rendered":"https:\/\/www.europesays.com\/fr\/391687\/"},"modified":"2025-09-15T03:59:24","modified_gmt":"2025-09-15T03:59:24","slug":"metropole-de-lyon-les-idees-cadeaux-foisonnent-dans-ce-nouveau-concept-store-du-val-de-saone","status":"publish","type":"post","link":"https:\/\/www.europesays.com\/fr\/391687\/","title":{"rendered":"M\u00e9tropole de Lyon. Les id\u00e9es cadeaux foisonnent dans ce nouveau concept store du Val de Sa\u00f4ne"},"content":{"rendered":"<p>Fontaines Corner, c\u2019est le nouveau <a href=\"https:\/\/www.leprogres.fr\/economie\/2025\/09\/09\/quatre-nouvelles-marques-obtiennent-la-licence-ville-de-lyon-et-proposeront-des-produits-inedits\" target=\"_blank\" rel=\"noopener\">concept store<\/a> du Val de Sa\u00f4ne cr\u00e9e par la marque Lyonnaise Skimp qui vient d\u2019ouvrir ses portes place de la Libert\u00e9, \u00e0 Fontaines-sur-Sa\u00f4ne.<\/p>\n<p>On y trouve des petits cadeaux, des accessoires de mode et des objets d\u00e9co d\u00e8s 20\u00a0euros, jusqu\u2019\u00e0 des pi\u00e8ces uniques plus exceptionnelles, \u00e0 l\u2019instar de ce collier en pierres semi-pr\u00e9cieuses \u00e0 800\u00a0euros de l\u2019artiste allemande Naomi K.<\/p>\n<p>\u00ab\u00a0Chez Fontaines corner, les clients trouveront des objets fun et disponibles uniquement en petite&#8230;<\/p>\n","protected":false},"excerpt":{"rendered":"Fontaines Corner, c\u2019est le nouveau concept store du Val de Sa\u00f4ne cr\u00e9e par la marque Lyonnaise Skimp qui&hellip;\n","protected":false},"author":2,"featured_media":391688,"comment_status":"","ping_status":"","sticky":false,"template":"","format":"standard","meta":{"footnotes":""},"categories":[1889],"tags":[1111,11,2430,4406,33,3153,1777,674,7217,1011,27,2428,7218,12,25,2429,3151],"class_list":{"0":"post-391687","1":"post","2":"type-post","3":"status-publish","4":"format-standard","5":"has-post-thumbnail","7":"category-lyon","8":"tag-actu","9":"tag-actualites","10":"tag-auvergne-rhone-alpes","11":"tag-commerce-et-services","12":"tag-economie","13":"tag-edition-ouest-lyonnais","14":"tag-eu","15":"tag-europe","16":"tag-fontaines-sur-saone","17":"tag-fr","18":"tag-france","19":"tag-lyon","20":"tag-neuville-sur-saone-bassin","21":"tag-news","22":"tag-republique-francaise","23":"tag-rhone","24":"tag-selection-de-la-redaction-69"},"share_on_mastodon":{"url":"https:\/\/pubeurope.com\/@fr\/115206315306312106","error":""},"_links":{"self":[{"href":"https:\/\/www.europesays.com\/fr\/wp-json\/wp\/v2\/posts\/391687","targetHints":{"allow":["GET"]}}],"collection":[{"href":"https:\/\/www.europesays.com\/fr\/wp-json\/wp\/v2\/posts"}],"about":[{"href":"https:\/\/www.europesays.com\/fr\/wp-json\/wp\/v2\/types\/post"}],"author":[{"embeddable":true,"href":"https:\/\/www.europesays.com\/fr\/wp-json\/wp\/v2\/users\/2"}],"replies":[{"embeddable":true,"href":"https:\/\/www.europesays.com\/fr\/wp-json\/wp\/v2\/comments?post=391687"}],"version-history":[{"count":0,"href":"https:\/\/www.europesays.com\/fr\/wp-json\/wp\/v2\/posts\/391687\/revisions"}],"wp:featuredmedia":[{"embeddable":true,"href":"https:\/\/www.europesays.com\/fr\/wp-json\/wp\/v2\/media\/391688"}],"wp:attachment":[{"href":"https:\/\/www.europesays.com\/fr\/wp-json\/wp\/v2\/media?parent=391687"}],"wp:term":[{"taxonomy":"category","embeddable":true,"href":"https:\/\/www.europesays.com\/fr\/wp-json\/wp\/v2\/categories?post=391687"},{"taxonomy":"post_tag","embeddable":true,"href":"https:\/\/www.europesays.com\/fr\/wp-json\/wp\/v2\/tags?post=391687"}],"curies":[{"name":"wp","href":"https:\/\/api.w.org\/{rel}","templated":true}]}}