{"id":391692,"date":"2025-09-15T04:04:12","date_gmt":"2025-09-15T04:04:12","guid":{"rendered":"https:\/\/www.europesays.com\/fr\/391692\/"},"modified":"2025-09-15T04:04:12","modified_gmt":"2025-09-15T04:04:12","slug":"ligue-1-avant-leurope-paris-gagne-et-sinquiete","status":"publish","type":"post","link":"https:\/\/www.europesays.com\/fr\/391692\/","title":{"rendered":"Ligue 1: Avant l\u2019Europe, Paris gagne\u2026 et s\u2019inqui\u00e8te"},"content":{"rendered":"<p class=\"a-paragraph a-paragraph--lead\" data-t-name=\"Paragraph\">Gr\u00e2ce \u00e0 un doubl\u00e9 de Bradley Barcola, le PSG a encha\u00een\u00e9 une quatri\u00e8me victoire en autant de rencontres dimanche face \u00e0 Lens (2-0) lors de la 4e journ\u00e9e de Ligue 1, mais d\u00e9plore trois nouveaux bless\u00e9s, trois jours avant d&rsquo;entamer sa campagne de Ligue des champions.<\/p>\n<p>  <img decoding=\"async\" class=\"m-image-and-caption__image lazyload\" alt=\"Quatri\u00e8me succ\u00e8s de rang pour Paris, mais trois nouveaux bless\u00e9s.\" src=\"https:\/\/www.europesays.com\/fr\/wp-content\/uploads\/2025\/09\/04442711-04b6-4886-b0eb-b54953df0404.jpeg\"  data-\/><\/p>\n<p>      Quatri\u00e8me succ\u00e8s de rang pour Paris, mais trois nouveaux bless\u00e9s.<\/p>\n<p>        EPA\n      <\/p>\n<p class=\"a-paragraph\" data-t-name=\"Paragraph\">En t\u00eate du championnat avec 12 points, Paris devance Lille (2e, 10 pts), vainqueur de Toulouse \u00e0 domicile 2-1, tandis que Lyon (4e, 9 pts) s&rsquo;est sabord\u00e9 \u00e0 Rennes (3-1) en cl\u00f4ture de la journ\u00e9e.<\/p>\n<p class=\"a-paragraph\" data-t-name=\"Paragraph\">Barcola a ouvert le score gr\u00e2ce \u00e0 une superbe frappe enroul\u00e9e (15e) avant de doubler la mise en deuxi\u00e8me p\u00e9riode d&rsquo;un tir \u00e0 ras de terre (51e). Avec trois buts inscrits cette saison, il rejoint notamment son co\u00e9quipier Joao Neves en t\u00eate des meilleurs buteurs du championnat.<\/p>\n<p class=\"a-paragraph\" data-t-name=\"Paragraph\">Mais la rencontre du PSG a \u00e9t\u00e9 ternie par les sorties sur blessures de Khvicha Kvaratskhelia, Lee Kang-in et Lucas Beraldo, alors que les champions d&rsquo;Europe devront d\u00e9j\u00e0 faire sans D\u00e9sir\u00e9 Dou\u00e9 et Ousmane Demb\u00e9l\u00e9 face \u00e0 l&rsquo;Atalanta Bergame mercredi.<\/p>\n<p class=\"a-paragraph\" data-t-name=\"Paragraph\">Paris a tout de m\u00eame profit\u00e9 de la rencontre pour organiser une c\u00e9r\u00e9monie d&rsquo;adieux \u00e0 un \u00abtiti\u00bb historique, Presnel Kimpembe, qui a quitt\u00e9 le club en d\u00e9but de saison, 20 ans apr\u00e8s y \u00eatre arriv\u00e9 pour le Qatar SC.<\/p>\n<p class=\"a-paragraph\" data-t-name=\"Paragraph\">Plus t\u00f4t dans la journ\u00e9e, Lille, apathique, men\u00e9, puis renversant, a arrach\u00e9 la victoire in extremis face \u00e0 Toulouse (2-1) gr\u00e2ce \u00e0 un but d&rsquo;Ethan Mbapp\u00e9, dans la derni\u00e8re minute du temps additionnel (90e+8) au Stade Pierre-Mauroy.<\/p>\n<p class=\"a-paragraph\" data-t-name=\"Paragraph\">Apr\u00e8s la gifle re\u00e7ue face aux Parisiens (6-3) avant la tr\u00eave internationale, Toulouse chute \u00e0 nouveau, et occupe la dixi\u00e8me position (six points).<\/p>\n<p class=\"a-paragraph\" data-t-name=\"Paragraph\">Lors du dernier match de la journ\u00e9e, Lyon qui restait sur trois victoires en trois rencontres, se dirigeait vers un nouveau succ\u00e8s \u00e0 dix minutes de la fin face \u00e0 Rennes, mais a coul\u00e9 \u00e0 la suite de l&rsquo;expulsion \u00e9vitable de Tyler Morton (1-3).<\/p>\n<p class=\"a-paragraph\" data-t-name=\"Paragraph\">Le jeune Kader Me\u00eft\u00e9, 17 ans, sorti du banc, a \u00e9t\u00e9 le d\u00e9tonateur rennais, en inscrivant un doubl\u00e9 dans le temps additionnel. Avec sept points, les joueurs de Habib Beye sont seuls 6e du championnat.<\/p>\n<p class=\"a-paragraph\" data-t-name=\"Paragraph\">Vainqueur de son premier match en Ligue 1 \u00e0 domicile face \u00e0 Metz, le Paris FC, ambitieux promu, a obtenu son premier succ\u00e8s \u00e0 ext\u00e9rieur en s&rsquo;imposant 2-1 \u00e0 Brest pour le retour de Pierre Lees-Melou \u00e0 Francis-Le Bl\u00e9.<\/p>\n<p class=\"a-paragraph\" data-t-name=\"Paragraph\">Les Parisiens, d\u00e9sormais 10e de Ligue 1, ont fait la diff\u00e9rence en premi\u00e8re p\u00e9riode gr\u00e2ce \u00e0 Willem Geubbels (14e) et Vincent Marchetti (34e), avant de r\u00e9sister en seconde p\u00e9riode aux assauts brestois.<\/p>\n<p class=\"a-paragraph\" data-t-name=\"Paragraph\">Les Bretons qui ont but\u00e9 sur le gardien parisien, Obed Nkambadio, en feu, n&rsquo;ont toujours pas gagn\u00e9 cette saison tout comme Metz, rejoint par Angers dans le temps additionnel (1-1), apr\u00e8s un p\u00e9nalty de Himad Abdelli.<\/p>\n<p class=\"a-paragraph\" data-t-name=\"Paragraph\">Dans le temps additionnel \u00e9galement, sur p\u00e9nalty aussi (de Joaquin Panichelli 90e+1), Strasbourg est venu \u00e0 bout du Havre \u00e0 domicile et occupe la 5e place du championnat.<\/p>\n","protected":false},"excerpt":{"rendered":"Gr\u00e2ce \u00e0 un doubl\u00e9 de Bradley Barcola, le PSG a encha\u00een\u00e9 une quatri\u00e8me victoire en autant de rencontres&hellip;\n","protected":false},"author":2,"featured_media":391693,"comment_status":"","ping_status":"","sticky":false,"template":"","format":"standard","meta":{"footnotes":""},"categories":[1888],"tags":[1111,1928,11,1927,1777,674,1011,27,12,1926,626,1925,25],"class_list":{"0":"post-391692","1":"post","2":"type-post","3":"status-publish","4":"format-standard","5":"has-post-thumbnail","7":"category-paris","8":"tag-actu","9":"tag-actu-paris","10":"tag-actualites","11":"tag-actualites-paris","12":"tag-eu","13":"tag-europe","14":"tag-fr","15":"tag-france","16":"tag-news","17":"tag-news-paris","18":"tag-paris","19":"tag-paris-news","20":"tag-republique-francaise"},"share_on_mastodon":{"url":"https:\/\/pubeurope.com\/@fr\/115206335180054384","error":""},"_links":{"self":[{"href":"https:\/\/www.europesays.com\/fr\/wp-json\/wp\/v2\/posts\/391692","targetHints":{"allow":["GET"]}}],"collection":[{"href":"https:\/\/www.europesays.com\/fr\/wp-json\/wp\/v2\/posts"}],"about":[{"href":"https:\/\/www.europesays.com\/fr\/wp-json\/wp\/v2\/types\/post"}],"author":[{"embeddable":true,"href":"https:\/\/www.europesays.com\/fr\/wp-json\/wp\/v2\/users\/2"}],"replies":[{"embeddable":true,"href":"https:\/\/www.europesays.com\/fr\/wp-json\/wp\/v2\/comments?post=391692"}],"version-history":[{"count":0,"href":"https:\/\/www.europesays.com\/fr\/wp-json\/wp\/v2\/posts\/391692\/revisions"}],"wp:featuredmedia":[{"embeddable":true,"href":"https:\/\/www.europesays.com\/fr\/wp-json\/wp\/v2\/media\/391693"}],"wp:attachment":[{"href":"https:\/\/www.europesays.com\/fr\/wp-json\/wp\/v2\/media?parent=391692"}],"wp:term":[{"taxonomy":"category","embeddable":true,"href":"https:\/\/www.europesays.com\/fr\/wp-json\/wp\/v2\/categories?post=391692"},{"taxonomy":"post_tag","embeddable":true,"href":"https:\/\/www.europesays.com\/fr\/wp-json\/wp\/v2\/tags?post=391692"}],"curies":[{"name":"wp","href":"https:\/\/api.w.org\/{rel}","templated":true}]}}