{"id":391696,"date":"2025-09-15T04:06:10","date_gmt":"2025-09-15T04:06:10","guid":{"rendered":"https:\/\/www.europesays.com\/fr\/391696\/"},"modified":"2025-09-15T04:06:10","modified_gmt":"2025-09-15T04:06:10","slug":"le-8%e1%b5%89-arrondissement-de-paris-cas-decole-dun-quartier-deserte-par-ses-habitants","status":"publish","type":"post","link":"https:\/\/www.europesays.com\/fr\/391696\/","title":{"rendered":"Le 8\u1d49\u00a0arrondissement de Paris, cas d\u2019\u00e9cole d\u2019un quartier d\u00e9sert\u00e9 par ses habitants"},"content":{"rendered":"<p>                        <img viewbox=\"0 0 664 443\"   width=\"664\" height=\"443\" alt=\"Sur les Champs-Elys\u00e9es \u00e0 Paris, le 5\u00a0septembre 2024.\"\/>    Sur les Champs-Elys\u00e9es \u00e0 Paris, le 5\u00a0septembre 2024.  XAVIER POPY\/REA                        <\/p>\n<p class=\"article__paragraph article__paragraph--lf \">Elle reste la derni\u00e8re \u00e9cole maternelle et \u00e9l\u00e9mentaire du \u00ab\u00a0triangle d\u2019or\u00a0\u00bb, ce quartier hupp\u00e9 du 8e\u00a0arrondissement de Paris, d\u00e9limit\u00e9 par les avenues des Champs-Elys\u00e9es, Montaigne et George-V. Cach\u00e9 au fond d\u2019une petite voie pi\u00e9tonne d\u00e9bouchant sur la rue Marbeuf, \u00e0 la hauteur de la boutique de souliers de luxe Berluti, l\u2019\u00e9tablissement Robert-Estienne fait de la r\u00e9sistance, mais, \u00e0 la rentr\u00e9e, l\u2019\u00e9cole a d\u00fb fermer une classe. Les effectifs ont fortement chut\u00e9.<\/p>\n<p class=\"article__paragraph article__paragraph--lf \">En ce matin de septembre, deux parents venus d\u00e9poser leur enfant, arriv\u00e9s \u00e0 8\u00a0h\u00a030\u00a0tapantes, ont fait le chemin depuis le 18e\u00a0arrondissement. \u00ab\u00a0Nos enfants sont dans une classe \u00e0 horaires am\u00e9nag\u00e9s en musique, CM1-CM2, qui accueille des \u00e9l\u00e8ves venus de partout, explique la m\u00e8re de famille. Sans cette classe sp\u00e9cifique, notre \u00e9cole aurait ferm\u00e9.\u00a0\u00bb<\/p>\n<p class=\"reading-mode-only \"><strong>Il vous reste 92.04% de cet article \u00e0 lire. La suite est r\u00e9serv\u00e9e aux abonn\u00e9s.<\/strong><\/p>\n","protected":false},"excerpt":{"rendered":"Sur les Champs-Elys\u00e9es \u00e0 Paris, le 5\u00a0septembre 2024. XAVIER POPY\/REA Elle reste la derni\u00e8re \u00e9cole maternelle et \u00e9l\u00e9mentaire&hellip;\n","protected":false},"author":2,"featured_media":391697,"comment_status":"","ping_status":"","sticky":false,"template":"","format":"standard","meta":{"footnotes":""},"categories":[1888],"tags":[11,1777,674,1011,27,12,626,25],"class_list":{"0":"post-391696","1":"post","2":"type-post","3":"status-publish","4":"format-standard","5":"has-post-thumbnail","7":"category-paris","8":"tag-actualites","9":"tag-eu","10":"tag-europe","11":"tag-fr","12":"tag-france","13":"tag-news","14":"tag-paris","15":"tag-republique-francaise"},"share_on_mastodon":{"url":"https:\/\/pubeurope.com\/@fr\/115206342865758685","error":""},"_links":{"self":[{"href":"https:\/\/www.europesays.com\/fr\/wp-json\/wp\/v2\/posts\/391696","targetHints":{"allow":["GET"]}}],"collection":[{"href":"https:\/\/www.europesays.com\/fr\/wp-json\/wp\/v2\/posts"}],"about":[{"href":"https:\/\/www.europesays.com\/fr\/wp-json\/wp\/v2\/types\/post"}],"author":[{"embeddable":true,"href":"https:\/\/www.europesays.com\/fr\/wp-json\/wp\/v2\/users\/2"}],"replies":[{"embeddable":true,"href":"https:\/\/www.europesays.com\/fr\/wp-json\/wp\/v2\/comments?post=391696"}],"version-history":[{"count":0,"href":"https:\/\/www.europesays.com\/fr\/wp-json\/wp\/v2\/posts\/391696\/revisions"}],"wp:featuredmedia":[{"embeddable":true,"href":"https:\/\/www.europesays.com\/fr\/wp-json\/wp\/v2\/media\/391697"}],"wp:attachment":[{"href":"https:\/\/www.europesays.com\/fr\/wp-json\/wp\/v2\/media?parent=391696"}],"wp:term":[{"taxonomy":"category","embeddable":true,"href":"https:\/\/www.europesays.com\/fr\/wp-json\/wp\/v2\/categories?post=391696"},{"taxonomy":"post_tag","embeddable":true,"href":"https:\/\/www.europesays.com\/fr\/wp-json\/wp\/v2\/tags?post=391696"}],"curies":[{"name":"wp","href":"https:\/\/api.w.org\/{rel}","templated":true}]}}