{"id":391721,"date":"2025-09-15T04:22:20","date_gmt":"2025-09-15T04:22:20","guid":{"rendered":"https:\/\/www.europesays.com\/fr\/391721\/"},"modified":"2025-09-15T04:22:20","modified_gmt":"2025-09-15T04:22:20","slug":"motogp-misano-j3-pecco-bagnaia-ducati-ab-fuit-la-presse-et-senferme-avec-les-ingenieurs-silence-radio-apres-un-week-end-cauchemardesque","status":"publish","type":"post","link":"https:\/\/www.europesays.com\/fr\/391721\/","title":{"rendered":"MotoGP, Misano J3, Pecco Bagnaia (Ducati\/Ab) fuit la presse et s\u2019enferme avec les ing\u00e9nieurs : silence radio apr\u00e8s un week-end cauchemardesque"},"content":{"rendered":"<p><strong>\u00c0 Misano, Pecco Bagnaia a v\u00e9cu l\u2019un de ses pires moments<br \/>\nen MotoGP. Apr\u00e8s sa chute au 9e tour du Grand Prix de Saint-Marin,<br \/>\nle pilote Ducati a choisi de dispara\u00eetre : il s\u2019est retranch\u00e9 dans<br \/>\nun bureau avec les ing\u00e9nieurs et n\u2019a plus donn\u00e9 signe de vie<br \/>\njusqu\u2019\u00e0 la soir\u00e9e. Son rendez-vous avec la presse, \u00e0 plusieurs<br \/>\nreprises repouss\u00e9, a finalement \u00e9t\u00e9 annul\u00e9.<\/strong><\/p>\n<p>Les quelques mots qu\u2019il a accept\u00e9 de l\u00e2cher via<br \/>\n<strong>Ducati<\/strong> traduisent le vide et la confusion dans<br \/>\nlesquels il est pris : \u00ab j\u2018essayais<br \/>\nde suivre Diggia, puis l\u2019accident s\u2019est produit. D\u00e8s que j\u2019ai<br \/>\nessay\u00e9 de faire un peu plus, je suis tomb\u00e9, <strong>je ne sais pas<br \/>\nce quoi vous dire de plus<\/strong>. J\u2019ai analys\u00e9 les<br \/>\ndonn\u00e9es avec l\u2019\u00e9quipe et maintenant nous travaillons pour les tests<br \/>\nde demain, \u00e7a sera une journ\u00e9e tr\u00e8s importante.<br \/>\nBien s\u00fbr, <strong>il y a de la<br \/>\nd\u00e9ception suite \u00e0 la chute<\/strong>, mais nous allons continuer \u00e0<br \/>\ntravailler pour r\u00e9soudre ces probl\u00e8mes, que je porte depuis<br \/>\nplusieurs courses maintenant, et pour aborder la longue campagne<br \/>\nasiatique <strong>de la meilleure fa\u00e7on possible<\/strong>.<br \/>\n\u00bb<\/p>\n<p>Un constat gla\u00e7ant, comme si m\u00eame <strong>Bagnaia<\/strong> ne<br \/>\nsavait plus comment expliquer sa chute libre : \u00ab <strong>il ne<br \/>\nvaut mieux pas dire<\/strong> <strong>certaines<br \/>\nchoses<\/strong>. Quand tu tombes, tu n\u2019es pas tr\u00e8s heureux<br \/>\net tu essaies d\u2019\u00e9vacuer un peu de la col\u00e8re du moment. \u00bb<\/p>\n<p><img loading=\"lazy\" decoding=\"async\" class=\"aligncenter\" src=\"https:\/\/www.europesays.com\/fr\/wp-content\/uploads\/2025\/09\/3000_gng_1264403_hires.jpg\" alt=\"Francesco Bagnaia, MotoGP de Saint-Marin 2025\" width=\"1200\" height=\"937\"\/><\/p>\n<p><strong>Pecco Bagnaia\u00a0:<br \/>\n\u00ab\u00a0lors des tests de demain, nous essayerons de trouver une<br \/>\nsolution\u00a0\u00bb<\/strong><\/p>\n<p>En conf\u00e9rence, <a href=\"https:\/\/www.paddock-gp.com\/motogp-misano-j3-gigi-dalligna-bezzecchi-et-marquez-ont-fait-une-course-a-part-par-rapport-aux-autres-pilotes-et-aux-autres-motos\/\" target=\"_blank\" rel=\"noopener\"><br \/>\n<strong>Gigi Dall\u2019Igna<\/strong><\/a> n\u2019a pas masqu\u00e9 sa propre<br \/>\nfrustration : <strong>\u00ab je suis en train de perdre la<br \/>\npatience<\/strong>. Et les tifosi (les fans) aussi. \u00bb<br \/>\nQuant \u00e0 <strong>Bagnaia<\/strong>, il admet depuis le d\u00e9but de la<br \/>\nsaison chercher une \u00ab route moins abrupte \u00bb \u2014 mais ajoute que<br \/>\nMisano, et surtout les tests qui suivront, pourraient \u00eatre le seul<br \/>\nmoyen d\u2019en trouver une.<\/p>\n<p>\u00ab C\u2019est vraiment important d\u2019avoir les tests de demain, nous<br \/>\nessayerons de trouver une solution. Nous travaillons l\u00e0-dessus<br \/>\ndepuis le d\u00e9but de la saison, c\u2019est un long chemin, mais nous y<br \/>\ntravaillons \u00bb lit-on sur <a href=\"https:\/\/www.gpone.com\/it\/2025\/09\/14\/motogp\/bagnaia-in-silenzio-stampa-si-rinchiude-in-ufficio-con-gli-ingegneri.html\" target=\"_blank\" rel=\"noopener\"><br \/>\nGPone<\/a>.<\/p>\n<p>Mais conclure cette phase de crise par un simple \u00ab<br \/>\n<strong>on essaie<\/strong> \u00bb ne suffit plus, et m\u00eame<br \/>\n<a href=\"https:\/\/www.paddock-gp.com\/motogp-misano-j2-sylvain-guintoli-alerte-marc-marquez-est-nerveux-lavant-de-la-ducati-ne-repond-pas\/\" target=\"_blank\" rel=\"noopener\"><br \/>\n<strong>Ducati<\/strong><\/a> le sait .La situation est critique pour<br \/>\nle double champion du monde. Le silence de <strong>Bagnaia<\/strong><br \/>\net la frustration affich\u00e9e par son \u00e9quipe montrent que la confiance<br \/>\nest en train de s\u2019\u00e9roder. La suite de la saison, et la capacit\u00e9 du<br \/>\npilote \u00e0 rebondir, seront cruciales pour son avenir.<\/p>\n<p><img loading=\"lazy\" decoding=\"async\" class=\"aligncenter wp-image-1330114\" src=\"https:\/\/www.europesays.com\/fr\/wp-content\/uploads\/2025\/09\/Pecco-3.jpg\" alt=\"Pecco Bagnaia \" width=\"840\" height=\"458\"  \/><\/p>\n<p><strong><a href=\"https:\/\/www.motogp.com\/en\" target=\"_blank\" rel=\"noopener\">MotoGP<\/a>, Misano<br \/>\nJ3\u00a0: classement<\/strong><\/p>\n<p><img decoding=\"async\" class=\"aligncenter\" src=\"https:\/\/www.europesays.com\/fr\/wp-content\/uploads\/2025\/09\/CarreraMGP-434_compressed.jpg\" alt=\"carrera\"\/><\/p>\n<p><strong>Classement General MotoGP<\/strong><\/p>\n<p><img loading=\"lazy\" decoding=\"async\" class=\"aligncenter\" src=\"https:\/\/www.europesays.com\/fr\/wp-content\/uploads\/2025\/09\/MgpGENERAL_compressed.jpg\" alt=\"gene\" width=\"1052\" height=\"1199\"\/><\/p>\n","protected":false},"excerpt":{"rendered":"\u00c0 Misano, Pecco Bagnaia a v\u00e9cu l\u2019un de ses pires moments en MotoGP. Apr\u00e8s sa chute au 9e&hellip;\n","protected":false},"author":2,"featured_media":391722,"comment_status":"","ping_status":"","sticky":false,"template":"","format":"standard","meta":{"footnotes":""},"categories":[1413],"tags":[1011,27,1457,1456,60],"class_list":{"0":"post-391721","1":"post","2":"type-post","3":"status-publish","4":"format-standard","5":"has-post-thumbnail","7":"category-moto","8":"tag-fr","9":"tag-france","10":"tag-moto","11":"tag-motocycle","12":"tag-sports"},"share_on_mastodon":{"url":"https:\/\/pubeurope.com\/@fr\/115206406147721921","error":""},"_links":{"self":[{"href":"https:\/\/www.europesays.com\/fr\/wp-json\/wp\/v2\/posts\/391721","targetHints":{"allow":["GET"]}}],"collection":[{"href":"https:\/\/www.europesays.com\/fr\/wp-json\/wp\/v2\/posts"}],"about":[{"href":"https:\/\/www.europesays.com\/fr\/wp-json\/wp\/v2\/types\/post"}],"author":[{"embeddable":true,"href":"https:\/\/www.europesays.com\/fr\/wp-json\/wp\/v2\/users\/2"}],"replies":[{"embeddable":true,"href":"https:\/\/www.europesays.com\/fr\/wp-json\/wp\/v2\/comments?post=391721"}],"version-history":[{"count":0,"href":"https:\/\/www.europesays.com\/fr\/wp-json\/wp\/v2\/posts\/391721\/revisions"}],"wp:featuredmedia":[{"embeddable":true,"href":"https:\/\/www.europesays.com\/fr\/wp-json\/wp\/v2\/media\/391722"}],"wp:attachment":[{"href":"https:\/\/www.europesays.com\/fr\/wp-json\/wp\/v2\/media?parent=391721"}],"wp:term":[{"taxonomy":"category","embeddable":true,"href":"https:\/\/www.europesays.com\/fr\/wp-json\/wp\/v2\/categories?post=391721"},{"taxonomy":"post_tag","embeddable":true,"href":"https:\/\/www.europesays.com\/fr\/wp-json\/wp\/v2\/tags?post=391721"}],"curies":[{"name":"wp","href":"https:\/\/api.w.org\/{rel}","templated":true}]}}