{"id":391725,"date":"2025-09-15T04:24:15","date_gmt":"2025-09-15T04:24:15","guid":{"rendered":"https:\/\/www.europesays.com\/fr\/391725\/"},"modified":"2025-09-15T04:24:15","modified_gmt":"2025-09-15T04:24:15","slug":"sur-un-cadeau-de-pogacar-brandon-mcnulty-remporte-le-gp-de-montreal","status":"publish","type":"post","link":"https:\/\/www.europesays.com\/fr\/391725\/","title":{"rendered":"sur un cadeau de Pogacar, Brandon McNulty remporte le GP de Montr\u00e9al"},"content":{"rendered":"<p>Ce dimanche, l\u2019Am\u00e9ricain Brandon McNulty a remport\u00e9 le Grand Prix de Montr\u00e9al, devant son leader Tadej Pogacar.<\/p>\n<p class=\"fig-paragraph\">L\u2019Am\u00e9ricain Brandon McNulty a remport\u00e9 dimanche le Grand Prix de Montr\u00e9al en passant la ligne devant son leader chez UAE, le Slov\u00e8ne\u00a0<a href=\"http:\/\/www.lefigaro.fr\/sports\/cyclisme\/cyclisme-tadej-pogacar-et-primoz-roglic-seront-aux-mondiaux-a-kigali-20250909\" target=\"_blank\" data-fig-type=\"NewsFlash\" rel=\"noopener\" data-gtm-custom-categorie=\"navigation\" data-gtm-custom-action=\"crossclick\" data-gtm-custom-label=\"Contextuel\" data-gtm-event=\"customEventSPE\" data-fig-domain=\"LEFIGARO\">Tadej Pogacar<\/a>, avec qui il s\u2019\u00e9tait isol\u00e9 dans l\u2019avant-dernier tour de circuit et qui lui a offert la victoire dans les derniers m\u00e8tres.<\/p>\n<p class=\"fig-paragraph\">Les deux hommes ont conclu une d\u00e9monstration collective de leur \u00e9quipe, la formation \u00e9miratie signant au Canada sa 85e victoire cette ann\u00e9e, \u00e9galant le record du nombre de succ\u00e8s d\u2019une m\u00eame \u00e9quipe sur une saison que d\u00e9tenait la formation HTC-Columbia depuis 2009. Un autre Am\u00e9ricain, Quinn Simons, a pris la 3e place \u00e0 une minute du duo de t\u00eate.<\/p>\n<p>                                    <a class=\"fig-a11y-skip a11y-hidden\" href=\"#fig-a11y-skip-main-inarticle\"><br \/>\n        Passer la publicit\u00e9<br \/>\n    <\/a><\/p>\n<p>Son troisi\u00e8me succ\u00e8s en 2025<\/p>\n<p class=\"fig-paragraph\">Vainqueur du Tour de Pologne d\u00e9but ao\u00fbt, McNulty, 27 ans, a sign\u00e9 au Canada son troisi\u00e8me succ\u00e8s en 2025, le 18e de sa carri\u00e8re. Le natif de Phoenix a conclu l\u2019\u0153uvre collective impeccable de l\u2019\u00e9quipe UAE. La formation \u00e9miratie a men\u00e9 un train d\u2019enfer durant toute la course, gardant en point de mire un groupe d\u2019une douzaine d\u2019attaquants qui s\u2019\u00e9tait form\u00e9 \u00e0 130 kilom\u00e8tres de la ligne.<\/p>\n<p class=\"fig-paragraph\">Cette tactique d\u2019usure a d\u00e9graiss\u00e9 le peloton au fil des 17 tours (12,5 km) tous parsem\u00e9s de quatre c\u00f4tes dont la redoutable ascension de Camillien-Houde, 1,8 km \u00e0 8%. Cette \u00e9dition 2025 a d\u2019ailleurs \u00e9t\u00e9 la plus rapide de son histoire, 15 minutes plus rapide que l\u2019\u00e9dition pr\u00e9c\u00e9dente par exemple. \u00c9quipier de Pogacar, McNulty a plac\u00e9 une attaque tranchante \u00e0 36 km de l\u2019arriv\u00e9e, seulement accompagn\u00e9 par son compatriote Quinn Simons et le Fran\u00e7ais Louis Barr\u00e9. Ces trois hommes ont \u00e9t\u00e9 rejoints par Pogacar \u00e0 23 kilom\u00e8tres de la ligne avant d\u2019attaquer six kilom\u00e8tres plus loin.<\/p>\n<p class=\"fig-paragraph\">Alors que l\u2019on pensait le Slov\u00e8ne parti pour un troisi\u00e8me succ\u00e8s \u00e0 Montr\u00e9al (apr\u00e8s 2022 et 2024), le champion du monde a attendu McNulty dans l\u2019avant-dernier tour de circuit apr\u00e8s que ce dernier se fut d\u00e9barrass\u00e9 de Simons. \u00abPogi\u00bb et Mc Nulty ont ensuite exult\u00e9 ensemble, bras dessus bras dessous au moment de passer la ligne, avec quelques centim\u00e8tres d\u2019avance pour l\u2019Am\u00e9ricain, ravi de l\u2019offrande du quadruple vainqueur du Tour de France.<\/p>\n","protected":false},"excerpt":{"rendered":"Ce dimanche, l\u2019Am\u00e9ricain Brandon McNulty a remport\u00e9 le Grand Prix de Montr\u00e9al, devant son leader Tadej Pogacar. L\u2019Am\u00e9ricain&hellip;\n","protected":false},"author":2,"featured_media":391726,"comment_status":"","ping_status":"","sticky":false,"template":"","format":"standard","meta":{"footnotes":""},"categories":[1411],"tags":[1154,207,1011,27,18532,60,1138],"class_list":{"0":"post-391725","1":"post","2":"type-post","3":"status-publish","4":"format-standard","5":"has-post-thumbnail","7":"category-cyclisme","8":"tag-cycling","9":"tag-cyclisme","10":"tag-fr","11":"tag-france","12":"tag-montreal","13":"tag-sports","14":"tag-tadej-pogacar"},"share_on_mastodon":{"url":"https:\/\/pubeurope.com\/@fr\/115206413556397283","error":""},"_links":{"self":[{"href":"https:\/\/www.europesays.com\/fr\/wp-json\/wp\/v2\/posts\/391725","targetHints":{"allow":["GET"]}}],"collection":[{"href":"https:\/\/www.europesays.com\/fr\/wp-json\/wp\/v2\/posts"}],"about":[{"href":"https:\/\/www.europesays.com\/fr\/wp-json\/wp\/v2\/types\/post"}],"author":[{"embeddable":true,"href":"https:\/\/www.europesays.com\/fr\/wp-json\/wp\/v2\/users\/2"}],"replies":[{"embeddable":true,"href":"https:\/\/www.europesays.com\/fr\/wp-json\/wp\/v2\/comments?post=391725"}],"version-history":[{"count":0,"href":"https:\/\/www.europesays.com\/fr\/wp-json\/wp\/v2\/posts\/391725\/revisions"}],"wp:featuredmedia":[{"embeddable":true,"href":"https:\/\/www.europesays.com\/fr\/wp-json\/wp\/v2\/media\/391726"}],"wp:attachment":[{"href":"https:\/\/www.europesays.com\/fr\/wp-json\/wp\/v2\/media?parent=391725"}],"wp:term":[{"taxonomy":"category","embeddable":true,"href":"https:\/\/www.europesays.com\/fr\/wp-json\/wp\/v2\/categories?post=391725"},{"taxonomy":"post_tag","embeddable":true,"href":"https:\/\/www.europesays.com\/fr\/wp-json\/wp\/v2\/tags?post=391725"}],"curies":[{"name":"wp","href":"https:\/\/api.w.org\/{rel}","templated":true}]}}