{"id":391751,"date":"2025-09-15T04:39:16","date_gmt":"2025-09-15T04:39:16","guid":{"rendered":"https:\/\/www.europesays.com\/fr\/391751\/"},"modified":"2025-09-15T04:39:16","modified_gmt":"2025-09-15T04:39:16","slug":"ecoles-transports-pharmacies-quelles-perturbations-jeudi-secteur-par-secteur","status":"publish","type":"post","link":"https:\/\/www.europesays.com\/fr\/391751\/","title":{"rendered":"\u00e9coles, transports, pharmacies\u2026 quelles perturbations jeudi, secteur par secteur\u00a0?"},"content":{"rendered":"<p>            Par<br \/>\n        <strong><br \/>\n            <a href=\"https:\/\/actu.fr\/auteur\/maxime-tsjoen\" title=\"Consulter tous les articles de Maxime T&#039;sjoen\" target=\"_blank\" rel=\"noopener\">Maxime T&rsquo;sjoen<\/a><br \/>\n        <\/strong><\/p>\n<p>        Publi\u00e9 le<\/p>\n<p>            14 sept. 2025 \u00e0 18h31<br \/>\n        ; mis \u00e0 jour le 14 sept. 2025 \u00e0 21h37    <\/p>\n<p>Huit jours apr\u00e8s <a href=\"https:\/\/actu.fr\/tag\/mouvement-du-10-septembre\" target=\"_blank\" rel=\"noopener\">la mobilisation du 10\u00a0septembre,<\/a> les syndicats (cette fois-ci) appellent \u00e0 la <a href=\"https:\/\/actu.fr\/tag\/greve\" target=\"_blank\" rel=\"noopener\">gr\u00e8ve<\/a> ce <strong>jeudi 18\u00a0septembre 2025<\/strong>.<\/p>\n<p class=\" wall-content\">Pour rappel, les principales organisations syndicales (CFDT, CGT, FO, CFE-CGC, CFTC, Unsa, FSU et Solidaires) ont d\u00e9cid\u00e9 de se coordonner pour <strong>une nouvelle journ\u00e9e commune de mobilisation nationale<\/strong>. Ils pourront peut-\u00eatre s\u2019appuyer sur les 200\u2009000 Fran\u00e7ais mobilis\u00e9s mercredi dernier \u00e0 l\u2019occasion du mouvement \u00ab\u00a0Bloquons tout\u00a0\u00bb.<\/p>\n<p class=\" wall-content\">S\u2019il est trop t\u00f4t pour avoir une vision globale des manifestations organis\u00e9es, voici ce que l\u2019on sait \u00e0 quelques jours de cette journ\u00e9e de <a href=\"https:\/\/actu.fr\/tag\/greve\" target=\"_blank\" rel=\"noopener\">gr\u00e8ve<\/a> qui pourrait entra\u00eener des perturbations sur votre quotidien.<\/p>\n<p>Mouvement tr\u00e8s suivi dans les \u00e9coles<\/p>\n<p class=\" wall-content\">C\u2019est la question que se posent les parents\u2009: <strong>les enfants pourront-ils aller \u00e0 l\u2019\u00e9cole<\/strong>\u2009? \u00c0 quatre jours de la mobilisation, il est difficile de se prononcer et les syndicats ne donnent pas encore de pr\u00e9visions, mais cette journ\u00e9e de mobilisation pourrait \u00eatre tr\u00e8s suivie.<\/p>\n<p class=\" wall-content\">D\u00e9j\u00e0, car le mouvement <a href=\"https:\/\/actu.fr\/tag\/bloquons-tout\" target=\"_blank\" rel=\"noopener\">\u00ab\u2009Bloquons tout\u2009\u00bb<\/a> tombait un mercredi et que, par d\u00e9finition, les \u00e9coles sont ferm\u00e9es ce jour-l\u00e0 (bien que quelques coll\u00e8ges ou lyc\u00e9es sont ouverts). Ensuite, parce que les revendications sont nombreuses.<\/p>\n<blockquote class=\"ac-article-quote wall-content\">\n<p>L\u2019\u00c9ducation manque de tout et le service public de l\u2019\u00c9ducation ne tient que par la conscience professionnelle des personnels<\/p>\n<p>    <strong>CGT\u2019 \u00c9ducation<\/strong>\n            <\/p><\/blockquote>\n<p class=\" wall-content\">La <a href=\"https:\/\/www.cgteduc.fr\/\" target=\"_blank\" rel=\"noopener\">CGT\u2019Education<\/a> demande, entre autres, des hausses des salaires, la titularisation de tous les contractuels, des ouvertures de poste, davantage de budget et le retour \u00e0 la retraite \u00e0 60 ans.\u00a0Plusieurs syndicats appellent d\u2019ores et d\u00e9j\u00e0 \u00e0 la <strong>reconduction de la gr\u00e8ve<\/strong>.<\/p>\n<p>Votre r\u00e9gion, votre actu !<\/p>\n<p>Recevez chaque jour les infos qui comptent pour vous.<\/p>\n<p>\t<a href=\"https:\/\/actu.fr\/newsletter\" class=\"ac-btn ac-btn--corner ac-btn--medium ac-btn--blue800\" target=\"_blank\" rel=\"noopener\">S&rsquo;incrire<\/a><br \/>\nGal\u00e8re dans les transports en commun<\/p>\n<p class=\" wall-content\">Dans les <strong>trains<\/strong>, la situation pourrait \u00eatre assez compliqu\u00e9e ce jeudi 18 septembre.\u00a0Trois syndicats de la SNCF, <strong>CGT-Cheminots, Unsa-Ferroviaire et CFDT-Cheminots<\/strong>, ont appel\u00e9 \u00e0 la gr\u00e8ve le 18\u00a0septembre dans <a href=\"https:\/\/www.cfdtcheminots.org\/communique-de-presse-3-septembre-2025\/\" target=\"_blank\" rel=\"noopener\">un communiqu\u00e9 commun<\/a>.<\/p>\n<p class=\" wall-content\">Ces trois organisations, qui repr\u00e9sentent ensemble<strong> 70\u2009% des voix aux derni\u00e8res \u00e9lections professionnelles<\/strong>, encouragent \u00ab\u2009toutes les cheminotes et tous les cheminots \u00e0 se mobiliser massivement le 18\u00a0septembre par la gr\u00e8ve et \u00e0 participer aux manifestations\u2009\u00bb, pr\u00e9cise le communiqu\u00e9.<\/p>\n<p class=\" wall-content\">Dans les transports en commun, les pr\u00e9visions de gr\u00e8ve des grandes villes ne sont pas encore tomb\u00e9es, mais \u00e0 Paris, la <a href=\"https:\/\/actu.fr\/tag\/ratp\" target=\"_blank\" rel=\"noopener\">RATP<\/a> s\u2019attend \u00e0 de grosses perturbations alors que les quatre principaux syndicats ont d\u00e9pos\u00e9 un pr\u00e9avis. Des perturbations sont \u00e0 pr\u00e9voir du lundi 15 au dimanche 21 septembre, indique <a href=\"https:\/\/actu.fr\/ile-de-france\/paris_75056\/ratp-et-sncf-les-perturbations-attendues-dans-les-transports-a-paris-et-en-ile-de-france-cette-semaine-24_63158162.html\" target=\"_blank\" rel=\"noopener\">actu Paris<\/a>.<\/p>\n<p class=\" wall-content\">\u00c0 Toulouse et <a href=\"https:\/\/actu.fr\/auvergne-rhone-alpes\/grenoble_38185\/grenoble-apres-la-manifestation-bloquons-tout-a-quoi-s-attendre-pour-le-18-septembre_63147305.html\" target=\"_blank\" rel=\"noopener\">Grenoble<\/a>, les<a href=\"https:\/\/actu.fr\/tag\/transport\" target=\"_blank\" rel=\"noopener\"> transports en commun<\/a> sont aussi annonc\u00e9s perturb\u00e9s ce jeudi.<\/p>\n<p>Les compagnies a\u00e9riennes pourraient suivre le mouvement<\/p>\n<p class=\" wall-content\">De son c\u00f4t\u00e9, le <a href=\"https:\/\/www.sncta.fr\/\" target=\"_blank\" rel=\"noopener\">SNCTA<\/a> (Syndicat national des Contr\u00f4leurs du Trafic A\u00e9rien, principal syndicat des <strong>contr\u00f4leurs a\u00e9riens fran\u00e7ais<\/strong>, a report\u00e9 sa gr\u00e8ve pr\u00e9vue le 18 septembre, faute d\u2019interlocuteur au gouvernement pour faire aboutir ses revendications, mais entend poursuivre le mouvement du 7 au 9 octobre.<\/p>\n<p class=\" wall-content\">En revanche, les <strong>compagnies a\u00e9riennes<\/strong> pourraient \u00eatre touch\u00e9es\u2009: FO, la CGT et la CFDT chez <a href=\"https:\/\/actu.fr\/tag\/air-france\" target=\"_blank\" rel=\"noopener\">Air France<\/a> appellent \u00e0 la gr\u00e8ve.<\/p>\n<p>Pharmacies ferm\u00e9es, cabinets de kin\u00e9 aussi\u2026<\/p>\n<p class=\" wall-content\">\u00c0 l\u2019appel de l\u2019intersyndicale, <a style=\"font-family: &#039;Source Serif Pro&#039;, sans-serif; font-size: 1.8rem;\" href=\"https:\/\/actu.fr\/societe\/seine-et-marne-les-pharmaciens-durcissent-le-ton-et-annoncent-une-greve-massive_63132403.html\" target=\"_blank\" rel=\"noopener\">les pharmaciens sont appel\u00e9s \u00e0 la gr\u00e8ve<\/a> \u00e9galement et grand nombre <strong>d\u2019officines<\/strong> devraient rester closes ce jeudi.<\/p>\n<p class=\" wall-content\">Les <strong>kin\u00e9sith\u00e9rapeutes lib\u00e9raux<\/strong>, aussi, sont appel\u00e9s \u00e0 rester ferm\u00e9s par la <a href=\"https:\/\/www.ffmkr.org\/\" target=\"_blank\" rel=\"noopener\">F\u00e9d\u00e9ration fran\u00e7aise des masseurs kin\u00e9sith\u00e9rapeutes r\u00e9\u00e9ducateurs<\/a> (FFMKR), le principal syndicat.<\/p>\n<p>Le secteur de l\u2019\u00e9nergie aussi touch\u00e9<\/p>\n<p class=\" wall-content\">Les employ\u00e9s du <strong>gaz<\/strong> et de <strong>l\u2019\u00e9nergie<\/strong>, en mouvement depuis le 2 septembre, sont appel\u00e9s par la CGT \u00e0 continuer la mobilisation jusqu\u2019au 18 septembre 2025.<\/p>\n<p>Manifestations en r\u00e9gion<\/p>\n<p class=\" wall-content\">Par ailleurs, des manifestations sont pr\u00e9vues dans de nombreuses communes, comme l\u2019ont rep\u00e9r\u00e9 nos r\u00e9dactions locales.<\/p>\n<p class=\" wall-content\">Dans <strong>l\u2019Orne<\/strong>, selon\u00a0<a href=\"https:\/\/actu.fr\/normandie\/argentan_61006\/greve-du-18-septembre-les-rassemblements-prevus-dans-lorne_63154475.html\" target=\"_blank\" rel=\"noopener\">Le Journal de l\u2019Orne<\/a>, des rassemblements sont pr\u00e9vus \u00e0 Alen\u00e7on, Argentan, L\u2019Aigle, Flers et Mortagne-au-Perche.<\/p>\n<p class=\" wall-content\">Une manifestation est aussi pr\u00e9vue \u00e0 Sabl\u00e9-sur-Sarthe, selon\u00a0<a href=\"https:\/\/actu.fr\/pays-de-la-loire\/sable-sur-sarthe_72264\/apres-le-10-septembre-une-nouvelle-journee-de-mobilisation-deja-programmee-a-sable-sur-sarthe_63148010.html\" target=\"_blank\" rel=\"noopener\">Les Nouvelles de Sabl\u00e9,<\/a> \u00e0 <a href=\"https:\/\/actu.fr\/bourgogne-franche-comte\/dijon_21231\/bloquons-tout-a-dijon-ce-qui-se-dessine-pour-le-18-septembre_63149990.html\" target=\"_blank\" rel=\"noopener\">Dijon<\/a> ou encore \u00e0<a href=\"https:\/\/actu.fr\/bourgogne-franche-comte\/salins-les-bains_39500\/bloquons-tout-apres-arbois-les-militants-preparent-des-actions-a-poligny-pour-le-18-septembre_63156196.html\" target=\"_blank\" rel=\"noopener\"> Poligny (Jura)<\/a>\u00a0Le <strong>Morbihan<\/strong> devrait \u00e9galement se mobiliser via six mobilisations recens\u00e9es par\u00a0<a href=\"https:\/\/actu.fr\/bretagne\/vannes_56260\/bloquons-tout-quelle-mobilisation-est-prevue-ce-week-end-a-vannes_63153360.html\" target=\"_blank\" rel=\"noopener\">actu Morbihan<\/a>\u00a0\u00e0 Vannes, Pontivy, Lorient, Auray, Plo\u00ebrmel et Belle-\u00cele-en-Mer.<\/p>\n<p>    <img   decoding=\"async\" loading=\"lazy\" src=\"https:\/\/www.europesays.com\/fr\/wp-content\/uploads\/2025\/09\/e36f463151c86d76f463151c8bb6f4v-960x640.jpg\" alt=\"Des poubelles bloquent la chauss\u00e9e rue du Capitaine Jude \u00e0 Vannes.\" width=\"960\" height=\"640\"\/><br \/>\n    Des poubelles bloquent la chauss\u00e9e rue du Capitaine Jude \u00e0 Vannes (Morbihan), lors de la journ\u00e9e de mobilisation du 10 septembre 2025. (\u00a9Morgane Mac\u00e9 \/ actu Morbihan)<\/p>\n<p class=\" wall-content\"><a href=\"https:\/\/actu.fr\/occitanie\/toulouse_31555\/syndicats-et-mouvement-bloquons-tout-s-unissent-une-journee-noire-se-profile-a-toulouse_63152614.html\" target=\"_blank\" rel=\"noopener\">actu Toulouse<\/a> \u00e9crit que la gr\u00e8ve pourrait \u00eatre importante dans la ville, avec<strong> le mouvement \u00ab\u2009Bloquons tout\u2009\u00bb<\/strong> qui a rejoint les syndicats. Pour l\u2019heure, la manifestation dans la Ville rose n\u2019\u00e9tait pas d\u00e9clar\u00e9e, mais des initiatives se mettent en place : le lyc\u00e9e Berthelot, par exemple, sera <strong>bloqu\u00e9<\/strong> par les lyc\u00e9ens \u00ab\u00a0\u00e0 partir de 7h et toute la matin\u00e9e\u00a0\u00bb, pr\u00e9viennent le Mouvement des \u00c9l\u00e8ves de Berthelot et la section USL, <a href=\"https:\/\/actu.fr\/occitanie\/toulouse_31555\/toulouse-des-eleves-prevoient-un-blocus-devant-ce-lycee-jeudi_63159460.html\" target=\"_blank\" rel=\"noopener\">aupr\u00e8s d\u2019actu Toulouse<\/a>.<\/p>\n<p class=\" wall-content\">\u00c0 <strong>Lyon<\/strong>, o\u00f9 la journ\u00e9e du 10 septembre <a href=\"https:\/\/actu.fr\/auvergne-rhone-alpes\/lyon_69123\/bloquons-tout-a-lyon-la-soiree-vire-encore-a-la-violence-des-affrontements-en-presqu-ile_63146789.html\" target=\"_blank\" rel=\"noopener\">a d\u00e9g\u00e9n\u00e9r\u00e9 en manifestations sauvages et en violences urbaines<\/a>, rendez-vous est donn\u00e9 pour le 18 septembre. Cette fois, <a href=\"https:\/\/actu.fr\/auvergne-rhone-alpes\/lyon_69123\/lyon-greve-du-18-septembre-manifestation-et-bloquons-tout-a-quoi-s-attendre_63153356.html\" target=\"_blank\" rel=\"noopener\">pr\u00e9cise actu Lyon<\/a>, c\u2019est une manifestation d\u00e9clar\u00e9e en pr\u00e9fecture (et donc encadr\u00e9e par les forces de l\u2019ordre) qui se pr\u00e9pare.<\/p>\n<p class=\" wall-content\">Ce qui n\u2019exclut pas la pr\u00e9sence de casseurs, probablement \u00e0 nouveau pr\u00eats \u00e0 rejoindre la t\u00eate du cort\u00e8ge.<\/p>\n<p>    <img   decoding=\"async\" loading=\"lazy\" src=\"https:\/\/www.europesays.com\/fr\/wp-content\/uploads\/2025\/09\/police-lyon-manifestants-manifestation-greve-policiers-national-crs-barricades-960x640.jpg\" alt=\"Des CRS surveillent les manifestants \u00e0 Lyon le 10 septembre.\" width=\"960\" height=\"640\"\/><br \/>\n    Des CRS surveillent les manifestants \u00e0 Lyon le 10 septembre. (\u00a9Th\u00e9o Zuili \/ actu Lyon)<\/p>\n<p class=\" wall-content\">De nombreuses assembl\u00e9es g\u00e9n\u00e9rales, symbole du mouvement horizontal voulu par les organisateurs de \u00ab\u2009Bloquons tout\u2009\u00bb, sont encore pr\u00e9vues pour d\u00e9cider de la suite.<\/p>\n<p>Les agriculteurs mobilis\u00e9s le 26 septembre<\/p>\n<p class=\" wall-content\">Arnaud Rousseau, le patron du syndicat agricole <a href=\"https:\/\/www.fnsea.fr\/\" target=\"_blank\" rel=\"noopener\">FNSEA<\/a>, a annonc\u00e9 <a href=\"https:\/\/actu.fr\/societe\/bientot-une-nouvelle-greve-massive-des-agriculteurs-la-fnsea-appelle-a-une-journee-d-action-le-25-septembre_63159480.html\" target=\"_blank\" rel=\"noopener\">une \u00ab\u00a0grande journ\u00e9e d\u2019action\u00a0\u00bb le 26 septembre 2025<\/a>. Les motifs de cette <strong>mobilisation des agriculteurs<\/strong> ? <a href=\"https:\/\/actu.fr\/societe\/mercosur-c-est-quoi-ce-traite-de-libre-echange-au-coeur-de-la-colere-des-agriculteurs_61876440.html\" target=\"_blank\" rel=\"noopener\">L\u2019accord de libre-\u00e9change Mercosur<\/a> et les droits de douane <a href=\"https:\/\/actu.fr\/monde\/15-de-droits-de-douane-que-change-l-accord-conclu-entre-donald-trump-et-l-union-europeenne_62963713.html\" target=\"_blank\" rel=\"noopener\">impos\u00e9s cet \u00e9t\u00e9 par le gouvernement Trump<\/a>.<\/p>\n<p class=\" wall-content\">\u00ab\u00a0Les actions sont \u00e0 l\u2019appr\u00e9ciation des f\u00e9d\u00e9rations d\u00e9partementales. \u00c7a peut prendre la forme de <strong>visite de grandes surfaces<\/strong> pour aller chercher tous les produits non conformes\u00a0\u00bb, a pr\u00e9cis\u00e9 \u00e0 l\u2019AFP un porte-parole de la FNSEA, qui m\u00e8nera ces actions avec un autre syndicat, les <a href=\"https:\/\/www.jeunes-agriculteurs.fr\/\" target=\"_blank\" rel=\"noopener\">Jeunes agriculteurs<\/a> (JA).<\/p>\n<p>M\u00eame les patrons pourraient se mobiliser<\/p>\n<p class=\" wall-content\">Fait plut\u00f4t in\u00e9dit dans ce genre de mobilisation, m\u00eame les patrons pourraient manifester leur ras-le-bol. Samedi, le patron du Medef, Patrick Martin, a brandi la menace d\u2019une \u00ab\u00a0grande mobilisation patronale\u00a0\u00bb, \u00ab\u00a0si les imp\u00f4ts augmentent\u00a0\u00bb.\u00a0<\/p>\n<p class=\" wall-content\">Pas de date annonc\u00e9e ni d\u2019appel \u00e0 rejoindre la prochaine gr\u00e8ve du 18 septembre, mais un coup de pression contre le nouveau Premier ministre <a href=\"https:\/\/actu.fr\/tag\/sebastien-lecornu\" target=\"_blank\" rel=\"noopener\">S\u00e9bastien Lecornu<\/a>. Dans un entretien au <a href=\"https:\/\/www.leparisien.fr\/economie\/si-les-impots-augmentent-il-y-aura-une-grande-mobilisation-patronale-avertit-patrick-martin-president-du-medef-13-09-2025-O44SYJOZNFCKRGIJIK4PQRSQ4E.php\" target=\"_blank\" rel=\"noopener\">Parisien<\/a>, le patron du Medef a pr\u00e9venu dans le cadre du Budget 2026 : \u00ab Les entreprises ne peuvent pas supporter de nouveaux imp\u00f4ts ou des hausses d\u2019imp\u00f4ts suppl\u00e9mentaires. Au contraire, il est m\u00eame urgent de desserrer le frein \u00e0 main pour relancer l\u2019investissement \u00bb.<\/p>\n<p class=\" wall-content\">Patrick Martin a toutefois soulign\u00e9 que les patrons ne descendront pas dans la rue. \u00ab\u00a0On r\u00e9unira massivement, comme ce fut le cas par le pass\u00e9, sous forme de meeting, des milliers de chefs d\u2019entreprise de tout profil, en termes de taille, de secteur d\u2019activit\u00e9, d\u2019origine territoriale pour bien signifier que nous refusons d\u2019\u00eatre la variable d\u2019ajustement de politiques qui nous paraissent contraires \u00e0 la bonne marche de l\u2019\u00e9conomie et \u00e0 l\u2019int\u00e9r\u00eat du pays, dans lequel nous jouons un r\u00f4le important \u00bb.<\/p>\n<p class=\" wall-content\">Le prochain gouvernement, qui doit encore \u00eatre form\u00e9 par le Premier ministre, sait \u00e0 quoi s\u2019attendre.<\/p>\n<p class=\" wall-content\">Personnalisez votre actualit\u00e9 en ajoutant vos villes et m\u00e9dias en favori avec <a href=\"https:\/\/moncompte.actu.fr\" title=\"D\u00e9couvez Mon Actu\" rel=\"nofollow noopener\" data-trk=\"{&quot;cta&quot;:{&quot;action&quot;:&quot;https:\\\/\\\/moncompte.actu.fr&quot;,&quot;category&quot;:&quot;mon compte&quot;,&quot;from&quot;:&quot;article footer&quot;,&quot;name&quot;:&quot;Mon actu&quot;,&quot;type&quot;:&quot;cta&quot;}}\" target=\"_blank\">Mon Actu<\/a>.<\/p>\n","protected":false},"excerpt":{"rendered":"Par Maxime T&rsquo;sjoen Publi\u00e9 le 14 sept. 2025 \u00e0 18h31 ; mis \u00e0 jour le 14 sept. 2025&hellip;\n","protected":false},"author":2,"featured_media":391752,"comment_status":"","ping_status":"","sticky":false,"template":"","format":"standard","meta":{"footnotes":""},"categories":[4],"tags":[11,47212,1011,27,6151,12,25,2215,104],"class_list":{"0":"post-391751","1":"post","2":"type-post","3":"status-publish","4":"format-standard","5":"has-post-thumbnail","7":"category-france","8":"tag-actualites","9":"tag-bloquons-tout","10":"tag-fr","11":"tag-france","12":"tag-greve","13":"tag-news","14":"tag-republique-francaise","15":"tag-sncf","16":"tag-societe"},"share_on_mastodon":{"url":"https:\/\/pubeurope.com\/@fr\/115206472714060718","error":""},"_links":{"self":[{"href":"https:\/\/www.europesays.com\/fr\/wp-json\/wp\/v2\/posts\/391751","targetHints":{"allow":["GET"]}}],"collection":[{"href":"https:\/\/www.europesays.com\/fr\/wp-json\/wp\/v2\/posts"}],"about":[{"href":"https:\/\/www.europesays.com\/fr\/wp-json\/wp\/v2\/types\/post"}],"author":[{"embeddable":true,"href":"https:\/\/www.europesays.com\/fr\/wp-json\/wp\/v2\/users\/2"}],"replies":[{"embeddable":true,"href":"https:\/\/www.europesays.com\/fr\/wp-json\/wp\/v2\/comments?post=391751"}],"version-history":[{"count":0,"href":"https:\/\/www.europesays.com\/fr\/wp-json\/wp\/v2\/posts\/391751\/revisions"}],"wp:featuredmedia":[{"embeddable":true,"href":"https:\/\/www.europesays.com\/fr\/wp-json\/wp\/v2\/media\/391752"}],"wp:attachment":[{"href":"https:\/\/www.europesays.com\/fr\/wp-json\/wp\/v2\/media?parent=391751"}],"wp:term":[{"taxonomy":"category","embeddable":true,"href":"https:\/\/www.europesays.com\/fr\/wp-json\/wp\/v2\/categories?post=391751"},{"taxonomy":"post_tag","embeddable":true,"href":"https:\/\/www.europesays.com\/fr\/wp-json\/wp\/v2\/tags?post=391751"}],"curies":[{"name":"wp","href":"https:\/\/api.w.org\/{rel}","templated":true}]}}