{"id":391755,"date":"2025-09-15T04:41:15","date_gmt":"2025-09-15T04:41:15","guid":{"rendered":"https:\/\/www.europesays.com\/fr\/391755\/"},"modified":"2025-09-15T04:41:15","modified_gmt":"2025-09-15T04:41:15","slug":"cinq-cameras-de-videosurveillance-de-plus-depuis-jeudi","status":"publish","type":"post","link":"https:\/\/www.europesays.com\/fr\/391755\/","title":{"rendered":"cinq cam\u00e9ras de vid\u00e9osurveillance de plus depuis jeudi"},"content":{"rendered":"<p>\u00ab\u00a0Quand je vois qu\u2019on est pass\u00e9 de 10 \u00e0 273 cam\u00e9ras, depuis 2014, c\u2019est remarquable,\u00a0\u00bb estime Nicolas Daragon, vice-pr\u00e9sident Les R\u00e9publicains de la R\u00e9gion Auvergne-Rh\u00f4ne-Alpes. \u00c0 Saint-Chamond, jeudi 11 septembre, il visitait le Centre de supervision urbain (CSU) de la police municipale. Le matin m\u00eame, cinq nouvelles cam\u00e9ras de vid\u00e9osurveillance venaient d\u2019\u00eatre install\u00e9es, dans les quartiers de Fonsala et Saint-Julien.<\/p>\n<p>Le CSU, justement, est en passe d\u2019\u00eatre agrandi, dans le cadre d\u2019un&#8230;<\/p>\n","protected":false},"excerpt":{"rendered":"\u00ab\u00a0Quand je vois qu\u2019on est pass\u00e9 de 10 \u00e0 273 cam\u00e9ras, depuis 2014, c\u2019est remarquable,\u00a0\u00bb estime Nicolas Daragon,&hellip;\n","protected":false},"author":2,"featured_media":391756,"comment_status":"","ping_status":"","sticky":false,"template":"","format":"standard","meta":{"footnotes":""},"categories":[9653],"tags":[1111,11,2430,1984,271,272,7539,1777,674,274,1011,27,6319,12,316,25,9669,9670,4001],"class_list":{"0":"post-391755","1":"post","2":"type-post","3":"status-publish","4":"format-standard","5":"has-post-thumbnail","7":"category-saint-etienne","8":"tag-actu","9":"tag-actualites","10":"tag-auvergne-rhone-alpes","11":"tag-conseil-municipal","12":"tag-crime","13":"tag-delit-et-contravention","14":"tag-edition-loire-sud","15":"tag-eu","16":"tag-europe","17":"tag-faits-divers-justice","18":"tag-fr","19":"tag-france","20":"tag-les-republicains","21":"tag-news","22":"tag-politique","23":"tag-republique-francaise","24":"tag-saint-chamond","25":"tag-saint-chamond-ville","26":"tag-saint-etienne"},"share_on_mastodon":{"url":"https:\/\/pubeurope.com\/@fr\/115206480455690499","error":""},"_links":{"self":[{"href":"https:\/\/www.europesays.com\/fr\/wp-json\/wp\/v2\/posts\/391755","targetHints":{"allow":["GET"]}}],"collection":[{"href":"https:\/\/www.europesays.com\/fr\/wp-json\/wp\/v2\/posts"}],"about":[{"href":"https:\/\/www.europesays.com\/fr\/wp-json\/wp\/v2\/types\/post"}],"author":[{"embeddable":true,"href":"https:\/\/www.europesays.com\/fr\/wp-json\/wp\/v2\/users\/2"}],"replies":[{"embeddable":true,"href":"https:\/\/www.europesays.com\/fr\/wp-json\/wp\/v2\/comments?post=391755"}],"version-history":[{"count":0,"href":"https:\/\/www.europesays.com\/fr\/wp-json\/wp\/v2\/posts\/391755\/revisions"}],"wp:featuredmedia":[{"embeddable":true,"href":"https:\/\/www.europesays.com\/fr\/wp-json\/wp\/v2\/media\/391756"}],"wp:attachment":[{"href":"https:\/\/www.europesays.com\/fr\/wp-json\/wp\/v2\/media?parent=391755"}],"wp:term":[{"taxonomy":"category","embeddable":true,"href":"https:\/\/www.europesays.com\/fr\/wp-json\/wp\/v2\/categories?post=391755"},{"taxonomy":"post_tag","embeddable":true,"href":"https:\/\/www.europesays.com\/fr\/wp-json\/wp\/v2\/tags?post=391755"}],"curies":[{"name":"wp","href":"https:\/\/api.w.org\/{rel}","templated":true}]}}