{"id":391757,"date":"2025-09-15T04:42:14","date_gmt":"2025-09-15T04:42:14","guid":{"rendered":"https:\/\/www.europesays.com\/fr\/391757\/"},"modified":"2025-09-15T04:42:14","modified_gmt":"2025-09-15T04:42:14","slug":"affaire-de-chantage-a-la-video-intime-portrait-de-celui-qui-revele-laffaire-gilles-rossary-lenglet","status":"publish","type":"post","link":"https:\/\/www.europesays.com\/fr\/391757\/","title":{"rendered":"Affaire de chantage \u00e0 la vid\u00e9o intime\u00a0: portrait de celui qui r\u00e9v\u00e8le l&rsquo;affaire, Gilles Rossary-Lenglet"},"content":{"rendered":"<p>A une semaine du d\u00e9but du proc\u00e8s pour chantage pr\u00e9sum\u00e9 \u00e0 la vid\u00e9o intime \u00e0 la mairie de Saint-Etienne, la r\u00e9daction d&rsquo;ICI Saint-Etienne Loire vous propose une s\u00e9rie de portraits des principaux protagonistes. Aujourd&rsquo;hui Gilles Rossary-Lenglet, l&rsquo;homme par qui le scandale a \u00e9clat\u00e9 en 2022.\n<\/p>\n<p>C&rsquo;est le proc\u00e8s que tout le monde attend depuis trois ans \u00e0 Saint-Etienne\u00a0: celui de l&rsquo;affaire du chantage pr\u00e9sum\u00e9 \u00e0 la vid\u00e9o intime \u00e0 la mairie, contre l&rsquo;ex 1er adjoint du maire, Gilles Artigues. Le maire, Ga\u00ebl Perdiau, est poursuivi pour association de malfaiteurs, chantage, soustraction et d\u00e9tournement de fonds publics.\u00a0<strong>Le proc\u00e8s commencera le lundi 22 septembre<\/strong> devant le tribunal correctionnel de Lyon.<\/p>\n<p>Toute cette semaine, la r\u00e9daction d&rsquo;ICI Saint-Etienne Loire vous pr\u00e9sente les principaux protagonistes dans une s\u00e9rie de portraits, \u00e0 commencer par\u00a0<a class=\"IciLink ici-link IciArticleLink g-ici-body-regular-1 underline brand svelte-lu7k6w\" href=\"https:\/\/www.francebleu.fr\/infos\/faits-divers-justice\/affaire-perdriau-a-saint-etienne-je-suis-une-sorte-de-prestataire-de-service-temoigne-gilles-rossary-lenglet-5986780\" rel=\"nofollow noopener\" target=\"_blank\">Gilles Rossary-Lenglet, qui a tout r\u00e9v\u00e9l\u00e9 \u00e0 Mediapart \u00e0 l&rsquo;\u00e9t\u00e9 2022<\/a>. Il sera lui-m\u00eame jug\u00e9 pour pour\u00a0complicit\u00e9 de chantage; participation \u00e0 une\u00a0association de malfaiteurs;\u00a0utilisation, conservation ou divulgation d&rsquo;un document ou enregistrement portant sur des paroles ou images \u00e0 caract\u00e8re sexuel et obtenu par une\u00a0atteinte \u00e0 l&rsquo;intimit\u00e9 de la vie priv\u00e9e\u00a0d&rsquo;autrui;\u00a0recel\u00a0de bien obtenu \u00e0 l&rsquo;aide d&rsquo;un\u00a0d\u00e9tournement\u00a0de fonds.<\/p>\n<p>Un homme \u00ab\u00a0bizarre et pas tr\u00e8s franc\u00a0\u00bb d&rsquo;apr\u00e8s ceux qui l&rsquo;ont cotoy\u00e9<\/p>\n<p>La derni\u00e8re image que beaucoup ont de Gilles Rossary-Lenglet, c&rsquo;\u00e9tait il y a presque un an, celle d\u2019un homme affaibli, malade, qui <strong>n&rsquo;h\u00e9site pas \u00e0 entamer une gr\u00e8ve de la faim<\/strong> sous le kiosque de la place Jean Jaur\u00e8s, pour r\u00e9clamer au gouvernement de Michel Barnier la destitution de Ga\u00ebl Perdriau. Preuve sans doute qu&rsquo;il est pr\u00eat \u00e0 tout.<\/p>\n<p>Cet\u00a0homme de lettres, qui a \u00e9t\u00e9 libraire, est <strong>entr\u00e9 en politique par le parti socialiste<\/strong>, aux c\u00f4t\u00e9s de son compagnon de l&rsquo;\u00e9poque Samy K\u00e9fi-J\u00e9r\u00f4me, lui aussi mis en cause dans l&rsquo;affaire. Il rejoindra ensuite le MRC de Jean-Pierre Chev\u00e8nement, ce qui lui vaudra de faire liste commune avec les \u00e9cologistes pour les \u00e9lections municipales de 2014. \u00ab\u00a0On se m\u00e9fiait de lui\u00a0\u00bb, disent certains, <strong>\u00ab\u00a0Il sortait son t\u00e9l\u00e9phone pour enregistrer les conversations, c&rsquo;\u00e9tait bizarre\u00a0\u00bb<\/strong>.<\/p>\n<p>Dans l&rsquo;affaire de la vid\u00e9o intime, il explique que c&rsquo;est lui qui a mont\u00e9 le sc\u00e9nario du pi\u00e8ge, trouv\u00e9 la cam\u00e9ra et recrut\u00e9 l\u2019escort-boy. Devant la presse comme devant les enqu\u00eateurs il assume tout, <strong>se d\u00e9finissant comme un lanceur d\u2019alerte<\/strong>, alors que ses d\u00e9tracteurs disent qu&rsquo;il a tout d\u00e9voil\u00e9 par vengeance. Il sait en tout cas que ces r\u00e9v\u00e9lations sont une forme de \u00ab\u00a0suicide social\u00a0\u00bb, ce sont ses mots, mais quitte \u00e0 tomber, il veut emmener tout le monde avec lui.<\/p>\n<p>\u00c0 lire aussi   <img decoding=\"async\" src=\"https:\/\/www.europesays.com\/fr\/wp-content\/uploads\/2025\/09\/1757911334_636_200x200\" alt=\"Le maire de Saint-\u00c9tienne Ga\u00ebl Perdriau\" style=\"--_image-preview:url('data:image\/jpeg;base64,\/9j\/2wBDACgcHiMeGSgjISMtKygwPGRBPDc3PHtYXUlkkYCZlo+AjIqgtObDoKrarYqMyP\/L2u71\/\/\/\/m8H\/\/\/\/6\/+b9\/\/j\/2wBDASstLTw1PHZBQXb4pYyl+Pj4+Pj4+Pj4+Pj4+Pj4+Pj4+Pj4+Pj4+Pj4+Pj4+Pj4+Pj4+Pj4+Pj4+Pj4+Pj4+Pj\/wAARCAAqACoDASIAAhEBAxEB\/8QAGAABAQEBAQAAAAAAAAAAAAAAAwIEAQD\/xAAYEAEBAQEBAAAAAAAAAAAAAAAAAQIREv\/EABYBAQEBAAAAAAAAAAAAAAAAAAEAAv\/EABYRAQEBAAAAAAAAAAAAAAAAAAARAf\/aAAwDAQACEQMRAD8A0UeqvQd0FN05NI1UyimNOdL9M+aT0QbQNtGoLURxm1E8Ncp8stOZX1zjvCy2ag7C1JArlzwV5ENynhahB\/\/Z');\" loading=\"lazy\" fetchpriority=\"low\" aria-hidden=\"true\" class=\"svelte-1pnmlwx rounded\" onload=\"this.__e=event\" onerror=\"this.__e=event\"\/><\/p>\n","protected":false},"excerpt":{"rendered":"A une semaine du d\u00e9but du proc\u00e8s pour chantage pr\u00e9sum\u00e9 \u00e0 la vid\u00e9o intime \u00e0 la mairie de&hellip;\n","protected":false},"author":2,"featured_media":391758,"comment_status":"","ping_status":"","sticky":false,"template":"","format":"standard","meta":{"footnotes":""},"categories":[9653],"tags":[1111,11,2430,1777,674,1011,27,12,25,4001],"class_list":{"0":"post-391757","1":"post","2":"type-post","3":"status-publish","4":"format-standard","5":"has-post-thumbnail","7":"category-saint-etienne","8":"tag-actu","9":"tag-actualites","10":"tag-auvergne-rhone-alpes","11":"tag-eu","12":"tag-europe","13":"tag-fr","14":"tag-france","15":"tag-news","16":"tag-republique-francaise","17":"tag-saint-etienne"},"share_on_mastodon":{"url":"https:\/\/pubeurope.com\/@fr\/115206484430792687","error":""},"_links":{"self":[{"href":"https:\/\/www.europesays.com\/fr\/wp-json\/wp\/v2\/posts\/391757","targetHints":{"allow":["GET"]}}],"collection":[{"href":"https:\/\/www.europesays.com\/fr\/wp-json\/wp\/v2\/posts"}],"about":[{"href":"https:\/\/www.europesays.com\/fr\/wp-json\/wp\/v2\/types\/post"}],"author":[{"embeddable":true,"href":"https:\/\/www.europesays.com\/fr\/wp-json\/wp\/v2\/users\/2"}],"replies":[{"embeddable":true,"href":"https:\/\/www.europesays.com\/fr\/wp-json\/wp\/v2\/comments?post=391757"}],"version-history":[{"count":0,"href":"https:\/\/www.europesays.com\/fr\/wp-json\/wp\/v2\/posts\/391757\/revisions"}],"wp:featuredmedia":[{"embeddable":true,"href":"https:\/\/www.europesays.com\/fr\/wp-json\/wp\/v2\/media\/391758"}],"wp:attachment":[{"href":"https:\/\/www.europesays.com\/fr\/wp-json\/wp\/v2\/media?parent=391757"}],"wp:term":[{"taxonomy":"category","embeddable":true,"href":"https:\/\/www.europesays.com\/fr\/wp-json\/wp\/v2\/categories?post=391757"},{"taxonomy":"post_tag","embeddable":true,"href":"https:\/\/www.europesays.com\/fr\/wp-json\/wp\/v2\/tags?post=391757"}],"curies":[{"name":"wp","href":"https:\/\/api.w.org\/{rel}","templated":true}]}}