{"id":391761,"date":"2025-09-15T04:46:02","date_gmt":"2025-09-15T04:46:02","guid":{"rendered":"https:\/\/www.europesays.com\/fr\/391761\/"},"modified":"2025-09-15T04:46:02","modified_gmt":"2025-09-15T04:46:02","slug":"le-temps-de-la-securisation-et-du-deblai-pour-les-sapeurs-pompiers","status":"publish","type":"post","link":"https:\/\/www.europesays.com\/fr\/391761\/","title":{"rendered":"le temps de la s\u00e9curisation et du d\u00e9blai pour les sapeurs-pompiers"},"content":{"rendered":"<p>Apr\u00e8s avoir \u00e9teint <a href=\"https:\/\/www.estrepublicain.fr\/faits-divers-justice\/2025\/09\/11\/feu-de-combles-dans-une-rue-passante-de-nancy-une-intervention-delicate-pour-les-pompiers\" target=\"_blank\" rel=\"noopener\">l\u2019incendie ayant ravag\u00e9 la toiture et les combles du n\u00b0\u00a045 de la rue Saint-Georges, ce jeudi 11\u00a0septembre peu apr\u00e8s 12\u00a0h<\/a> , les sapeurs-pompiers sont rest\u00e9s sur place toute la nuit, et <a href=\"https:\/\/www.estrepublicain.fr\/faits-divers-justice\/2025\/09\/12\/rue-saint-georges-a-nancy-point-complet-apres-l-incendie-du-11-septembre\" target=\"_blank\" rel=\"noopener\">\u00e0 l\u2019\u0153uvre toute la journ\u00e9e de ce vendredi.<\/a> Aux c\u00f4t\u00e9s de charpentiers professionnels, ils devaient en effet s\u00e9curiser les lieux, notamment plusieurs chemin\u00e9es fragilis\u00e9es qui auraient pu s\u2019effondrer.<\/p>\n<p>Figuraient \u00e9galement au programme des 22 sapeurs-pompiers des casernes nanc\u00e9iennes encore mobilis\u00e9s ce vendredi les op\u00e9rations de d\u00e9blai, \u00e0 savoir l\u2019\u00e9vacuation des \u00e9l\u00e9ments calcin\u00e9s.<\/p>\n<p>Au cours de l\u2019apr\u00e8s-midi, quelques commerces environnants, dont la pharmacie, ont pu rouvrir. Seuls les deux immeubles mitoyens du b\u00e2timent incendi\u00e9 doivent rester ferm\u00e9s.<\/p>\n<p>Un nouveau point de situation \u00e9tait pr\u00e9vu en soir\u00e9e avec les services de la pr\u00e9fecture et de la mairie, pour d\u00e9cider du dispositif \u00e0 maintenir ou non ce samedi. Dans tous les cas, les pompiers avaient pr\u00e9vu une pr\u00e9sence toute la nuit de vendredi \u00e0 samedi, pour continuer \u00e0 surveiller le site.<\/p>\n","protected":false},"excerpt":{"rendered":"Apr\u00e8s avoir \u00e9teint l\u2019incendie ayant ravag\u00e9 la toiture et les combles du n\u00b0\u00a045 de la rue Saint-Georges, ce&hellip;\n","protected":false},"author":2,"featured_media":391762,"comment_status":"","ping_status":"","sticky":false,"template":"","format":"standard","meta":{"footnotes":""},"categories":[9635],"tags":[1111,11,1704,2878,1777,674,274,1011,27,775,1310,1702,1703,12,25],"class_list":{"0":"post-391761","1":"post","2":"type-post","3":"status-publish","4":"format-standard","5":"has-post-thumbnail","7":"category-nancy","8":"tag-actu","9":"tag-actualites","10":"tag-edition-nancy-et-agglomeration","11":"tag-encadre","12":"tag-eu","13":"tag-europe","14":"tag-faits-divers-justice","15":"tag-fr","16":"tag-france","17":"tag-grand-est","18":"tag-incendie","19":"tag-nancy","20":"tag-nancy-ville-54b","21":"tag-news","22":"tag-republique-francaise"},"share_on_mastodon":{"url":"https:\/\/pubeurope.com\/@fr\/115206500043601386","error":""},"_links":{"self":[{"href":"https:\/\/www.europesays.com\/fr\/wp-json\/wp\/v2\/posts\/391761","targetHints":{"allow":["GET"]}}],"collection":[{"href":"https:\/\/www.europesays.com\/fr\/wp-json\/wp\/v2\/posts"}],"about":[{"href":"https:\/\/www.europesays.com\/fr\/wp-json\/wp\/v2\/types\/post"}],"author":[{"embeddable":true,"href":"https:\/\/www.europesays.com\/fr\/wp-json\/wp\/v2\/users\/2"}],"replies":[{"embeddable":true,"href":"https:\/\/www.europesays.com\/fr\/wp-json\/wp\/v2\/comments?post=391761"}],"version-history":[{"count":0,"href":"https:\/\/www.europesays.com\/fr\/wp-json\/wp\/v2\/posts\/391761\/revisions"}],"wp:featuredmedia":[{"embeddable":true,"href":"https:\/\/www.europesays.com\/fr\/wp-json\/wp\/v2\/media\/391762"}],"wp:attachment":[{"href":"https:\/\/www.europesays.com\/fr\/wp-json\/wp\/v2\/media?parent=391761"}],"wp:term":[{"taxonomy":"category","embeddable":true,"href":"https:\/\/www.europesays.com\/fr\/wp-json\/wp\/v2\/categories?post=391761"},{"taxonomy":"post_tag","embeddable":true,"href":"https:\/\/www.europesays.com\/fr\/wp-json\/wp\/v2\/tags?post=391761"}],"curies":[{"name":"wp","href":"https:\/\/api.w.org\/{rel}","templated":true}]}}