{"id":391774,"date":"2025-09-15T04:55:11","date_gmt":"2025-09-15T04:55:11","guid":{"rendered":"https:\/\/www.europesays.com\/fr\/391774\/"},"modified":"2025-09-15T04:55:11","modified_gmt":"2025-09-15T04:55:11","slug":"bus-incendie-pieton-renverse-a-rennes-la-police-lance-deux-appels-a-temoins-dans-deux-affaires-recentes","status":"publish","type":"post","link":"https:\/\/www.europesays.com\/fr\/391774\/","title":{"rendered":"Bus incendi\u00e9, pi\u00e9ton renvers\u00e9&#8230; \u00c0 Rennes, la police lance deux appels \u00e0 t\u00e9moins dans deux affaires r\u00e9centes"},"content":{"rendered":"<p>            Par<br \/>\n        <strong><br \/>\n            <a href=\"https:\/\/actu.fr\/auteur\/brian-legoff\" title=\"Consulter tous les articles de Brian Le Goff\" rel=\"nofollow noopener\" target=\"_blank\">Brian Le Goff<\/a><br \/>\n        <\/strong><\/p>\n<p>        Publi\u00e9 le<\/p>\n<p>            15 sept. 2025 \u00e0 6h30        <\/p>\n<p>La <a href=\"https:\/\/actu.fr\/tag\/police\" rel=\"nofollow noopener\" target=\"_blank\">police<\/a> judiciaire de <a href=\"https:\/\/actu.fr\/rennes\/\" rel=\"nofollow noopener\" target=\"_blank\">Rennes<\/a> a diffus\u00e9 deux <a href=\"https:\/\/actu.fr\/tag\/appel-a-temoins\" rel=\"nofollow noopener\" target=\"_blank\">appels \u00e0 t\u00e9moins<\/a> <strong>distincts apr\u00e8s des faits survenus les 10 et 11\u00a0septembre<\/strong> 2025 dans la capitale bretonne. Les enqu\u00eateurs recherchent toute personne pouvant apporter des \u00e9l\u00e9ments utiles (t\u00e9moignages, photos, vid\u00e9os).<\/p>\n<p>Un bus Keolis pris pour cible et incendi\u00e9<\/p>\n<p class=\" wall-content\">Mercredi 10\u00a0septembre, <strong>entre 9\u2009h\u200930 et 10\u2009h,<\/strong> un <a href=\"https:\/\/actu.fr\/bretagne\/rennes_35238\/greve-du-10-septembre-le-conducteur-est-choque-ce-que-l-on-sait-du-bus-incendie-sur-la-rocade-de-rennes_63142337.html\" rel=\"nofollow noopener\" target=\"_blank\">conducteur de bus de la soci\u00e9t\u00e9 Keolis<\/a> a \u00e9t\u00e9 <strong>pris \u00e0 partie<\/strong> lors d\u2019un blocage li\u00e9 au mouvement <a href=\"https:\/\/actu.fr\/tag\/bloquons-tout\" rel=\"nofollow noopener\" target=\"_blank\">\u00ab\u2009Bloquons tout\u2009\u00bb<\/a>, affirme la police.<\/p>\n<p class=\" wall-content\">\n<p class=\" wall-content\"><strong>\u00ab\u2009L\u2019homme a \u00e9t\u00e9 sorti de son v\u00e9hicule <\/strong>sous le <a href=\"https:\/\/actu.fr\/bretagne\/rennes_35238\/bus-incendie-sur-la-rocade-de-rennes-la-pont-d-alma-pourrait-rouvrir-apres-des-investigations-nocturnes_63154719.html\" rel=\"nofollow noopener\" target=\"_blank\">pont d\u2019Alma, sur la rocade sud de Rennes<\/a>. Le bus a ensuite \u00e9t\u00e9 d\u00e9grad\u00e9 puis incendi\u00e9.\u2009\u00bb La police judiciaire appelle toute personne ayant assist\u00e9 \u00e0 la sc\u00e8ne ou disposant d\u2019\u00e9l\u00e9ments (images, vid\u00e9os, t\u00e9moignages) \u00e0 se manifester.<\/p>\n<p>Contacts\u2009:<br \/>02\u200999\u200979\u200987\u200929 ou 02\u200957\u200921\u200963\u200947 (en heures ouvrables)<br \/>02\u200999\u200979\u200985\u200985 (soir et week-end)<\/p>\n<p>Un pi\u00e9ton percut\u00e9 par une voiture qui a pris la fuite<\/p>\n<p class=\" wall-content\">Le lendemain, jeudi 11\u00a0septembre, vers 14\u2009h\u200950, un <strong>homme a \u00e9t\u00e9 percut\u00e9 par un v\u00e9hicule<\/strong> au carrefour entre l\u2019avenue C. et R. Tillon et la rue de Saint-Malo, \u00e0 Rennes. La voiture impliqu\u00e9e ne s\u2019est pas arr\u00eat\u00e9e.<\/p>\n<p class=\" wall-content\">\n<p class=\" wall-content\">Le v\u00e9hicule recherch\u00e9 est d\u00e9crit comme une <a href=\"https:\/\/x.com\/PoliceNat35\/status\/1966531108872286530\" rel=\"nofollow\">Renault M\u00e9gane 2 gris fonc\u00e9<\/a>, avec un pare-brise \u00e9toil\u00e9 et l\u2019absence de la partie basse de la calandre avant. Les <strong>occupants n\u2019ont pas \u00e9t\u00e9 identifi\u00e9s<\/strong> \u00e0 ce stade. L\u00e0 encore, la police sollicite les t\u00e9moignages et signalements.<\/p>\n<p>Votre r\u00e9gion, votre actu !<\/p>\n<p>Recevez chaque jour les infos qui comptent pour vous.<\/p>\n<p>\t<a href=\"https:\/\/actu.fr\/newsletter\" class=\"ac-btn ac-btn--corner ac-btn--medium ac-btn--blue800\" rel=\"nofollow noopener\" target=\"_blank\">S&rsquo;incrire<\/a><\/p>\n<p>Contacts\u2009:<br \/>02\u200999\u200979\u200985\u200966 ou 02\u200999\u200979\u200985\u200971 (en heures ouvrables)<br \/>02\u200999\u200979\u200985\u200985 (soir et week-end)<\/p>\n<p class=\" wall-content\">Personnalisez votre actualit\u00e9 en ajoutant vos villes et m\u00e9dias en favori avec <a href=\"https:\/\/moncompte.actu.fr\" title=\"D\u00e9couvez Mon Actu\" rel=\"nofollow noopener\" data-trk=\"{&quot;cta&quot;:{&quot;action&quot;:&quot;https:\\\/\\\/moncompte.actu.fr&quot;,&quot;category&quot;:&quot;mon compte&quot;,&quot;from&quot;:&quot;article footer&quot;,&quot;name&quot;:&quot;Mon actu&quot;,&quot;type&quot;:&quot;cta&quot;}}\" target=\"_blank\">Mon Actu<\/a>.<\/p>\n","protected":false},"excerpt":{"rendered":"Par Brian Le Goff Publi\u00e9 le 15 sept. 2025 \u00e0 6h30 La police judiciaire de Rennes a diffus\u00e9&hellip;\n","protected":false},"author":2,"featured_media":391775,"comment_status":"","ping_status":"","sticky":false,"template":"","format":"standard","meta":{"footnotes":""},"categories":[2821],"tags":[1111,11,4260,47212,829,1777,674,118,1011,27,12,1072,584,25],"class_list":{"0":"post-391774","1":"post","2":"type-post","3":"status-publish","4":"format-standard","5":"has-post-thumbnail","7":"category-rennes","8":"tag-actu","9":"tag-actualites","10":"tag-appel-a-temoins","11":"tag-bloquons-tout","12":"tag-bretagne","13":"tag-eu","14":"tag-europe","15":"tag-faits-divers","16":"tag-fr","17":"tag-france","18":"tag-news","19":"tag-police","20":"tag-rennes","21":"tag-republique-francaise"},"share_on_mastodon":{"url":"https:\/\/pubeurope.com\/@fr\/115206535571415802","error":""},"_links":{"self":[{"href":"https:\/\/www.europesays.com\/fr\/wp-json\/wp\/v2\/posts\/391774","targetHints":{"allow":["GET"]}}],"collection":[{"href":"https:\/\/www.europesays.com\/fr\/wp-json\/wp\/v2\/posts"}],"about":[{"href":"https:\/\/www.europesays.com\/fr\/wp-json\/wp\/v2\/types\/post"}],"author":[{"embeddable":true,"href":"https:\/\/www.europesays.com\/fr\/wp-json\/wp\/v2\/users\/2"}],"replies":[{"embeddable":true,"href":"https:\/\/www.europesays.com\/fr\/wp-json\/wp\/v2\/comments?post=391774"}],"version-history":[{"count":0,"href":"https:\/\/www.europesays.com\/fr\/wp-json\/wp\/v2\/posts\/391774\/revisions"}],"wp:featuredmedia":[{"embeddable":true,"href":"https:\/\/www.europesays.com\/fr\/wp-json\/wp\/v2\/media\/391775"}],"wp:attachment":[{"href":"https:\/\/www.europesays.com\/fr\/wp-json\/wp\/v2\/media?parent=391774"}],"wp:term":[{"taxonomy":"category","embeddable":true,"href":"https:\/\/www.europesays.com\/fr\/wp-json\/wp\/v2\/categories?post=391774"},{"taxonomy":"post_tag","embeddable":true,"href":"https:\/\/www.europesays.com\/fr\/wp-json\/wp\/v2\/tags?post=391774"}],"curies":[{"name":"wp","href":"https:\/\/api.w.org\/{rel}","templated":true}]}}