{"id":391786,"date":"2025-09-15T05:01:12","date_gmt":"2025-09-15T05:01:12","guid":{"rendered":"https:\/\/www.europesays.com\/fr\/391786\/"},"modified":"2025-09-15T05:01:12","modified_gmt":"2025-09-15T05:01:12","slug":"haute-goulaine-elie-durel-contera-lhistoire-de-la-pirate-de-clisson","status":"publish","type":"post","link":"https:\/\/www.europesays.com\/fr\/391786\/","title":{"rendered":"Haute-Goulaine. \u00c9lie Durel contera l\u2019histoire de la pirate de Clisson"},"content":{"rendered":"<p>Ce week-end, le ch\u00e2teau de Goulaine d\u00e9roule un programme sp\u00e9cial Journ\u00e9es du patrimoine. Samedi, les visites guid\u00e9es \u00e0 14\u00a0h\u00a030, 15\u00a0h\u00a045 et 17\u00a0h seront ponctu\u00e9es d\u2019interm\u00e8des de musique baroque, jou\u00e9s par l\u2019ensemble Pavane. Dimanche, d\u00e9monstrations de combat \u00e0 l\u2019\u00e9p\u00e9e par l\u2019association Spadassins et atelier cr\u00e9atif autour de l\u2019enluminure avec l\u2019atelier Pigment et Vermeil.<\/p>\n<p>Samedi et le dimanche, \u00e0 15\u00a0h\u00a030, l\u2019auteur et historien Christian Dureau, alias \u00c9lie Durel, donnera une conf\u00e9rence sur Jeanne de Belleville, la dame pirate de Clisson. Auteur de Jeanne de Belleville, corsaire par amour ou la tigresse bretonne, \u00c9lie Durel a \u00e9t\u00e9 film\u00e9 au ch\u00e2teau de Goulaine pour l\u2019\u00e9mission Secret d\u2019histoire de St\u00e9phane Bern, sur France3. Il contera l\u2019histoire d\u2019amour tragique de Jeanne de Belleville avec Olivier de Clisson.<\/p>\n<p><strong class=\"date\">Samedi\u00a020 et dimanche 21\u00a0septembre,<\/strong> au ch\u00e2teau de Goulaine. Visite flash toutes les trente\u00a0minutes, d\u00e8s 14\u00a0h. Tarif\u00a0: 5,50\u00a0\u20ac, gratuit pour les moins de 16\u00a0ans. Animations incluses avec le billet d\u2019entr\u00e9e.<\/p>\n<p>\u00a0<\/p>\n","protected":false},"excerpt":{"rendered":"Ce week-end, le ch\u00e2teau de Goulaine d\u00e9roule un programme sp\u00e9cial Journ\u00e9es du patrimoine. Samedi, les visites guid\u00e9es \u00e0&hellip;\n","protected":false},"author":2,"featured_media":391787,"comment_status":"","ping_status":"","sticky":false,"template":"","format":"standard","meta":{"footnotes":""},"categories":[2818],"tags":[1111,11,52409,52408,52407,52406,1777,674,1011,27,10042,937,766,12,2636,35193,25,3272],"class_list":{"0":"post-391786","1":"post","2":"type-post","3":"status-publish","4":"format-standard","5":"has-post-thumbnail","7":"category-nantes","8":"tag-actu","9":"tag-actualites","10":"tag-clisson","11":"tag-contera","12":"tag-durel","13":"tag-elie","14":"tag-eu","15":"tag-europe","16":"tag-fr","17":"tag-france","18":"tag-haute-goulaine","19":"tag-histoire","20":"tag-nantes","21":"tag-news","22":"tag-pays-de-la-loire","23":"tag-pirate","24":"tag-republique-francaise","25":"tag-saint-nazaire"},"share_on_mastodon":{"url":"https:\/\/pubeurope.com\/@fr\/115206559078539922","error":""},"_links":{"self":[{"href":"https:\/\/www.europesays.com\/fr\/wp-json\/wp\/v2\/posts\/391786","targetHints":{"allow":["GET"]}}],"collection":[{"href":"https:\/\/www.europesays.com\/fr\/wp-json\/wp\/v2\/posts"}],"about":[{"href":"https:\/\/www.europesays.com\/fr\/wp-json\/wp\/v2\/types\/post"}],"author":[{"embeddable":true,"href":"https:\/\/www.europesays.com\/fr\/wp-json\/wp\/v2\/users\/2"}],"replies":[{"embeddable":true,"href":"https:\/\/www.europesays.com\/fr\/wp-json\/wp\/v2\/comments?post=391786"}],"version-history":[{"count":0,"href":"https:\/\/www.europesays.com\/fr\/wp-json\/wp\/v2\/posts\/391786\/revisions"}],"wp:featuredmedia":[{"embeddable":true,"href":"https:\/\/www.europesays.com\/fr\/wp-json\/wp\/v2\/media\/391787"}],"wp:attachment":[{"href":"https:\/\/www.europesays.com\/fr\/wp-json\/wp\/v2\/media?parent=391786"}],"wp:term":[{"taxonomy":"category","embeddable":true,"href":"https:\/\/www.europesays.com\/fr\/wp-json\/wp\/v2\/categories?post=391786"},{"taxonomy":"post_tag","embeddable":true,"href":"https:\/\/www.europesays.com\/fr\/wp-json\/wp\/v2\/tags?post=391786"}],"curies":[{"name":"wp","href":"https:\/\/api.w.org\/{rel}","templated":true}]}}