{"id":39179,"date":"2025-04-20T15:24:12","date_gmt":"2025-04-20T15:24:12","guid":{"rendered":"https:\/\/www.europesays.com\/fr\/39179\/"},"modified":"2025-04-20T15:24:12","modified_gmt":"2025-04-20T15:24:12","slug":"marseille-la-surprenante-nouvelle-vie-de-ce-batiment-squatte-des-quartiers-nord","status":"publish","type":"post","link":"https:\/\/www.europesays.com\/fr\/39179\/","title":{"rendered":"Marseille. La surprenante nouvelle vie de ce b\u00e2timent squatt\u00e9 des quartiers nord"},"content":{"rendered":"<p>            Par<br \/>\n        <strong><br \/>\n            <a href=\"https:\/\/actu.fr\/auteur\/fabien-binacchi\" title=\"Consulter tous les articles de Fabien Binacchi\" target=\"_blank\" rel=\"noopener\">Fabien Binacchi<\/a><br \/>\n        <\/strong><\/p>\n<p>        Publi\u00e9 le<\/p>\n<p>            20 avr. 2025 \u00e0 6h44        <\/p>\n<p>Les fen\u00eatres sont calfeutr\u00e9es quand elles ne sont pas cass\u00e9es, des volets tiennent tant bien que mal, sur un seul gond, et des tags ont fleuri sur les murs.<\/p>\n<p class=\" wall-content\">Dans <a href=\"https:\/\/actu.fr\/tag\/quartiers-nord\" target=\"_blank\" rel=\"noopener\">les quartiers Nord<\/a> de <a href=\"https:\/\/actu.fr\/marseille\/\" target=\"_blank\" rel=\"noopener\">Marseille<\/a>, chemin de la Madrague-Ville, <strong>un b\u00e2timent abandonn\u00e9 pendant des ann\u00e9es<\/strong> et squatt\u00e9, va s\u2019offrir une nouvelle vie surprenante.<\/p>\n<p class=\" wall-content\">Voil\u00e0 le projet qui est pr\u00e9vu sur place.<\/p>\n<p>Un Ehpad public<\/p>\n<p class=\" wall-content\">Au 462 chemin de la Madrague-Ville, dans le 15e arrondissement de Marseille, un vaste chantier s\u2019annonce. <strong>L\u2019ancienne Mission locale du quartier<\/strong>, abandonn\u00e9 pendant des ann\u00e9es (des squatteurs avaient m\u00eame d\u00fb \u00eatre \u00e9vacu\u00e9s en 2020 \u00e0 cause d\u2019un incendie), va conna\u00eetre <strong>une nouvelle jeunesse\u2026 avec des personnes \u00e2g\u00e9es.<\/strong><\/p>\n<p>    <a href=\"https:\/\/www.google.com\/maps\/embed?pb=!1m18!1m12!1m3!1d10896.366257756814!2d5.334467683974338!3d43.34214302232063!2m3!1f0!2f0!3f0!3m2!1i1024!2i768!4f13.1!3m3!1m2!1s0x12c9c034d980d59d%3A0x758586b8795376fa!2s462%20Chem.%20de%20la%20Madrague-Ville%2C%2013015%20Marseille!5e1!3m2!1sfr!2sfr!4v1744984453327!5m2!1sfr!2sfr\" title=\"Ouvrie le lien\" target=\"_blank\" rel=\"noopener\">Cliquez ici pour visualiser le contenu<\/a><\/p>\n<p>Vid\u00e9os : en ce moment sur Actu<\/p>\n<p class=\" wall-content\">Ce b\u00e2timent historique, propri\u00e9t\u00e9 de la Ville, qui accueillait aussi \u00ab\u00a0pr\u00e9c\u00e9demment des activit\u00e9s de formation\u00a0\u00bb, va devenir le deuxi\u00e8me Ehpad public de la cit\u00e9 phoc\u00e9enne, <strong>le premier directement g\u00e9r\u00e9 par la Mairie.<\/strong> L\u2019Agence r\u00e9gionale de sant\u00e9 (ARS) et le Conseil d\u00e9partemental ont donn\u00e9 leur vert au projet ce jeudi 17\u00a0avril.<\/p>\n<blockquote class=\"ac-article-quote wall-content\">\n<p>Le projet r\u00e9pond \u00e0 un besoin av\u00e9r\u00e9 de r\u00e9\u00e9quilibrage de l\u2019offre m\u00e9dico-sociale dans le secteur du nord de Marseille, o\u00f9 l\u2019offre en h\u00e9bergement pour personnes \u00e2g\u00e9es est actuellement peu d\u00e9velopp\u00e9e.<\/p>\n<p>    <strong>ARS Paca<\/strong>\n            <\/p><\/blockquote>\n<p>Jusqu\u2019\u00e0 88\u00a0personnes<\/p>\n<p class=\" wall-content\">Cet Ehpad pourra h\u00e9berger et soigner jusqu\u2019\u00e0 88 personnes 24h\/24 mais aussi des <strong>\u00abpersonnes atteintes de la maladie d\u2019Alzheimer\u00bb en accueil de jour.<\/strong><\/p>\n<p class=\" wall-content\">Dans le d\u00e9tail, il \u00ab\u2009sera constitu\u00e9 de 74 lits en h\u00e9bergement permanent, dont 12 en unit\u00e9 de vie prot\u00e9g\u00e9e, de 10 lits pour personnes handicap\u00e9es vieillissantes, de 4 lits en h\u00e9bergement temporaire\u2009\u00bb, indique la Ville de Marseille dans un communiqu\u00e9.<\/p>\n<p>\u00ab\u2009Acc\u00e8s \u00e9quitable\u2009\u00bb<\/p>\n<p class=\" wall-content\">La Mairie, qui g\u00e9rera le lieu par le biais d\u2019un Centre communal d\u2019action sociale (CCAS), promet aussi \u00ab\u2009un taux d\u2019encadrement renforc\u00e9 pour garantir <strong>bientraitance<\/strong> et proximit\u00e9 au quotidien\u2009\u00bb. Avec <strong>des prix beaucoup moins \u00e9lev\u00e9s<\/strong> que ceux pratiqu\u00e9s dans le priv\u00e9.<\/p>\n<blockquote class=\"ac-article-quote wall-content\">\n<p>Il sera habilit\u00e9 \u00e0 50 % \u00e0 l\u2019aide sociale, garantissant ainsi un acc\u00e8s \u00e9quitable pour les publics les plus fragiles.<\/p>\n<p>    <strong>ARS Paca<\/strong>\n            <\/p><\/blockquote>\n<p class=\" wall-content\">L\u2019ouverture est programm\u00e9e pour <strong>2027.<\/strong><\/p>\n<p class=\" wall-content\">Suivez toute l\u2019actualit\u00e9 de vos villes et m\u00e9dias favoris en vous inscrivant \u00e0 <a href=\"https:\/\/moncompte.actu.fr\" title=\"D\u00e9couvez Mon Actu\" rel=\"nofollow noopener\" data-trk=\"{&quot;cta&quot;:{&quot;action&quot;:&quot;https:\\\/\\\/moncompte.actu.fr&quot;,&quot;category&quot;:&quot;mon compte&quot;,&quot;from&quot;:&quot;article footer&quot;,&quot;name&quot;:&quot;Mon actu&quot;,&quot;type&quot;:&quot;cta&quot;}}\" target=\"_blank\">Mon Actu<\/a>.<\/p>\n","protected":false},"excerpt":{"rendered":"Par Fabien Binacchi Publi\u00e9 le 20 avr. 2025 \u00e0 6h44 Les fen\u00eatres sont calfeutr\u00e9es quand elles ne sont&hellip;\n","protected":false},"author":2,"featured_media":39180,"comment_status":"","ping_status":"","sticky":false,"template":"","format":"standard","meta":{"footnotes":""},"categories":[2814],"tags":[1111,11,12216,1777,674,1011,27,884,12,882,25,104],"class_list":{"0":"post-39179","1":"post","2":"type-post","3":"status-publish","4":"format-standard","5":"has-post-thumbnail","7":"category-marseille","8":"tag-actu","9":"tag-actualites","10":"tag-ehpad","11":"tag-eu","12":"tag-europe","13":"tag-fr","14":"tag-france","15":"tag-marseille","16":"tag-news","17":"tag-provence-alpes-cote-dazur","18":"tag-republique-francaise","19":"tag-societe"},"share_on_mastodon":{"url":"https:\/\/pubeurope.com\/@fr\/114370987118526236","error":""},"_links":{"self":[{"href":"https:\/\/www.europesays.com\/fr\/wp-json\/wp\/v2\/posts\/39179","targetHints":{"allow":["GET"]}}],"collection":[{"href":"https:\/\/www.europesays.com\/fr\/wp-json\/wp\/v2\/posts"}],"about":[{"href":"https:\/\/www.europesays.com\/fr\/wp-json\/wp\/v2\/types\/post"}],"author":[{"embeddable":true,"href":"https:\/\/www.europesays.com\/fr\/wp-json\/wp\/v2\/users\/2"}],"replies":[{"embeddable":true,"href":"https:\/\/www.europesays.com\/fr\/wp-json\/wp\/v2\/comments?post=39179"}],"version-history":[{"count":0,"href":"https:\/\/www.europesays.com\/fr\/wp-json\/wp\/v2\/posts\/39179\/revisions"}],"wp:featuredmedia":[{"embeddable":true,"href":"https:\/\/www.europesays.com\/fr\/wp-json\/wp\/v2\/media\/39180"}],"wp:attachment":[{"href":"https:\/\/www.europesays.com\/fr\/wp-json\/wp\/v2\/media?parent=39179"}],"wp:term":[{"taxonomy":"category","embeddable":true,"href":"https:\/\/www.europesays.com\/fr\/wp-json\/wp\/v2\/categories?post=39179"},{"taxonomy":"post_tag","embeddable":true,"href":"https:\/\/www.europesays.com\/fr\/wp-json\/wp\/v2\/tags?post=39179"}],"curies":[{"name":"wp","href":"https:\/\/api.w.org\/{rel}","templated":true}]}}