{"id":391814,"date":"2025-09-15T05:18:14","date_gmt":"2025-09-15T05:18:14","guid":{"rendered":"https:\/\/www.europesays.com\/fr\/391814\/"},"modified":"2025-09-15T05:18:14","modified_gmt":"2025-09-15T05:18:14","slug":"grand-paris-velibest-lappli-qui-localise-les-meilleurs-velib-disponibles-et-simplifie-la-vie-des-usagers","status":"publish","type":"post","link":"https:\/\/www.europesays.com\/fr\/391814\/","title":{"rendered":"Grand Paris\u00a0: VeliBest, l\u2019appli qui localise les meilleurs V\u00e9lib\u2019 disponibles et simplifie la vie des usagers"},"content":{"rendered":"<p class=\"paragraph text_align_left lp-f-body-02\">Un, deux, trois V\u00e9lib\u2019 essay\u00e9s\u2026 et aucun en \u00e9tat de rouler. Cette mauvaise exp\u00e9rience, des dizaines de milliers d\u2019usagers du r\u00e9seau de v\u00e9los partag\u00e9s la vivent au quotidien. En cette rentr\u00e9e, le r\u00e9seau V\u00e9lib\u2019 compte d\u00e9sormais plus de 530 000 inscrits et se remet \u00e0 peine d\u2019<a href=\"https:\/\/www.leparisien.fr\/info-paris-ile-de-france-oise\/transports\/hausse-des-tarifs-des-velib-les-courses-gratuites-a-velo-electrique-dans-le-grand-paris-cest-fini-24-07-2025-GISUMEC5UNDFHANO6ZAMH5DQC4.php\" target=\"_self\" rel=\"noopener\">une vague de fraude et de vandalisme<\/a> qui a fait dispara\u00eetre 3 000 v\u00e9los juste avant l\u2019\u00e9t\u00e9.<\/p>\n<p class=\"paragraph text_align_left lp-f-body-02\">Et bien que 20 000 v\u00e9los soient \u00e0 nouveau r\u00e9partis dans les 1 500 stations de la M\u00e9tropole du Grand Paris, il demeure al\u00e9atoire de trouver du premier coup <a href=\"https:\/\/www.leparisien.fr\/info-paris-ile-de-france-oise\/transports\/velos-en-mauvais-etat-stations-pleines-velib-repond-aux-critiques-de-ses-usagers-09-10-2024-LZHJZQIDM5HPTELK7BQCJ43IFQ.php\" target=\"_self\" rel=\"noopener\">un mod\u00e8le en bon \u00e9tat g\u00e9n\u00e9ral<\/a>. La difficult\u00e9 s\u2019accro\u00eet avec le surplus de courses depuis la rentr\u00e9e scolaire. \u00ab Il y a eu 153 000 trajets par jour en moyenne lors de la premi\u00e8re semaine de septembre \u00bb, observe Sylvain Raifaud, le pr\u00e9sident de l\u2019Agence m\u00e9tropolitaine des mobilit\u00e9s partag\u00e9es (Agemob).<\/p>\n","protected":false},"excerpt":{"rendered":"Un, deux, trois V\u00e9lib\u2019 essay\u00e9s\u2026 et aucun en \u00e9tat de rouler. Cette mauvaise exp\u00e9rience, des dizaines de milliers&hellip;\n","protected":false},"author":2,"featured_media":391815,"comment_status":"","ping_status":"","sticky":false,"template":"","format":"standard","meta":{"footnotes":""},"categories":[1888],"tags":[11,1777,674,1011,27,1944,12,626,25,2382],"class_list":{"0":"post-391814","1":"post","2":"type-post","3":"status-publish","4":"format-standard","5":"has-post-thumbnail","7":"category-paris","8":"tag-actualites","9":"tag-eu","10":"tag-europe","11":"tag-fr","12":"tag-france","13":"tag-ma-ville","14":"tag-news","15":"tag-paris","16":"tag-republique-francaise","17":"tag-transport-idf-oise"},"share_on_mastodon":{"url":"https:\/\/pubeurope.com\/@fr\/115206626044580066","error":""},"_links":{"self":[{"href":"https:\/\/www.europesays.com\/fr\/wp-json\/wp\/v2\/posts\/391814","targetHints":{"allow":["GET"]}}],"collection":[{"href":"https:\/\/www.europesays.com\/fr\/wp-json\/wp\/v2\/posts"}],"about":[{"href":"https:\/\/www.europesays.com\/fr\/wp-json\/wp\/v2\/types\/post"}],"author":[{"embeddable":true,"href":"https:\/\/www.europesays.com\/fr\/wp-json\/wp\/v2\/users\/2"}],"replies":[{"embeddable":true,"href":"https:\/\/www.europesays.com\/fr\/wp-json\/wp\/v2\/comments?post=391814"}],"version-history":[{"count":0,"href":"https:\/\/www.europesays.com\/fr\/wp-json\/wp\/v2\/posts\/391814\/revisions"}],"wp:featuredmedia":[{"embeddable":true,"href":"https:\/\/www.europesays.com\/fr\/wp-json\/wp\/v2\/media\/391815"}],"wp:attachment":[{"href":"https:\/\/www.europesays.com\/fr\/wp-json\/wp\/v2\/media?parent=391814"}],"wp:term":[{"taxonomy":"category","embeddable":true,"href":"https:\/\/www.europesays.com\/fr\/wp-json\/wp\/v2\/categories?post=391814"},{"taxonomy":"post_tag","embeddable":true,"href":"https:\/\/www.europesays.com\/fr\/wp-json\/wp\/v2\/tags?post=391814"}],"curies":[{"name":"wp","href":"https:\/\/api.w.org\/{rel}","templated":true}]}}