{"id":391820,"date":"2025-09-15T05:21:13","date_gmt":"2025-09-15T05:21:13","guid":{"rendered":"https:\/\/www.europesays.com\/fr\/391820\/"},"modified":"2025-09-15T05:21:13","modified_gmt":"2025-09-15T05:21:13","slug":"apres-larrestation-de-centaines-de-travailleurs-sud-coreens-donald-trump-veut-rassurer-les-investisseurs-etrangers","status":"publish","type":"post","link":"https:\/\/www.europesays.com\/fr\/391820\/","title":{"rendered":"Apr\u00e8s l\u2019arrestation de centaines de travailleurs sud-cor\u00e9ens, Donald Trump veut rassurer les investisseurs \u00e9trangers"},"content":{"rendered":"<p>Le pr\u00e9sident am\u00e9ricain, qui a arr\u00eat\u00e9 in extremis la d\u00e9portation de pr\u00e8s de 500 ouvriers install\u00e9s en G\u00e9orgie, a assur\u00e9 ne pas vouloir \u00abfaire peur\u00bb aux entreprises \u00e9trang\u00e8res.<\/p>\n<p class=\"fig-paragraph\">Donald Trump tente de r\u00e9parer les d\u00e9g\u00e2ts. Dix jours\u00a0<a href=\"http:\/\/www.lefigaro.fr\/international\/etats-unis-les-sud-coreens-arretes-lors-d-un-raid-dans-une-usine-vont-bientot-etre-relaches-selon-seoul-20250907\" data-fig-type=\"NewsFlash\" data-gtm-custom-categorie=\"navigation\" data-gtm-custom-action=\"crossclick\" data-gtm-custom-label=\"Contextuel\" data-gtm-event=\"customEventSPE\" data-fig-domain=\"LEFIGARO\" target=\"_blank\" rel=\"noopener\">apr\u00e8s l\u2019interpellation de centaines de travailleurs Sud-Cor\u00e9ens en G\u00e9orgie<\/a>, le pr\u00e9sident am\u00e9ricain a assur\u00e9 ce dimanche 15 septembre que les travailleurs envoy\u00e9s aux \u00c9tats-Unis par des soci\u00e9t\u00e9s \u00e9trang\u00e8res \u00e9taient \u00ables bienvenus\u00bb et qu&rsquo;il ne voulait pas \u00abfaire peur\u00bb aux investisseurs d&rsquo;autres pays.<\/p>\n<p class=\"fig-paragraph\">Quelque 475 personnes, essentiellement des ressortissants sud-cor\u00e9ens, ont \u00e9t\u00e9 arr\u00eat\u00e9es le 4 septembre sur le site de construction d&rsquo;une usine de batteries pour v\u00e9hicules \u00e9lectriques \u00e0 Ellabell (G\u00e9orgie), op\u00e9r\u00e9e conjointement par Hyundai et LG, deux fleurons sud-cor\u00e9ens. La police am\u00e9ricaine de l&rsquo;immigration (ICE) a affirm\u00e9 que les citoyens sud-cor\u00e9ens avaient d\u00e9pass\u00e9 la dur\u00e9e de s\u00e9jour pr\u00e9vue par leur visa ou \u00e9taient d\u00e9tenteurs d&rsquo;une autorisation qui ne leur permettait pas d&rsquo;effectuer du travail manuel.<\/p>\n<p>                                    <a class=\"fig-a11y-skip a11y-hidden\" href=\"#fig-a11y-skip-main-inarticle\"><br \/>\n        Passer la publicit\u00e9<br \/>\n    <\/a><\/p>\n<p>Besoin \u00abd\u2019experts \u00e9trangers\u00bb<\/p>\n<p class=\"fig-paragraph\">Donald Trump\u00a0<a href=\"http:\/\/www.lefigaro.fr\/flash-actu\/etats-unis-les-salaries-sud-coreens-arretes-lors-d-un-raid-seront-liberes-ce-jeudi-20250911\" data-fig-type=\"NewsFlash\" data-gtm-custom-categorie=\"navigation\" data-gtm-custom-action=\"crossclick\" data-gtm-custom-label=\"Contextuel\" data-gtm-event=\"customEventSPE\" data-fig-domain=\"LEFIGARO\" target=\"_blank\" rel=\"noopener\">a renonc\u00e9 \u00e0 les expulser<\/a>, mais S\u00e9oul a d\u00e9cid\u00e9 de les rapatrier, vendredi. L&rsquo;op\u00e9ration a suscit\u00e9 l&rsquo;\u00e9moi en Cor\u00e9e du Sud et bien au-del\u00e0, alors que le pr\u00e9sident am\u00e9ricain a fait des investissements \u00e9trangers aux \u00c9tats-Unis l&rsquo;un des grands axes de sa politique \u00e9conomique. Le pr\u00e9sident sud-cor\u00e9en Lee Jae Myung a pr\u00e9venu jeudi que la descente sur le site d&rsquo;Ellabell pourrait dissuader de futurs investissements.<\/p>\n<p class=\"fig-paragraph\">\u00abJe ne veux pas faire peur ou d\u00e9courager l&rsquo;investissement de nations ou entreprises \u00e9trang\u00e8res aux \u00c9tats-Unis\u00bb, a tent\u00e9 de rassurer Donald Trump dans un message post\u00e9 sur son r\u00e9seau Truth Social dimanche. Ces soci\u00e9t\u00e9s \u00abet leurs employ\u00e9s sont les bienvenus\u00bb, a assur\u00e9 le chef de l&rsquo;\u00c9tat am\u00e9ricain. L&rsquo;\u00e9conomie am\u00e9ricaine a besoin d&rsquo;\u00abexperts (\u00e9trangers) pendant un certain temps, pour nous apprendre et nous former \u00e0 la mani\u00e8re de fabriquer ces produits complexes\u00bb, a d\u00e9crit Donald Trump. Dans un second temps, veut croire l&rsquo;ancien promoteur immobilier, les \u00c9tats-Unis seront capables \u00abde faire mieux\u00bb que ces groupes \u00e9trangers.<\/p>\n<p class=\"fig-paragraph\">Fin juillet, \u00c9tats-Unis et Cor\u00e9e du Sud se sont entendus sur un accord commercial qui pr\u00e9voit 15% de droits de douane impos\u00e9s aux produits sud-cor\u00e9ens entrant sur le territoire am\u00e9ricain. Il inclut aussi l&rsquo;engagement de la Cor\u00e9e du Sud \u00e0 investir 350 milliards de dollars aux \u00c9tats-Unis. Mais jeudi, le secr\u00e9taire am\u00e9ricain au Commerce, Howard Lutnick, s&rsquo;est publiquement agac\u00e9 du fait que les dirigeants sud-cor\u00e9ens n&rsquo;aient pas encore sign\u00e9 le document final. \u00abSoit les Cor\u00e9ens acceptent l&rsquo;accord\u00bb, a-t-il d\u00e9clar\u00e9, \u00absoit ils paieront les droits de douane\u00bb, allusion au seuil de 25% que pr\u00e9voyait initialement le gouvernement am\u00e9ricain avant l&rsquo;annonce de fin juillet. Jeudi, Lee Jae Myung a expliqu\u00e9 qu&rsquo;il parapherait le document \u00abs&rsquo;il est bon\u00bb pour son pays. \u00abSi ce n&rsquo;est pas dans notre int\u00e9r\u00eat, cela n&rsquo;a aucun sens.\u00bb<\/p>\n","protected":false},"excerpt":{"rendered":"Le pr\u00e9sident am\u00e9ricain, qui a arr\u00eat\u00e9 in extremis la d\u00e9portation de pr\u00e8s de 500 ouvriers install\u00e9s en G\u00e9orgie,&hellip;\n","protected":false},"author":2,"featured_media":391821,"comment_status":"","ping_status":"","sticky":false,"template":"","format":"standard","meta":{"footnotes":""},"categories":[1589],"tags":[11,5640,75,73,1866,12,1864,1865,1863,308],"class_list":{"0":"post-391820","1":"post","2":"type-post","3":"status-publish","4":"format-standard","5":"has-post-thumbnail","7":"category-etats-unis","8":"tag-actualites","9":"tag-coree-du-sud","10":"tag-donald-trump","11":"tag-etats-unis","12":"tag-etats-unis-damerique","13":"tag-news","14":"tag-united-states","15":"tag-united-states-of-america","16":"tag-us","17":"tag-usa"},"share_on_mastodon":{"url":"https:\/\/pubeurope.com\/@fr\/115206637658228970","error":""},"_links":{"self":[{"href":"https:\/\/www.europesays.com\/fr\/wp-json\/wp\/v2\/posts\/391820","targetHints":{"allow":["GET"]}}],"collection":[{"href":"https:\/\/www.europesays.com\/fr\/wp-json\/wp\/v2\/posts"}],"about":[{"href":"https:\/\/www.europesays.com\/fr\/wp-json\/wp\/v2\/types\/post"}],"author":[{"embeddable":true,"href":"https:\/\/www.europesays.com\/fr\/wp-json\/wp\/v2\/users\/2"}],"replies":[{"embeddable":true,"href":"https:\/\/www.europesays.com\/fr\/wp-json\/wp\/v2\/comments?post=391820"}],"version-history":[{"count":0,"href":"https:\/\/www.europesays.com\/fr\/wp-json\/wp\/v2\/posts\/391820\/revisions"}],"wp:featuredmedia":[{"embeddable":true,"href":"https:\/\/www.europesays.com\/fr\/wp-json\/wp\/v2\/media\/391821"}],"wp:attachment":[{"href":"https:\/\/www.europesays.com\/fr\/wp-json\/wp\/v2\/media?parent=391820"}],"wp:term":[{"taxonomy":"category","embeddable":true,"href":"https:\/\/www.europesays.com\/fr\/wp-json\/wp\/v2\/categories?post=391820"},{"taxonomy":"post_tag","embeddable":true,"href":"https:\/\/www.europesays.com\/fr\/wp-json\/wp\/v2\/tags?post=391820"}],"curies":[{"name":"wp","href":"https:\/\/api.w.org\/{rel}","templated":true}]}}