{"id":391831,"date":"2025-09-15T05:27:11","date_gmt":"2025-09-15T05:27:11","guid":{"rendered":"https:\/\/www.europesays.com\/fr\/391831\/"},"modified":"2025-09-15T05:27:11","modified_gmt":"2025-09-15T05:27:11","slug":"blesses-kimpembe-la-conference-de-presse-de-luis-enrique","status":"publish","type":"post","link":"https:\/\/www.europesays.com\/fr\/391831\/","title":{"rendered":"Bless\u00e9s, Kimpembe&#8230; La conf\u00e9rence de presse de Luis Enrique"},"content":{"rendered":"<p>Ce dimanche, le PSG s\u2019est impos\u00e9 contre Lens lors de la<br \/>\nquatri\u00e8me journ\u00e9e de Ligue 1 (2-0). Mais lors de ce match, il a<br \/>\nperdu trois joueurs. Luis Enrique a donn\u00e9 des nouvelles de ses<br \/>\nbless\u00e9s.<\/p>\n<p>Pour son retour \u00e0 la comp\u00e9tition, le <strong>PSG<\/strong><br \/>\nrecevait \u2013 au <strong>Parc des Princes<\/strong> \u2013 le <strong>RC<br \/>\nLens<\/strong> dans le cadre de la quatri\u00e8me journ\u00e9e de<br \/>\n<strong>Ligue 1.<\/strong> Dans un match qu\u2019il a totalement domin\u00e9,<br \/>\nle club de la capitale s\u2019est logiquement impos\u00e9 devant son public<br \/>\n<a href=\"https:\/\/canal-supporters.com\/psg-rc-lens-une-victoire-deux-buts-et-trois-blesses\/\" title=\"\" target=\"_blank\" rel=\"noopener\">(2-0)<\/a>. Mais il a perdu trois joueurs sur blessure,<br \/>\n<strong>Khvicha Kvaratskhelia<\/strong>, <strong>Lee<br \/>\nKang-in<\/strong> et <strong>Lucas Beraldo<\/strong>. Pr\u00e9sent en<br \/>\nconf\u00e9rence de presse d\u2019apr\u00e8s-match, dans des propos relay\u00e9s par<br \/>\n<a href=\"https:\/\/www.leparisien.fr\/sports\/football\/ligue-1\/psg-lens-2-0-un-moment-un-peu-difficile-pour-nous-admet-luis-enrique-apres-de-nouvelles-blessures-14-09-2025-JOTURD7V5JCNZIJW63WPY3TWVI.php\" target=\"_blank\" rel=\"noopener\" title=\"\">Le Parisien<\/a>,<br \/>\n<strong>Luis Enrique<\/strong> est revenu sur le succ\u00e8s du<br \/>\n<strong>PSG<\/strong>, l\u2019hommage \u00e0 <strong>Presnel<br \/>\nKimpembe<\/strong>, donn\u00e9 des nouvelles des bless\u00e9s, mais \u00e9galement<br \/>\n\u00e9voqu\u00e9 sa pr\u00e9sence dans les tribunes lors de la premi\u00e8re<br \/>\nmi-temps\u2026<\/p>\n<p>Son sentiment<br \/>\napr\u00e8s la victoire du PSG<\/p>\n<p>\u00ab\u00a0En premier lieu, c\u2019\u00e9tait un match sp\u00e9cial apr\u00e8s une<br \/>\ntr\u00eave internationale et en m\u00eame temps, on en a profit\u00e9 pour<br \/>\ndonner\u00a0cette victoire \u00e0 <strong><a href=\"https:\/\/canal-supporters.com\/lhommage-vibrant-du-psg-et-du-parc-des-princes-pour-kimpembe\/\" title=\"\" target=\"_blank\" rel=\"noopener\">Presko<\/a><\/strong>. On lui d\u00e9die cette victoire. \u00c7a a \u00e9t\u00e9<br \/>\nun joueur incroyable. Je pense qu\u2019on a m\u00e9rit\u00e9 la victoire. \u00c7a a \u00e9t\u00e9<br \/>\ncompliqu\u00e9, car on a d\u00fb faire des changements \u00e0 cause des blessures,<br \/>\net \u00e7a a \u00e9t\u00e9 difficile dans un premier temps. On a d\u00fb s\u2019adapter \u00e0 ce<br \/>\nqu\u2019il s\u2019est pass\u00e9 sur le terrain.\u00a0\u00bb<\/p>\n<p>Des nouvelles<br \/>\ndes bless\u00e9s ?<\/p>\n<p>\u00ab\u00a0Je ne sais pas, on doit attendre les r\u00e9sultats des<br \/>\nexamens que va r\u00e9aliser le staff. Je n\u2019ai pas encore<br \/>\nd\u2019informations.\u00a0\u00bb<\/p>\n<p>Inquiet ?<\/p>\n<p>\u00ab\u00a0La comp\u00e9tition que tout le monde aime, la<br \/>\n<strong>Ligue des champions<\/strong>, arrive. C\u2019est un moment un<br \/>\npeu difficile pour nous, car il y a des bless\u00e9s. Il faut attendre<br \/>\npour voir les r\u00e9sultats des examens des trois joueurs. Nous<br \/>\nconnaissons notre capacit\u00e9 \u00e0 nous adapter et il faut penser \u00e0<br \/>\nr\u00e9pondre comme \u00e9quipe. Je suis tranquille et j\u2019esp\u00e8re qu\u2019on peut<br \/>\nsurmonter cela. Il faut accepter cette situation, c\u2019est le football<br \/>\nde haut niveau. On a pr\u00e9par\u00e9 le match d\u2019une mani\u00e8re. Il faut faire<br \/>\nun Tetris pour r\u00e9partir les minutes aux joueurs et voir dans la<br \/>\nglobalit\u00e9. On veut de nouveau donner de la joie \u00e0 nos supporters en<br \/>\n<strong>Ligue des champions<\/strong>. J\u2019esp\u00e8re que mercredi sera un<br \/>\njoli jour.\u00a0\u00bb<\/p>\n<p>Mbaye titulaire<br \/>\nmercredi ?<\/p>\n<p>\u00ab\u00a0J\u2019ai des options diff\u00e9rentes, ce n\u2019est pas le moment<br \/>\nde dire qui va jouer. J\u2019ai confiance en toute l\u2019\u00e9quipe. On a<br \/>\nbeaucoup de joueurs qui peuvent jouer \u00e0 plusieurs positions. C\u2019est<br \/>\nune possibilit\u00e9 positive. Il faut accepter cela et chercher \u00e0<br \/>\nam\u00e9liorer l\u2019\u00e9quipe. C\u2019\u00e9tait un match complet et nous savions que ce<br \/>\nserait difficile.\u00a0\u00bb<\/p>\n<p>Pourquoi j\u2019ai<br \/>\npass\u00e9 la premi\u00e8re p\u00e9riode en tribunes ?<\/p>\n<p>\u00ab\u00a0Il y a tr\u00e8s longtemps que je pense avec le staff \u00e0<br \/>\nam\u00e9liorer notre performance. J\u2019ai vu les coachs de rugby regarder<br \/>\navec une perspective diff\u00e9rente. J\u2019ai vu la premi\u00e8re p\u00e9riode en<br \/>\ntribunes et c\u2019est magnifique ! C\u2019est diff\u00e9rent, car je peux tout<br \/>\ncontr\u00f4ler et c\u2019est une option int\u00e9ressante que je pourrais utiliser<br \/>\n\u00e0 l\u2019avenir. Tu peux faire une causerie parfaite car tu vois qui a<br \/>\n\u00e9t\u00e9 bon sur la pelouse. Cela donne beaucoup d\u2019informations et je<br \/>\npense que c\u2019est positif. J\u2019ai vu la deuxi\u00e8me p\u00e9riode de fa\u00e7on<br \/>\nnormale.\u00a0\u00bb<\/p>\n<p>A voir aussi : <a href=\"https:\/\/canal-supporters.com\/psg-lens-les-notes-des-joueurs-parisiens\/\" title=\"\" target=\"_blank\" rel=\"noopener\">PSG \/ Lens \u2013 Les notes des joueurs parisiens<\/a><\/p>\n<p><a href=\"https:\/\/x.com\/CanalSupporters\" target=\"_blank\" rel=\"noopener\" title=\"\">canalsupporters.com<\/a><\/p>\n<p>Quel r\u00f4le je<br \/>\nvais donner \u00e0 Barcola avec les absences de Dou\u00e9 et Demb\u00e9l\u00e9 ?<\/p>\n<p>\u00ab\u00a0Il aura le m\u00eame r\u00f4le que d\u2019habitude. Il a \u00e9t\u00e9 un<br \/>\njoueur tr\u00e8s important, il est international tout le temps avec la<br \/>\n<strong>France<\/strong>. Il a la qualit\u00e9, il est rapide, c\u2019est un<br \/>\njoueur diff\u00e9rent. On est tr\u00e8s contents d\u2019avoir<br \/>\n<strong>Bradley<\/strong>. Il a jou\u00e9 \u00e0 un tr\u00e8s haut niveau la saison<br \/>\npass\u00e9e. C\u2019est un moment sp\u00e9cial pour lui et pour<br \/>\nnous.\u00a0\u00bb<\/p><\/p>\n","protected":false},"excerpt":{"rendered":"Ce dimanche, le PSG s\u2019est impos\u00e9 contre Lens lors de la quatri\u00e8me journ\u00e9e de Ligue 1 (2-0). Mais&hellip;\n","protected":false},"author":2,"featured_media":391832,"comment_status":"","ping_status":"","sticky":false,"template":"","format":"standard","meta":{"footnotes":""},"categories":[2],"tags":[11,12460,785,9707,81,1153,787,4479,1011,27,5047,13297,14414,26782,5048,5049,790,921,12,626,91,92,14418,93,52413,52414,52415,25,96],"class_list":{"0":"post-391831","1":"post","2":"type-post","3":"status-publish","4":"format-standard","5":"has-post-thumbnail","7":"category-actualites","8":"tag-actualites","9":"tag-barcola","10":"tag-beraldo","11":"tag-bradley-barcola","12":"tag-canal-supporters","13":"tag-conference-de-presse","14":"tag-cs","15":"tag-enrique","16":"tag-fr","17":"tag-france","18":"tag-kang-in-lee","19":"tag-khvicha-kvaratskhelia","20":"tag-kimpembe","21":"tag-kvaratskhelia","22":"tag-lee","23":"tag-lee-kang-in","24":"tag-lucas-beraldo","25":"tag-luis-enrique","26":"tag-news","27":"tag-paris","28":"tag-paris-saint-germain","29":"tag-paris-sg","30":"tag-presnel-kimpembe","31":"tag-psg","32":"tag-psg-rc-lens","33":"tag-psg-rcl","34":"tag-psgrcl","35":"tag-republique-francaise","36":"tag-une"},"share_on_mastodon":{"url":"https:\/\/pubeurope.com\/@fr\/115206661309916747","error":""},"_links":{"self":[{"href":"https:\/\/www.europesays.com\/fr\/wp-json\/wp\/v2\/posts\/391831","targetHints":{"allow":["GET"]}}],"collection":[{"href":"https:\/\/www.europesays.com\/fr\/wp-json\/wp\/v2\/posts"}],"about":[{"href":"https:\/\/www.europesays.com\/fr\/wp-json\/wp\/v2\/types\/post"}],"author":[{"embeddable":true,"href":"https:\/\/www.europesays.com\/fr\/wp-json\/wp\/v2\/users\/2"}],"replies":[{"embeddable":true,"href":"https:\/\/www.europesays.com\/fr\/wp-json\/wp\/v2\/comments?post=391831"}],"version-history":[{"count":0,"href":"https:\/\/www.europesays.com\/fr\/wp-json\/wp\/v2\/posts\/391831\/revisions"}],"wp:featuredmedia":[{"embeddable":true,"href":"https:\/\/www.europesays.com\/fr\/wp-json\/wp\/v2\/media\/391832"}],"wp:attachment":[{"href":"https:\/\/www.europesays.com\/fr\/wp-json\/wp\/v2\/media?parent=391831"}],"wp:term":[{"taxonomy":"category","embeddable":true,"href":"https:\/\/www.europesays.com\/fr\/wp-json\/wp\/v2\/categories?post=391831"},{"taxonomy":"post_tag","embeddable":true,"href":"https:\/\/www.europesays.com\/fr\/wp-json\/wp\/v2\/tags?post=391831"}],"curies":[{"name":"wp","href":"https:\/\/api.w.org\/{rel}","templated":true}]}}