{"id":391849,"date":"2025-09-15T05:39:10","date_gmt":"2025-09-15T05:39:10","guid":{"rendered":"https:\/\/www.europesays.com\/fr\/391849\/"},"modified":"2025-09-15T05:39:10","modified_gmt":"2025-09-15T05:39:10","slug":"au-musee-de-pont-aven-deux-evenements-autour-de-jean-painleve-et-camille-claudel-en-2026","status":"publish","type":"post","link":"https:\/\/www.europesays.com\/fr\/391849\/","title":{"rendered":"Au Mus\u00e9e de Pont-Aven, deux \u00e9v\u00e9nements autour de Jean Painlev\u00e9 et Camille Claudel en 2026"},"content":{"rendered":"<p>Des \u0153uvres de Camille Claudel, dont sa c\u00e9l\u00e8bre \u00ab\u00a0Valse\u00a0\u00bb. Quelques sculptures d\u2019Auguste Rodin bien s\u00fbr. Et puis un coup de projecteur unique sur ces femmes sculptrices invisibilis\u00e9es, entre la fin du XIXe si\u00e8cle et le d\u00e9but du XXe si\u00e8cle\u2026 Ce sera le temps fort du Mus\u00e9e de Pont-Aven, en 2026.<\/p>\n<p>\u00ab\u00a0Au temps de Camille Claudel, \u00eatre sculptrice \u00e0 Paris\u00a0\u00bb\u00a0: tel sera le titre de l\u2019exposition phare de l\u2019\u00e9t\u00e9 prochain, dans les murs de l\u2019institution pontav\u00e9niste. L\u2019occasion pour le mus\u00e9e de poursuivre sa d\u00e9clinaison de la place de la femme dans l\u2019histoire de l\u2019art, et son \u00e9norme travail de partenariat avec d\u2019autres mus\u00e9es. Car cet \u00e9v\u00e9nement, qui a re\u00e7u le label \u00ab\u00a0Exposition d\u2019int\u00e9r\u00eat national\u00a0\u00bb, a \u00e9t\u00e9 mis en place avec le mus\u00e9e Camille Claudel de Nogent-sur-Seine, o\u00f9 il est pr\u00e9sent\u00e9 depuis samedi 13 septembre, et du Mus\u00e9e des Beaux-Arts de Tours, qui l\u2019accueillera du 31 janvier au 1er juin 2026. Avec pr\u00e8s de 90 objets (sculptures, portraits peints, dessin\u00e9s ou photographi\u00e9s des sculptrices, photographies, correspondances) pr\u00eat\u00e9s par des institutions nationales et internationales.<\/p>\n<p>Des artistes invisibilis\u00e9es<\/p>\n<p>\u00ab\u00a0Ce travail a \u00e9t\u00e9 r\u00e9alis\u00e9 avec la sp\u00e9cialiste de Camille Claudel (1864-1943), Anne Rivi\u00e8re, se r\u00e9jouit Sophie Kervran, la directrice du Mus\u00e9e de Pont-Aven. On a fait de Camille Claudel une sorte de g\u00e9nie, au point d\u2019en oublier qu\u2019elle n\u2019\u00e9tait pas la seule femme sculptrice, \u00e0 cette \u00e9poque, avant et apr\u00e8s elle\u00a0\u00bb. Une vingtaine d\u2019autres artistes, \u00e9trang\u00e8res notamment, seront ainsi mises en lumi\u00e8re. \u00c0 l\u2019image de la Britannique Jessie Lipscomb ou de la Su\u00e9doise Agn\u00e8s de Frumerie.<\/p>\n<p>Ce sera aussi le cas de la Fran\u00e7aise Jane Poupelet, qui travailla beaucoup sur des masques destin\u00e9s aux \u00ab\u00a0gueules cass\u00e9es\u00a0\u00bb de la Premi\u00e8re Guerre mondiale. \u00ab\u00a0Et si l\u2019on parle souvent de sororit\u00e9, il y a eu aussi de la rivalit\u00e9\u00a0\u00bb, pointe Sophie Kervran.<\/p>\n<p>Beaux-Arts, sciences et cin\u00e9ma<\/p>\n<p>Cette exposition sera accueillie \u00e0 Pont-Aven du 27 juin au 8 novembre 2026. Mais, avant cela, un autre \u00e9v\u00e9nement est annonc\u00e9 au mus\u00e9e du 7 f\u00e9vrier au 31 mai, intitul\u00e9 \u00ab\u00a0Jean Painlev\u00e9, les pieds dans l\u2019eau\u00a0\u00bb. \u00ab\u00a0Nous sommes l\u00e0 dans la lign\u00e9e des derni\u00e8res expositions photos, mais avec une dimension filmique, \u00e0 travers l\u2019\u0153uvre de ce documentariste scientifique\u00a0\u00bb, indique Sophie Kervran. Avec une touche de surr\u00e9alisme, pla\u00e7ant cette exposition au carrefour des Beaux-Arts, des sciences et du cin\u00e9ma.<\/p>\n<p>Pour la premi\u00e8re fois, le Mus\u00e9e de Pont-Aven s\u2019est associ\u00e9 \u00e0 celui du Jeu de Paume, \u00e0 Paris, pour ce rendez-vous. Une sorte de retour sur les rives de l\u2019Aven, pour Jean Painlev\u00e9 (1902-1989), qui fr\u00e9quenta la Cit\u00e9 des Peintres, lorsqu\u2019il travaillait \u00e0 la Station marine de Roscoff.<\/p>\n<p>Apr\u00e8s un \u00e9t\u00e9 record\u2026<\/p>\n","protected":false},"excerpt":{"rendered":"Des \u0153uvres de Camille Claudel, dont sa c\u00e9l\u00e8bre \u00ab\u00a0Valse\u00a0\u00bb. Quelques sculptures d\u2019Auguste Rodin bien s\u00fbr. Et puis un&hellip;\n","protected":false},"author":2,"featured_media":391850,"comment_status":"","ping_status":"","sticky":false,"template":"","format":"standard","meta":{"footnotes":""},"categories":[1358],"tags":[1348,1384,1385,3322,1386,58,3320,59,1011,27,8278,3323,3319,11878],"class_list":{"0":"post-391849","1":"post","2":"type-post","3":"status-publish","4":"format-standard","5":"has-post-thumbnail","7":"category-arts-et-design","8":"tag-arts","9":"tag-arts-and-design","10":"tag-arts-et-design","11":"tag-concarneau","12":"tag-design","13":"tag-divertissement","14":"tag-douarnenez","15":"tag-entertainment","16":"tag-fr","17":"tag-france","18":"tag-pont-aven","19":"tag-pont-labbe","20":"tag-quimper","21":"tag-quimperle"},"share_on_mastodon":{"url":"https:\/\/pubeurope.com\/@fr\/115206708734601711","error":""},"_links":{"self":[{"href":"https:\/\/www.europesays.com\/fr\/wp-json\/wp\/v2\/posts\/391849","targetHints":{"allow":["GET"]}}],"collection":[{"href":"https:\/\/www.europesays.com\/fr\/wp-json\/wp\/v2\/posts"}],"about":[{"href":"https:\/\/www.europesays.com\/fr\/wp-json\/wp\/v2\/types\/post"}],"author":[{"embeddable":true,"href":"https:\/\/www.europesays.com\/fr\/wp-json\/wp\/v2\/users\/2"}],"replies":[{"embeddable":true,"href":"https:\/\/www.europesays.com\/fr\/wp-json\/wp\/v2\/comments?post=391849"}],"version-history":[{"count":0,"href":"https:\/\/www.europesays.com\/fr\/wp-json\/wp\/v2\/posts\/391849\/revisions"}],"wp:featuredmedia":[{"embeddable":true,"href":"https:\/\/www.europesays.com\/fr\/wp-json\/wp\/v2\/media\/391850"}],"wp:attachment":[{"href":"https:\/\/www.europesays.com\/fr\/wp-json\/wp\/v2\/media?parent=391849"}],"wp:term":[{"taxonomy":"category","embeddable":true,"href":"https:\/\/www.europesays.com\/fr\/wp-json\/wp\/v2\/categories?post=391849"},{"taxonomy":"post_tag","embeddable":true,"href":"https:\/\/www.europesays.com\/fr\/wp-json\/wp\/v2\/tags?post=391849"}],"curies":[{"name":"wp","href":"https:\/\/api.w.org\/{rel}","templated":true}]}}