{"id":391851,"date":"2025-09-15T05:40:31","date_gmt":"2025-09-15T05:40:31","guid":{"rendered":"https:\/\/www.europesays.com\/fr\/391851\/"},"modified":"2025-09-15T05:40:31","modified_gmt":"2025-09-15T05:40:31","slug":"malestroit-le-salon-du-livre-accueillera-40-auteurs-le-5-octobre","status":"publish","type":"post","link":"https:\/\/www.europesays.com\/fr\/391851\/","title":{"rendered":"Malestroit. Le Salon du livre accueillera 40 auteurs le 5 octobre"},"content":{"rendered":"<p>            <a href=\"https:\/\/unidivers.fr\/wp-content\/uploads\/2025\/09\/salon-du-livre-malestroit-2-1.png\" data-caption=\"photo d&#039;archive\" rel=\"nofollow noopener\" target=\"_blank\"><\/p>\n<p><img loading=\"lazy\" decoding=\"async\" class=\"lazy\" width=\"696\" height=\"461\" src=\"https:\/\/www.europesays.com\/fr\/wp-content\/uploads\/2025\/09\/salon-du-livre-malestroit-2-1-696x461.png\"  data- alt=\"Salon du livre Malestroit\"\/><\/p>\n<p><\/a>photo d&rsquo;archive<\/p>\n<p><strong>Avec sa th\u00e9matique M\u00e9moire et nature, le Salon du livre de Malestroit<\/strong> dans le Morbihan se d\u00e9roulera toute la journ\u00e9e du<strong> dimanche 5 octobre.<\/strong> Des auteurs, des illustrateurs ainsi que des \u00e9diteurs seront \u00e0 la disposition du public \u00e0 la salle des f\u00eates. La journ\u00e9e, passerelle entre le monde litt\u00e9raire et les diff\u00e9rents acteurs pr\u00e9sents, sera \u00e9galement ponctu\u00e9e de conf\u00e9rences, d\u2019animations et d\u2019un spectacle\u2026\u00a0<\/p>\n<p>Organis\u00e9 par le service culturel de la Ville de Malestroit en partenariat avec l\u2019espace culturel Le Pass\u2019temps et avec le soutien de ses partenaires,<strong> le Salon du livre <\/strong>se veut f\u00e9d\u00e9rateur et accessible \u00e0 tous ; il promet un programme vari\u00e9 et complet pour tous les visiteurs.<\/p>\n<p><img loading=\"lazy\" class=\"lazy\" decoding=\"async\" width=\"421\" height=\"595\" src=\"https:\/\/www.europesays.com\/fr\/wp-content\/uploads\/2025\/09\/salon-du-livre-malestroit-4.jpg\" alt=\"Salon du livre Malestroit\"  data-\/><\/p>\n<p><strong>L\u2019auteur morbihannais Gilbert Guillo,<\/strong> auteur du terroir domicili\u00e9 \u00e0 Gu\u00e9gon, sera pr\u00e9sent au salon du livre de Malestroit ; il pr\u00e9sentera, entre autres, son dernier roman : L\u2019inconnu de la neige du coucou. L\u2019histoire commence en Bretagne en 1891 et se poursuit jusqu\u2019\u00e0 la fin de la Premi\u00e8re Guerre mondiale.<\/p>\n<p>Gilbert Guillo, ancien professeur de fran\u00e7ais et d\u2019Histoire-g\u00e9ographie se met \u00e0 l\u2019\u00e9criture au moment de sa retraite en 2009 et raconte ses souvenirs d\u2019enfance en milieu rural, en patois.<\/p>\n<p>Apr\u00e8s avoir \u00e9crit en 2011, Morbihan, ton patois fout l\u2019camp\u2026 au triple galop, et Les souvenirs d\u2019enfance d\u2019un p\u2019tit g\u00e0 d\u2019Jegon, en 2013, il publie L\u2019enfant qui voulait avoir un p\u00e8re, en 2019. L\u2019objectif de l\u2019auteur est de\u00a0sensibiliser les lecteurs sur la disparition du patois de son enfance, sans pour autant esp\u00e9rer le restaurer. La r\u00e9daction de ses ouvrages ont demand\u00e9 \u00e0 Gilbert Guillo, un long travail de recherches concernant la vie quotidienne du peuple morbihannais, de la fin du XIXe et de la premi\u00e8re moiti\u00e9 du XXe si\u00e8cle. Il s\u2019est aid\u00e9 de t\u00e9moignages et d\u2019anecdotes, de cartes postales et de photographies, de nombreux documents, de r\u00e9cits, de costumes, de tout ce qui a concern\u00e9 la vie rurale d\u2019hier\u2026 En 2022, Gilbert Guillo signe un nouveau chapitre pour sa s\u00e9rie autour de la langue gal\u00e8se, soit un premier tome intitul\u00e9\u00a0: Cher Gallo de mon enfance. Il y r\u00e9f\u00e9rence des mots et des expressions souvent oubli\u00e9s, dans une sorte de devoir de m\u00e9moire. Le lecteur d\u00e9couvre, au fil des pages, des significations de mots, des dictons avec des exemples et des anecdotes qui ponctuent la lecture. L\u2019ouvrage se suit par ordre alphab\u00e9tique, sans pour autant ressembler \u00e0 un dictionnaire, mais plut\u00f4t \u00e0 un ab\u00e8c\u00e9daire ;\u00a0 pour chaque d\u00e9finition, l\u2019auteur a ajout\u00e9 des illustrations. Le second tome de Cher Gallo de mon enfance sort en 2024\u2026\u00a0<\/p>\n<p><img loading=\"lazy\" class=\"lazy\" decoding=\"async\" width=\"685\" height=\"687\" data-id=\"3208270\" src=\"https:\/\/www.europesays.com\/fr\/wp-content\/uploads\/2025\/09\/salon-du-livre-malestroit-1.png\" alt=\"Salon du livre Malestroit\"  data-\/><\/p>\n<p><img loading=\"lazy\" class=\"lazy\" decoding=\"async\" width=\"320\" height=\"405\" data-id=\"3208271\" src=\"https:\/\/www.europesays.com\/fr\/wp-content\/uploads\/2025\/09\/salon-du-livre-malestroit-2.png\" alt=\"Salon du livre Malestroit\"  data-\/><\/p>\n<p><strong>\u00a0Betty S\u00e9r\u00e9 de Rivi\u00e8res <\/strong>sera pr\u00e9sente au Salon du livre de Malestroit ; elle est auteure de livres jeunesse, \u00e9galement animatrice d\u2019ateliers d\u2019\u00e9criture, d\u2019ateliers th\u00e9\u00e2tre et de projets p\u00e9dagogiques.<\/p>\n<p>Originaire d\u2019Aix-en-Provence,\u00a0son livre de chevet au cours de son enfance est Le Petit Prince. Autodidacte dans le dessin et passionn\u00e9e de litt\u00e9rature jeunesse depuis toujours, elle se lance dans l\u2019\u00e9criture, en trouvant son inspiration aupr\u00e8s de ses deux enfants, et en puisant dans son \u00e2me d\u2019enfant qui ne l\u2019a jamais quitt\u00e9e. Ses albums et romans transportent le lecteur dans un monde de douceur et de tendresse. Elle aime \u00e9galement adapter ses histoires en spectacle. La s\u00e9rie : Princesse C\u00e9pagrave, dont le premier album est paru en octobre 2015, sensibilise les enfants sur le th\u00e8me de la diff\u00e9rence. Arriv\u00e9e dans le Morbihan en 2023, elle pr\u00e9sentera au public de Malestroit son quatri\u00e8me album : Mon joli mois de d\u00e9cembre, r\u00e9alis\u00e9 en partenariat avec l\u2019illustratrice Christelle Cilia, et r\u00e9dig\u00e9 \u00e0 l\u2019image d\u2019un calendrier de l\u2019avent, soit 24 histoires pour enfants \u00e0 d\u00e9couvrir chaque jour en attendant No\u00ebl.<\/p>\n<p><img loading=\"lazy\" class=\"lazy\" decoding=\"async\" width=\"1055\" height=\"1046\" data-id=\"3208254\" src=\"https:\/\/www.europesays.com\/fr\/wp-content\/uploads\/2025\/09\/salon-du-livre-malesroit.jpg\" alt=\"Salon du livre Malestroit\"  data-\/><\/p>\n<p><img loading=\"lazy\" class=\"lazy\" decoding=\"async\" width=\"1253\" height=\"1253\" data-id=\"3208256\" src=\"https:\/\/www.europesays.com\/fr\/wp-content\/uploads\/2025\/09\/salon-du-livre-malestroit-1-1.jpg\" alt=\"Salon du livre Malestroit\"  data-\/><\/p>\n<p><strong>La liste compl\u00e8te des auteurs par ordre alphab\u00e9tique<\/strong> : Farid Afifi ; Christian Baudu ; R\u00e9gine Bob\u00e9e ; Beno\u00eet Broyard ; Michel Chabanolles ; Myriam Ch\u00e9nard ; Th\u00e9r\u00e8se Desponts ; Thibault Dubreuil ; Elie Durel ; Juliette Elamine ; Patrick Gillet ; Catherine Guihard ; Gilbert Guillo ; Mich\u00e8leGuilloux ; Aelys Ilboudo ; Soazig Leblanc ; R\u00e9mi Lecocq-Jestin ;\u00a0<\/p>\n<p><img loading=\"lazy\" class=\"lazy\" decoding=\"async\" width=\"1080\" height=\"1350\" data-id=\"3207377\" src=\"https:\/\/www.europesays.com\/fr\/wp-content\/uploads\/2025\/09\/salon-du-livre-malestroit-1.jpg\" alt=\"Salon du livre Malestroit\"  data-\/><\/p>\n<p> Nombre de ces histoires constituent un premier \u00e9veil \u00e0 l\u2019\u00e9cologie, pour regarder autour de soi ce qui vit, que l\u2019animal soit grand ou petit ; du chat au loup, de l\u2019ours polaire au manchot, du lion \u00e0 la marmotte, du chat au poisson-clown\u2026.(date de sortie :  le 1er octobre 2025)<\/p>\n<p><img loading=\"lazy\" class=\"lazy\" decoding=\"async\" width=\"1440\" height=\"1920\" data-id=\"3207378\" src=\"https:\/\/www.europesays.com\/fr\/wp-content\/uploads\/2025\/09\/salon-du-livre-malestroit-2.jpg\" alt=\"Salon du livre Malestroit\"  data-\/><\/p>\n<p>troisi\u00e8me roman de l\u2019auteure :  sorti le 16 janvier 2025 <\/p>\n<p><img loading=\"lazy\" class=\"lazy\" decoding=\"async\" width=\"1448\" height=\"1223\" src=\"https:\/\/www.europesays.com\/fr\/wp-content\/uploads\/2025\/09\/salon-du-livre-malestroit-3.jpg\" alt=\"Salon du livre Malestroit\"  data-\/><\/p>\n<p><strong>La suite de la liste<\/strong> \u2026 Louis-Antoine @leron ; Olivier Le Gal ; Philom\u00e8ne Le Lay ; Bernard Le Men\u00e9 ; Marie-Pierre Loizic ; Jean-Albert Mazaud ; Jacky Meslin ; Mido ; Marc Nagels ; Nanoux ; Marie Osmond ; Xavier Panon ;\u00a0 Jean-Marc Pappens ; Patrice Perron ; Gwenola Pichard ; Ma\u00eblle Rouez ; Guy Roulet ; Anthony Ryo ; Betty S\u00e9r\u00e9 de Rivi\u00e8res ; Pascal Tissier ; et Bernard-Pierre Vilboux.<\/p>\n<p><img loading=\"lazy\" class=\"lazy\" decoding=\"async\" width=\"960\" height=\"953\" data-id=\"3207707\" src=\"https:\/\/www.europesays.com\/fr\/wp-content\/uploads\/2025\/09\/salon-du-livre-malestroit-2-1.jpg\" alt=\"Salon du livre Malestroit\"  data-\/><\/p>\n<p>Lynn Woods  : Le tourbillon de la vie : sortie le 10 f\u00e9vrier 2024<\/p>\n<p>Ma\u00eblle Rouez annonce la r\u00e9daction de m\u00e9moires personnelles, familiales mais aussi des pierres et du patrimoine\u2026 <\/p>\n<p><img loading=\"lazy\" class=\"lazy\" decoding=\"async\" width=\"1536\" height=\"1583\" data-id=\"3207711\" src=\"https:\/\/www.europesays.com\/fr\/wp-content\/uploads\/2025\/09\/salon-du-livre-malestroit-4-1.jpg\" alt=\"Salon du livre Malestroit\"  data-\/><\/p>\n<p><strong>Le programme des conf\u00e9rences et animations du dimanche 5 octobre<\/strong><\/p>\n<p><strong>De 10h30 \u00e0 12 h<\/strong> :<\/p>\n<p><strong>Empreintes v\u00e9g\u00e9tales :<\/strong> un atelier propos\u00e9 par <strong>Camille P\u00e2tissier<\/strong>, avec initiation au tataki-zomm\u00e9, une technique japonaise de teinture par martelage de plantes fra\u00eeches. Un moment ludique et cr\u00e9atif pour tout public.<\/p>\n<p><strong>Repair-caf\u00e9 sp\u00e9cial livres<\/strong> : atelier propos\u00e9 par<strong> Yann Benoiton<\/strong> ; b\u00e9n\u00e9vole \u00e0 la m\u00e9diath\u00e8que, il d\u00e9voilera ses secrets pour r\u00e9parer, recoller, recoudre les livres : les visiteurs sont invit\u00e9s \u00e0 lui apporter leurs livres !<\/p>\n<p><strong>11h : L\u2019Urgence de l\u2019eau <\/strong>: la rencontre sera anim\u00e9e par<strong> Christian Baudu<\/strong>, auteur de bandes dessin\u00e9es et pr\u00e9sident de l\u2019association les Hydrophiles ; il a enqu\u00eat\u00e9 \u00e0 la source, sur la crise de l\u2019eau ; les visiteurs seront amen\u00e9s \u00e0 r\u00e9fl\u00e9chir, comment faire face \u00e0 cette r\u00e9alit\u00e9 et s\u2019y adapter pour pr\u00e9parer le monde de demain\u2026<\/p>\n<p><strong>15h : Les champs modernes : <\/strong>un extrait de spectacle par<strong> Caroline Avenel <\/strong>; entre contes et r\u00e9cits de vie et accompagn\u00e9e de sa cithare, elle racontera l\u2019histoire d\u2019un village boulevers\u00e9 par le remembrement. Le r\u00e9cit t\u00e9moigne de toute l\u2019ambigu\u00eft\u00e9 d\u2019une \u00e9poque qui a fait brutalement basculer le monde des paysans vers celui de l\u2019agriculture moderne.<\/p>\n<p><img loading=\"lazy\" class=\"lazy\" decoding=\"async\" width=\"686\" height=\"386\" data-id=\"3208737\" src=\"https:\/\/www.europesays.com\/fr\/wp-content\/uploads\/2025\/09\/salon-de-malestroit.jpg\" alt=\"Salon du livre Malestroit\"  data-\/><\/p>\n<p><strong>de 15h \u00e0 17h30 : des Jeux buissonniers<\/strong> seront propos\u00e9s par l\u2019<strong>association Saute Ruisseaux <\/strong>; ils\u00a0 r\u00e9veilleront\u00a0 la m\u00e9moire des jeux des bords des champs et (r\u00e9)apprendront \u00e0 fabriquer les petits jouets buissonniers.<\/p>\n<p><strong>16h : M\u00e9moire de rem\u00e8des traditionnels<\/strong> serra la conf\u00e9rence anim\u00e9e par<strong> Christophe Auray<\/strong> : des v\u00e9g\u00e9taux, des animaux, des pierres et de l\u2019eau miraculeuse composaient les rem\u00e8des et les rituels magiques. Qu\u2019est devenue cette culture populaire de nos jours ? Christophe Auray collecte depuis plus de vingt ans les traditions populaires bretonnes ; il pr\u00e9sentera le fruit de ses recherches publi\u00e9es dans diff\u00e9rents ouvrages.<\/p>\n<p><img loading=\"lazy\" decoding=\"async\" width=\"359\" height=\"336\" data-id=\"3208740\" src=\"https:\/\/www.europesays.com\/fr\/wp-content\/uploads\/2025\/09\/salon-du-livre-de-malestroit.webp.webp\" alt=\"Salon du livre de Malestroit\" class=\"wp-image-3208740 lazy\"  data-\/><\/p>\n<p><img loading=\"lazy\" class=\"lazy\" decoding=\"async\" width=\"600\" height=\"788\" data-id=\"3208739\" src=\"https:\/\/www.europesays.com\/fr\/wp-content\/uploads\/2025\/09\/salon-du-livre-de-malestroit.jpg\" alt=\"Salon du livre de Malestroit\"  data-\/><\/p>\n<p><strong>de 14h30 \u00e0 17h30 <\/strong>; coin lecture avec la m\u00e9diath\u00e8que, espace<\/p>\n<p>ludique avec la ludoth\u00e8que, et espace convivialit\u00e9 avec pause caf\u00e9 et g\u00e2teaux\u2026<\/p>\n<p>                                                <strong>     Infos pratiques <\/strong><\/p>\n<p>Il est \u00e0 noter la <strong>pr\u00e9sence de la librairie Sainte Hortence de Rochefort-en-Terre ainsi que de nombreux \u00e9diteurs, <\/strong>au salon du livre de Malestroit : BBroyard Editeur ; Donjon Editions ; Editions des Terres du<br \/>couchant ; La Grande Evasion Patayo ; Plumes de Bourdon ; St\u00e9phane Batigne Editeur ; La Vilaine \u00e9ditrice ; Le p\u2019tit fil \u00e0 plumes ; L\u2019Enfant des Arbres ; LEON art &amp; stories \u2022;Les \u00e9ditions de Juillet ; et Locus Solus\u2026<\/p>\n<p class=\"has-text-align-center\">Infos pratiques : <\/p>\n<p class=\"has-text-align-center\"><strong>Salon du livre de Malestroit<\/strong> \u2013 8e \u00e9dition \u2013 Place Bonsergent \u00e0 Malestroit (56)<br \/>Dimanche 5 octobre 2025 : 10h \u2013 18h<\/p>\n","protected":false},"excerpt":{"rendered":"photo d&rsquo;archive Avec sa th\u00e9matique M\u00e9moire et nature, le Salon du livre de Malestroit dans le Morbihan se&hellip;\n","protected":false},"author":2,"featured_media":391852,"comment_status":"","ping_status":"","sticky":false,"template":"","format":"standard","meta":{"footnotes":""},"categories":[1357],"tags":[1379,58,59,1011,27,1380],"class_list":{"0":"post-391851","1":"post","2":"type-post","3":"status-publish","4":"format-standard","5":"has-post-thumbnail","7":"category-livres","8":"tag-books","9":"tag-divertissement","10":"tag-entertainment","11":"tag-fr","12":"tag-france","13":"tag-livres"},"share_on_mastodon":{"url":"https:\/\/pubeurope.com\/@fr\/115206713234016634","error":""},"_links":{"self":[{"href":"https:\/\/www.europesays.com\/fr\/wp-json\/wp\/v2\/posts\/391851","targetHints":{"allow":["GET"]}}],"collection":[{"href":"https:\/\/www.europesays.com\/fr\/wp-json\/wp\/v2\/posts"}],"about":[{"href":"https:\/\/www.europesays.com\/fr\/wp-json\/wp\/v2\/types\/post"}],"author":[{"embeddable":true,"href":"https:\/\/www.europesays.com\/fr\/wp-json\/wp\/v2\/users\/2"}],"replies":[{"embeddable":true,"href":"https:\/\/www.europesays.com\/fr\/wp-json\/wp\/v2\/comments?post=391851"}],"version-history":[{"count":0,"href":"https:\/\/www.europesays.com\/fr\/wp-json\/wp\/v2\/posts\/391851\/revisions"}],"wp:featuredmedia":[{"embeddable":true,"href":"https:\/\/www.europesays.com\/fr\/wp-json\/wp\/v2\/media\/391852"}],"wp:attachment":[{"href":"https:\/\/www.europesays.com\/fr\/wp-json\/wp\/v2\/media?parent=391851"}],"wp:term":[{"taxonomy":"category","embeddable":true,"href":"https:\/\/www.europesays.com\/fr\/wp-json\/wp\/v2\/categories?post=391851"},{"taxonomy":"post_tag","embeddable":true,"href":"https:\/\/www.europesays.com\/fr\/wp-json\/wp\/v2\/tags?post=391851"}],"curies":[{"name":"wp","href":"https:\/\/api.w.org\/{rel}","templated":true}]}}