{"id":391943,"date":"2025-09-15T06:34:10","date_gmt":"2025-09-15T06:34:10","guid":{"rendered":"https:\/\/www.europesays.com\/fr\/391943\/"},"modified":"2025-09-15T06:34:10","modified_gmt":"2025-09-15T06:34:10","slug":"trump-au-royaume-uni-pour-une-deuxieme-visite-detat","status":"publish","type":"post","link":"https:\/\/www.europesays.com\/fr\/391943\/","title":{"rendered":"Trump au Royaume-Uni pour une deuxi\u00e8me visite d&rsquo;\u00c9tat"},"content":{"rendered":"<p><a href=\"https:\/\/www.lalibre.be\/international\/europe\/2025\/09\/15\/lextreme-droite-rassemble-au-moins-110-000-manifestants-a-londres-QZ357YGNUBAXDON2IXIKXPE4FI\/\" target=\"_blank\" rel=\"noopener noreferrer\" class=\"ap-StoryInterstitialLink ap-StoryElement ap-StoryElement--mb\">L&rsquo;extr\u00eame droite rassemble au moins 110 000 manifestants \u00e0 Londres<\/a>\u00c0 distance de Londres<\/p>\n<p class=\"ap-StoryElement ap-StoryElement--mb ap-StoryText\">Le tout \u00e0 distance de Londres, o\u00f9 une grande manifestation contre le milliardaire r\u00e9publicain doit \u00eatre organis\u00e9e mercredi.<\/p>\n<p class=\"ap-StoryElement ap-StoryElement--mb ap-StoryText\">Pas politiquement proche des orientations politiques trumpistes, le dirigeant travailliste s&rsquo;est employ\u00e9 \u00e0 s&rsquo;attirer ses faveurs depuis son retour \u00e0 la Maison Blanche en janvier.<\/p>\n<p class=\"ap-StoryElement ap-StoryElement--mb ap-StoryText\">\u00ab\u00a0C&rsquo;est vraiment sp\u00e9cial, ce n&rsquo;est jamais arriv\u00e9 auparavant, c&rsquo;est sans pr\u00e9c\u00e9dent\u00a0\u00bb, a insist\u00e9 Keir Starmer en f\u00e9vrier, quand il avait remis l&rsquo;invitation royale \u00e0 une visite d&rsquo;\u00c9tat en main propre au pr\u00e9sident am\u00e9ricain dans le Bureau ovale.<\/p>\n<p class=\"text-left ap-StoryElement ap-StoryElement--mb ap-StoryText\">En recevant la prestigieuse missive, Donald Trump avait qualifi\u00e9 le roi Charles \u2013 trait\u00e9 pour un cancer dont la nature n&rsquo;a jamais \u00e9t\u00e9 d\u00e9voil\u00e9e \u2013 d'\u00a0\u00bb homme formidable\u00a0\u00bb.<\/p>\n<p class=\"ap-StoryElement ap-StoryElement--mb ap-StoryText\">Le milliardaire r\u00e9publicain \u2013 dont la m\u00e8re \u00e9tait Ecossaise \u2013 a encens\u00e9 \u00e0 maintes reprises sa pr\u00e9c\u00e9dente visite d&rsquo;\u00c9tat, il y a six ans, au cours de son premier mandat.<\/p>\n<p class=\"text-left ap-StoryElement ap-StoryElement--mb ap-StoryText\">Celle \u00e0 venir, avec un Donald Trump qui bouscule l&rsquo;ordre international depuis son retour au pouvoir, est cruciale pour le Royaume-Uni, attach\u00e9 \u00e0 sa fameuse \u00ab\u00a0relation sp\u00e9ciale\u00a0\u00bb avec Washington.<\/p>\n<p class=\"ap-StoryElement ap-StoryElement--mb ap-StoryText\">Ce sont le prince h\u00e9ritier William et son \u00e9pouse Kate qui accueilleront Donald Trump et la Premi\u00e8re dame Melania \u00e0 Windsor, \u00e0 l&rsquo;ouest de Londres, mercredi. Le roi Charles et la reine Camilla proposeront ensuite au couple Trump tour en carrosse, c\u00e9r\u00e9monie militaire et d\u00e9fil\u00e9 a\u00e9rien, avant un d\u00eener d&rsquo;\u00c9tat.<\/p>\n<p class=\"ap-StoryElement ap-StoryElement--mb ap-StoryText\">Le pr\u00e9sident am\u00e9ricain ira aussi se recueillir sur la tombe de la reine Elizabeth II, d\u00e9c\u00e9d\u00e9e en septembre\u00a02022, dans la chapelle St George.<\/p>\n<p class=\"ap-StoryElement ap-StoryElement--mb ap-StoryText\">Place \u00e0 la politique jeudi. Keir Starmer cherchera \u00e0 capitaliser sur le fait que le Royaume-Uni a \u00e9t\u00e9 un des premiers pays \u00e0 conclure un accord commercial avec Washington et \u00e0 \u00e9viter ainsi de pires droits de douane impos\u00e9s par Donald Trump.<\/p>\n<p><a href=\"https:\/\/www.lalibre.be\/international\/europe\/2025\/08\/26\/londres-defend-sa-taxe-sur-la-tech-face-aux-droits-de-douane-de-trump-7LOSOD25ARD5DMFOYTZ3O3GM7I\/\" target=\"_blank\" rel=\"noopener noreferrer\" class=\"ap-StoryInterstitialLink ap-StoryElement ap-StoryElement--mb\">Londres d\u00e9fend sa taxe sur la \u00ab\u00a0tech\u00a0\u00bb face aux droits de douane de Trump<\/a>Kate et Melania<\/p>\n<p class=\"text-left ap-StoryElement ap-StoryElement--mb ap-StoryText\">Ce dernier se rendra dans la r\u00e9sidence de campagne du Premier ministre britannique, \u00e0 Chequers, accompagn\u00e9 par une d\u00e9l\u00e9gation de dirigeants d&rsquo;entreprises am\u00e9ricaines, et les deux dirigeants devraient y signer \u00ab\u00a0un partenariat technologique de pointe\u00a0\u00bb et \u00ab\u00a0un accord nucl\u00e9aire civil majeur\u00a0\u00bb.<\/p>\n<p class=\"ap-StoryElement ap-StoryElement--mb ap-StoryText\">Au coeur des discussions \u00e9galement, l&rsquo;Ukraine, Keir Starmer faisant partie des dirigeants europ\u00e9ens qui oeuvrent activement pour poursuivre le soutien au pays envahi par la Russie en 2022, quand Donald Trump a lui r\u00e9int\u00e9gr\u00e9 Vladimir Poutine sur la sc\u00e8ne internationale.<\/p>\n<p class=\"ap-StoryElement ap-StoryElement--mb ap-StoryText\">Pour une de ses rares apparitions publiques, Melania Trump aura son propre programme jeudi.<\/p>\n<p class=\"ap-StoryElement ap-StoryElement--mb ap-StoryText\">La Premi\u00e8re dame ira admirer la maison de poup\u00e9es de la reine Mary \u00e0 Windsor avec Camilla et participera \u00e0 un \u00e9v\u00e9nement \u00e9ducatif avec Kate, qui a repris progressivement ses activit\u00e9s officielles apr\u00e8s son cancer.<\/p>\n<p class=\"ap-StoryElement ap-StoryElement--mb ap-StoryText\">La pompe abondante n&rsquo;effacera pas les sujets de tension en coulisses.<\/p>\n<p class=\"text-left ap-StoryElement ap-StoryElement--mb ap-StoryText\">La Maison Blanche a sp\u00e9cifi\u00e9 que Donald Trump abordera avec le Premier ministre britannique l&rsquo;importance de \u00ab\u00a0la libert\u00e9 d&rsquo;expression au Royaume-Uni\u00a0\u00bb \u2013 un th\u00e8me qui lui est cher et que son ex-proche alli\u00e9 Elon Musk a \u00e9voqu\u00e9 dans un rassemblement d&rsquo;extr\u00eame droite \u00e0 Londres ce week-end.<\/p>\n<p class=\"text-left ap-StoryElement ap-StoryElement--mb ap-StoryText\">Autre point d\u00e9licat\u00a0: l&rsquo;affaire Jeffrey Epstein, qui empoisonne depuis plusieurs mois la pr\u00e9sidence de Donald Trump aux Etats-Unis. Keir Starmer a limog\u00e9 la semaine derni\u00e8re l&rsquo;ambassadeur britannique \u00e0 Washington Peter Mandelson pour ses liens avec le d\u00e9linquant sexuel mort en prison en 2019.<\/p>\n<p><a href=\"https:\/\/www.lalibre.be\/economie\/conjoncture\/2025\/09\/12\/contrat-a-400-millions-de-livres-entre-londres-et-google-cloud-avant-la-visite-de-trump-DR56PMBKVJGO7EOSBZQY6GTSB4\/\" target=\"_blank\" rel=\"noopener noreferrer\" class=\"ap-StoryInterstitialLink ap-StoryElement ap-StoryElement--mb\">Contrat \u00e0 400 millions de livres entre Londres et Google Cloud avant la visite de Trump<\/a><\/p>\n","protected":false},"excerpt":{"rendered":"L&rsquo;extr\u00eame droite rassemble au moins 110 000 manifestants \u00e0 Londres\u00c0 distance de Londres Le tout \u00e0 distance de&hellip;\n","protected":false},"author":2,"featured_media":391944,"comment_status":"","ping_status":"","sticky":false,"template":"","format":"standard","meta":{"footnotes":""},"categories":[1589],"tags":[11,6872,581,312,75,20075,46,73,1866,6228,28790,2581,21831,12,52424,316,3936,52422,52423,971,1864,1865,1863,308,135],"class_list":{"0":"post-391943","1":"post","2":"type-post","3":"status-publish","4":"format-standard","5":"has-post-thumbnail","7":"category-etats-unis","8":"tag-actualites","9":"tag-camilla","10":"tag-charles-iii","11":"tag-diplomatie","12":"tag-donald-trump","13":"tag-elizabeth-ii","14":"tag-elon-musk","15":"tag-etats-unis","16":"tag-etats-unis-damerique","17":"tag-gb","18":"tag-jeffrey-epstein","19":"tag-keir-starmer","20":"tag-melania-trump","21":"tag-news","22":"tag-peter-mandelson","23":"tag-politique","24":"tag-prince-william","25":"tag-princess-catherine","26":"tag-reine-consort","27":"tag-royaute","28":"tag-united-states","29":"tag-united-states-of-america","30":"tag-us","31":"tag-usa","32":"tag-vladimir-poutine"},"share_on_mastodon":{"url":"https:\/\/pubeurope.com\/@fr\/115206924722884104","error":""},"_links":{"self":[{"href":"https:\/\/www.europesays.com\/fr\/wp-json\/wp\/v2\/posts\/391943","targetHints":{"allow":["GET"]}}],"collection":[{"href":"https:\/\/www.europesays.com\/fr\/wp-json\/wp\/v2\/posts"}],"about":[{"href":"https:\/\/www.europesays.com\/fr\/wp-json\/wp\/v2\/types\/post"}],"author":[{"embeddable":true,"href":"https:\/\/www.europesays.com\/fr\/wp-json\/wp\/v2\/users\/2"}],"replies":[{"embeddable":true,"href":"https:\/\/www.europesays.com\/fr\/wp-json\/wp\/v2\/comments?post=391943"}],"version-history":[{"count":0,"href":"https:\/\/www.europesays.com\/fr\/wp-json\/wp\/v2\/posts\/391943\/revisions"}],"wp:featuredmedia":[{"embeddable":true,"href":"https:\/\/www.europesays.com\/fr\/wp-json\/wp\/v2\/media\/391944"}],"wp:attachment":[{"href":"https:\/\/www.europesays.com\/fr\/wp-json\/wp\/v2\/media?parent=391943"}],"wp:term":[{"taxonomy":"category","embeddable":true,"href":"https:\/\/www.europesays.com\/fr\/wp-json\/wp\/v2\/categories?post=391943"},{"taxonomy":"post_tag","embeddable":true,"href":"https:\/\/www.europesays.com\/fr\/wp-json\/wp\/v2\/tags?post=391943"}],"curies":[{"name":"wp","href":"https:\/\/api.w.org\/{rel}","templated":true}]}}