{"id":391962,"date":"2025-09-15T06:47:11","date_gmt":"2025-09-15T06:47:11","guid":{"rendered":"https:\/\/www.europesays.com\/fr\/391962\/"},"modified":"2025-09-15T06:47:11","modified_gmt":"2025-09-15T06:47:11","slug":"bagnaia-mise-sur-le-test-a-misano","status":"publish","type":"post","link":"https:\/\/www.europesays.com\/fr\/391962\/","title":{"rendered":"Bagnaia mise sur le test \u00e0 Misano"},"content":{"rendered":"<p>&#13;<\/p>\n<p><strong>Francesco Bagnaia a chut\u00e9 le dimanche \u00e0 Misano et repart sans points de ce week-end sur la c\u00f4te Adriatique.<\/strong><\/p>\n<p>Francesco Bagnaia est parti \u00e0 la faute dimanche dans le neuvi\u00e8me tour alors qu\u2019il roulait seul, dans le sillage de Fabio Di Giannantonio. \u00ab\u2009Je tentais de suivre Diggia, puis je suis tomb\u00e9, a-t-il pr\u00e9cis\u00e9. Il faut analyser \u00e7a attentivement, surtout avant le test de demain, qui sera crucial pour nous aider \u00e0 trouver la bonne direction. C\u2019est d\u00e9cevant, bien s\u00fbr, mais on continue de travailler pour r\u00e9soudre ces probl\u00e8mes qui durent depuis plusieurs courses.\u2009\u00bb<\/p>\n<p>C\u2019est son deuxi\u00e8me r\u00e9sultat blanc le dimanche de l\u2019ann\u00e9e. Il conserve n\u00e9anmoins la troisi\u00e8me place au championnat mais il doit d\u00e9sormais se m\u00e9fier de Marco Bezzecchi, qui n\u2019est plus qu\u2019\u00e0 huit points derri\u00e8re lui.\u00a0<\/p>\n<p>&#13;<br \/>\n           &#13;<br \/>\n&#13;<br \/>\n    &#13;<br \/>\n    &#13;<\/p>\n","protected":false},"excerpt":{"rendered":"&#13; Francesco Bagnaia a chut\u00e9 le dimanche \u00e0 Misano et repart sans points de ce week-end sur la&hellip;\n","protected":false},"author":2,"featured_media":391963,"comment_status":"","ping_status":"","sticky":false,"template":"","format":"standard","meta":{"footnotes":""},"categories":[1413],"tags":[1011,27,1457,1456,60],"class_list":{"0":"post-391962","1":"post","2":"type-post","3":"status-publish","4":"format-standard","5":"has-post-thumbnail","7":"category-moto","8":"tag-fr","9":"tag-france","10":"tag-moto","11":"tag-motocycle","12":"tag-sports"},"share_on_mastodon":{"url":"https:\/\/pubeurope.com\/@fr\/115206975862768257","error":""},"_links":{"self":[{"href":"https:\/\/www.europesays.com\/fr\/wp-json\/wp\/v2\/posts\/391962","targetHints":{"allow":["GET"]}}],"collection":[{"href":"https:\/\/www.europesays.com\/fr\/wp-json\/wp\/v2\/posts"}],"about":[{"href":"https:\/\/www.europesays.com\/fr\/wp-json\/wp\/v2\/types\/post"}],"author":[{"embeddable":true,"href":"https:\/\/www.europesays.com\/fr\/wp-json\/wp\/v2\/users\/2"}],"replies":[{"embeddable":true,"href":"https:\/\/www.europesays.com\/fr\/wp-json\/wp\/v2\/comments?post=391962"}],"version-history":[{"count":0,"href":"https:\/\/www.europesays.com\/fr\/wp-json\/wp\/v2\/posts\/391962\/revisions"}],"wp:featuredmedia":[{"embeddable":true,"href":"https:\/\/www.europesays.com\/fr\/wp-json\/wp\/v2\/media\/391963"}],"wp:attachment":[{"href":"https:\/\/www.europesays.com\/fr\/wp-json\/wp\/v2\/media?parent=391962"}],"wp:term":[{"taxonomy":"category","embeddable":true,"href":"https:\/\/www.europesays.com\/fr\/wp-json\/wp\/v2\/categories?post=391962"},{"taxonomy":"post_tag","embeddable":true,"href":"https:\/\/www.europesays.com\/fr\/wp-json\/wp\/v2\/tags?post=391962"}],"curies":[{"name":"wp","href":"https:\/\/api.w.org\/{rel}","templated":true}]}}