{"id":391984,"date":"2025-09-15T06:59:16","date_gmt":"2025-09-15T06:59:16","guid":{"rendered":"https:\/\/www.europesays.com\/fr\/391984\/"},"modified":"2025-09-15T06:59:16","modified_gmt":"2025-09-15T06:59:16","slug":"aux-emmy-awards-javier-bardem-lance-free-palestine-vetu-dun-keffieh","status":"publish","type":"post","link":"https:\/\/www.europesays.com\/fr\/391984\/","title":{"rendered":"Aux Emmy Awards, Javier Bardem lance \u00ab\u00a0Free Palestine\u00a0\u00bb v\u00eatu d\u2019un keffieh"},"content":{"rendered":"<p>        <img decoding=\"async\" loading=\"lazy\" src=\"https:\/\/www.europesays.com\/fr\/wp-content\/uploads\/2025\/09\/e10484b_upload-1-mltsb0ppncmh-000-74gw89r.jpg\"  width=\"728\" height=\"409\" alt=\"L\u2019acteur espagnol Javier Bardem arrive pour la 77e c\u00e9r\u00e9monie des Emmy Awards \u00e0 Los Angeles, le 14\u00a0septembre 2025.\"\/>  <\/p>\n<p>PATRICK T. FALLON \/ AFP<\/p>\n<p>L\u2019acteur espagnol Javier Bardem arrive pour la 77e c\u00e9r\u00e9monie des Emmy Awards \u00e0 Los Angeles, le 14\u00a0septembre 2025.<\/p>\n<p class=\"asset asset-text\">GAZA &#8211; Il d\u00e9nonce haut et fort <a href=\"https:\/\/www.huffingtonpost.fr\/international\/article\/la-colonie-e1-le-vaste-projet-d-israel-en-cisjordanie-pour-enterrer-tout-possible-etat-palestinien_253839.html\" rel=\"nofollow noopener\" target=\"_blank\">l\u2019oppression des Palestiniens<\/a>. <a href=\"https:\/\/www.huffingtonpost.fr\/culture\/article\/javier-bardem-n-a-pas-voulu-rencontrer-les-freres-menendez-avant-de-tourner-la-serie-il-explique-pourquoi_242678.html\" rel=\"nofollow noopener\" target=\"_blank\">Javier Bardem<\/a>, premier acteur espagnol \u00e0 avoir \u00e9t\u00e9 nomm\u00e9 aux Oscars pour Non, ce pays n\u2019est pas pour le vieil homme, est arriv\u00e9 avec un <a href=\"https:\/\/www.huffingtonpost.fr\/politique\/article\/deux-collaborateurs-parlementaires-lfi-vetus-de-keffieh-a-l-assemblee-exclus-par-yael-braun-pivet_234988.html\" rel=\"nofollow noopener\" target=\"_blank\">keffieh <\/a>autour du cou sur le tapis rouge des Emmy Awards. La 77e \u00e9dition des \u00ab\u00a0Oscars de la t\u00e9l\u00e9vision am\u00e9ricaine\u00a0\u00bb se d\u00e9roulait dans la nuit de dimanche 14\u00a0septembre \u00e0 ce lundi 15\u00a0septembre au Peacock Theater, \u00e0 Los Angeles.<\/p>\n<p class=\"asset asset-text\">\u00ab\u00a0Je suis ici aujourd\u2019hui pour d\u00e9noncer le g\u00e9nocide \u00e0 Gaza\u00a0\u00bb, a expliqu\u00e9 Javier Bardem, dans une interview donn\u00e9e au m\u00e9dia <a href=\"https:\/\/variety.com\/2025\/tv\/news\/javier-bardem-gaza-genocide-palestine-film-workers-1236518172\/\" target=\"_blank\" rel=\"noopener nofollow\" title=\"Nouvelle fen\u00eatre\">Variety.<\/a><\/p>\n<p class=\"asset asset-text\">\u00ab\u00a0L\u2019IAGS (l\u2019association internationale des universitaires sp\u00e9cialistes des g\u00e9nocides, ndlr), des chercheurs qui travaillent de mani\u00e8re exhaustive sur ces sujets, a d\u00e9clar\u00e9 que c\u2019\u00e9tait bien un g\u00e9nocide. C\u2019est pourquoi nous r\u00e9clamons un blocus commercial et diplomatique ainsi que des sanctions contre Isra\u00ebl pour mettre fin \u00e0 ce g\u00e9nocide. Free Palestine\u00a0!\u00a0\u00bb, a poursuivi l\u2019acteur qui fait partie\u00a0groupe Film Workers for Palestine.<\/p>\n<p> La lecture de ce contenu est susceptible d\u2019entra\u00eener un d\u00e9p\u00f4t de cookies de la part de l\u2019op\u00e9rateur tiers qui l\u2019h\u00e9berge. Compte-tenu des choix que vous avez exprim\u00e9s en mati\u00e8re de d\u00e9p\u00f4t de cookies, nous avons bloqu\u00e9 l\u2019affichage de ce contenu. Si vous souhaitez y acc\u00e9der, vous devez accepter la cat\u00e9gorie de cookies \u201cContenus tiers\u201d en cliquant sur le bouton ci-dessous. <\/p>\n<p> Lire la Vid\u00e9o        <\/p>\n<p class=\"asset asset-text\">\u00ab\u00a0Il y a eu tellement de morts et d\u2019enfants assassin\u00e9s que le monde commence \u00e0 se r\u00e9veiller\u00a0\u00bb, a conclu avec une lueur d\u2019espoir l\u2019acteur, nomm\u00e9 aux Emmy Awards dans la cat\u00e9gorie meilleur acteur dans un second r\u00f4le dans une mini-s\u00e9rie ou un t\u00e9l\u00e9film.<\/p>\n<p>                     <strong>Boycott des <\/strong>institutions cin\u00e9matographiques isra\u00e9liennes    <\/p>\n<p class=\"asset asset-text\"><a href=\"https:\/\/www.huffingtonpost.fr\/culture\/article\/guerre-a-gaza-le-monde-du-cinema-boycotte-les-instances-israeliennes-impliquees-dans-le-genocide_254574.html\" rel=\"nofollow noopener\" target=\"_blank\">Javier Bardem fait partie des 1\u00a0500\u00a0acteurs<\/a>, r\u00e9alisateurs et professionnels internationaux qui ont annonc\u00e9 d\u00e9but septembre arr\u00eater de travailler avec des institutions cin\u00e9matographiques isra\u00e9liennes qu\u2019ils accusent d\u2019\u00eatre \u00ab\u00a0impliqu\u00e9es dans le g\u00e9nocide\u00a0\u00bb \u00e0 Gaza.<\/p>\n<p class=\"asset asset-text\">Cet engagement, \u00e0 l\u2019initiative du groupe Film Workers for Palestine, s\u2019inspire du boycott culturel en Afrique du Sud \u00e0 l\u2019\u00e9poque de l\u2019apartheid, et notamment de \u00ab\u00a0Filmmakers United Against Apartheid\u00a0\u00bb (\u00ab\u00a0Les cin\u00e9astes unis contre l\u2019apartheid\u00a0\u00bb). Il vise, concr\u00e8tement, \u00e0 cesser de collaborer avec des festivals, cin\u00e9mas, diffuseurs et soci\u00e9t\u00e9 de production coupables selon les signataires de \u00ab\u00a0disculper ou justifier le g\u00e9nocide et l\u2019apartheid\u00a0\u00bb.<\/p>\n<p class=\"asset asset-text\">\u00c0 l\u2019occasion de l\u2019ouverture du festival de Cannes en mai\u00a02025, l\u2019acteur espagnol avait \u00e9galement d\u00e9nonc\u00e9 dans une tribune \u00e0 Lib\u00e9ration le \u00ab\u00a0silence\u00a0\u00bb du monde de la culture face au \u00ab\u00a0g\u00e9nocide\u00a0\u00bb \u00e0 Gaza.<\/p>\n<p class=\"asset asset-text\">La meilleure actrice dans un second r\u00f4le, Hannah Einbinder de Hacks, a quant \u00e0 elle profit\u00e9 de son discours de victoire pour d\u00e9noncer la guerre \u00e0 Gaza, les raids anti-immigration de l\u2019administration Trump et son soutien \u00e0 l\u2019\u00e9quipe de football am\u00e9ricain des Eagles de Philadelphie. \u00ab\u00a0Go Birds, Fuck ICE et lib\u00e9rez la Palestine\u00a0\u00bb, a-t-elle d\u00e9clar\u00e9.<\/p>\n","protected":false},"excerpt":{"rendered":"PATRICK T. FALLON \/ AFP L\u2019acteur espagnol Javier Bardem arrive pour la 77e c\u00e9r\u00e9monie des Emmy Awards \u00e0&hellip;\n","protected":false},"author":2,"featured_media":391985,"comment_status":"","ping_status":"","sticky":false,"template":"","format":"standard","meta":{"footnotes":""},"categories":[8],"tags":[253,650,3259,251,58,16442,59,1011,27,51088,6116],"class_list":{"0":"post-391984","1":"post","2":"type-post","3":"status-publish","4":"format-standard","5":"has-post-thumbnail","7":"category-divertissement","8":"tag-acteur","9":"tag-cinema","10":"tag-conflit-israelo-palestinien","11":"tag-culture","12":"tag-divertissement","13":"tag-emmy-awards","14":"tag-entertainment","15":"tag-fr","16":"tag-france","17":"tag-javier-bardem","18":"tag-los-angeles"},"share_on_mastodon":{"url":"https:\/\/pubeurope.com\/@fr\/115207023556587615","error":""},"_links":{"self":[{"href":"https:\/\/www.europesays.com\/fr\/wp-json\/wp\/v2\/posts\/391984","targetHints":{"allow":["GET"]}}],"collection":[{"href":"https:\/\/www.europesays.com\/fr\/wp-json\/wp\/v2\/posts"}],"about":[{"href":"https:\/\/www.europesays.com\/fr\/wp-json\/wp\/v2\/types\/post"}],"author":[{"embeddable":true,"href":"https:\/\/www.europesays.com\/fr\/wp-json\/wp\/v2\/users\/2"}],"replies":[{"embeddable":true,"href":"https:\/\/www.europesays.com\/fr\/wp-json\/wp\/v2\/comments?post=391984"}],"version-history":[{"count":0,"href":"https:\/\/www.europesays.com\/fr\/wp-json\/wp\/v2\/posts\/391984\/revisions"}],"wp:featuredmedia":[{"embeddable":true,"href":"https:\/\/www.europesays.com\/fr\/wp-json\/wp\/v2\/media\/391985"}],"wp:attachment":[{"href":"https:\/\/www.europesays.com\/fr\/wp-json\/wp\/v2\/media?parent=391984"}],"wp:term":[{"taxonomy":"category","embeddable":true,"href":"https:\/\/www.europesays.com\/fr\/wp-json\/wp\/v2\/categories?post=391984"},{"taxonomy":"post_tag","embeddable":true,"href":"https:\/\/www.europesays.com\/fr\/wp-json\/wp\/v2\/tags?post=391984"}],"curies":[{"name":"wp","href":"https:\/\/api.w.org\/{rel}","templated":true}]}}