{"id":392021,"date":"2025-09-15T07:21:16","date_gmt":"2025-09-15T07:21:16","guid":{"rendered":"https:\/\/www.europesays.com\/fr\/392021\/"},"modified":"2025-09-15T07:21:16","modified_gmt":"2025-09-15T07:21:16","slug":"les-ultras-qui-reclament-le-depart-de-marc-keller-la-colere-de-liam-rosenior-recit-dune-soiree-noire-a-la-meinau","status":"publish","type":"post","link":"https:\/\/www.europesays.com\/fr\/392021\/","title":{"rendered":"Les Ultras qui r\u00e9clament le d\u00e9part de Marc Keller, la col\u00e8re de Liam Rosenior, r\u00e9cit d&rsquo;une soir\u00e9e noire \u00e0 la Meinau"},"content":{"rendered":"<p>Le conflit entre les Ultras et les dirigeants du Racing Club de Strasbourg a atteint son paroxysme pendant le match face au Havre. Les UB 90 ont r\u00e9clam\u00e9 le d\u00e9part du pr\u00e9sident Marc Keller et attaqu\u00e9 le capitaine Emmanuel Emegha. Ce qui a provoqu\u00e9 une folle col\u00e8re de Liam Rosenior.<\/p>\n<p>Le Racing a gagn\u00e9 face au Havre <strong>son troisi\u00e8me match de la saison en Ligue 1<\/strong>, toujours en \u00e9tant loin de son meilleur niveau, toujours sur le m\u00eame score 1 \u00e0 0, toujours \u00e0 l&rsquo;arrach\u00e9 (<strong>but sur penalty de Joaquin Panichelli<\/strong> \u00e0 la 92\u00e8me minute). Mais ce r\u00e9sultat est pass\u00e9 au second plan, car le conflit entre les principaux groupes de supporters et les dirigeants du club a sans doute atteint un point de non retour.<\/p>\n<p><strong>La F\u00e9d\u00e9ration des supporters du Racing Club de Strasbourg<\/strong> avait d\u00e9j\u00e0 publi\u00e9 dans l&rsquo;apr\u00e8s-midi un communiqu\u00e9 au vitriol, appelant pour la premi\u00e8re fois le pr\u00e9sident Marc Keller \u00e0 d\u00e9missionner. Les Ultra Boys 90 ont ensuite d\u00e9ploy\u00e9 plusieurs banderoles hostiles \u00e0 Emmanuel Emegha\u00a0\u00a0(\u00ab\u00a0Emegha, pion de BlueCo. Apr\u00e8s avoir chang\u00e9 de maillot, rends ton brassard\u00a0\u00bb) et \u00e0 Marc Keller\u00a0(\u00ab\u00a0Marc Keller, merci pour cette d\u00e9cennie dor\u00e9e. Il est temps de s&rsquo;en aller\u00a0\u00bb). Les Ultras ont \u00e9t\u00e9 siffl\u00e9s quand ils ont d\u00e9ploy\u00e9 cette banderole r\u00e9clamant le d\u00e9part de Marc Keller.<\/p>\n<p>La tension \u00e9tait palpable dans les entrailles de la Meinau. En conf\u00e9rence de presse\u00a0<a class=\"IciLink ici-link IciArticleLink g-ici-body-regular-1 underline brand svelte-lu7k6w\" href=\"https:\/\/www.francebleu.fr\/sports\/football\/qu-ils-viennent-me-voir-je-leur-donne-mon-adresse-l-incroyable-coup-de-gueule-de-liam-rosenior-contre-les-ultras-9679773\" rel=\"nofollow noopener\" target=\"_blank\">Liam Rosenior s&rsquo;est fendu d&rsquo;un \u00e9norme coup de gueule contre l&rsquo;attitude \u00ab\u00a0d&rsquo;une minorit\u00e9 de supporters<\/a>\u00ab\u00a0, leur proposant m\u00eame de leur donner son adresse, pour qu&rsquo;ils viennent discuter avec lui.<\/p>\n<p>\u00ab\u00a0Ils veulent faire une banderole pour manquer de respect \u00e0 mon capitaine, le huer et le siffler depuis les tribunes, a r\u00e9agi tr\u00e8s en col\u00e8re le coach britannique du Racing. La porte de mon bureau est ouverte. Ils peuvent venir chez moi, \u00e0 ma maison. Ils peuvent venir au terrain d&rsquo;entra\u00eenement. Ils peuvent \u00eatre trois comme avant. Ou ils peuvent \u00eatre 30, 300, 3\u00a0000. Je vais m&rsquo;asseoir et discuter avec eux. Parce que depuis que je suis dans ce club, chaque joueur qui a port\u00e9 le maillot, a tout donn\u00e9. Les propri\u00e9taires ont investi dans ce club. Ils aiment ce club, quelle que soit leur origine. C&rsquo;est le moment pour tous les membres de la soci\u00e9t\u00e9 de se rassembler. Oubliez le football et nos diff\u00e9rences. Je vois une \u00e9quipe multiculturelle du monde entier qui porte le maillot bleu avec fiert\u00e9 et int\u00e9grit\u00e9. Et nous voir \u00e0 nouveau bafou\u00e9s de cette fa\u00e7on par une minorit\u00e9. Je les invite chez moi. Je leur donnerai mon adresse, et nous discuterons de tout ce qu&rsquo;ils attendent de cette \u00e9quipe de football, ce que je pense que nous leur offrons\u00a0\u00bb.<\/p>\n<p>\u00ab\u00a0La zizanie a toujours fait tr\u00e8s mal au club\u00a0\u00bb<\/p>\n<p>Marc Keller n&rsquo;a pas r\u00e9agi publiquement. C&rsquo;est <strong>L\u00e9onard Specht, le pr\u00e9sident de l&rsquo;association support Racing et pr\u00e9sident de l&rsquo;association des anciens joueurs<\/strong>, qui l&rsquo;a d\u00e9fendu devant les micros et les cam\u00e9ras. \u00ab\u00a0Ces banderoles, \u00e7a n&rsquo;est pas bien, \u00e7a n&rsquo;est pas bien pour les supporters eux-m\u00eames, \u00e7a n&rsquo;est pas bien pour le club. Je connais le club depuis 50 ans. Chaque fois que le club n&rsquo;\u00e9tait pas uni, qu&rsquo;on voyait des banderoles, qu&rsquo;on attaquait le pr\u00e9sident et en l&rsquo;occurrence le pr\u00e9sident ne le m\u00e9rite pas du tout.\u00a0 Chaque fois qu&rsquo;il y a eu des banderoles, le club a plong\u00e9 dans les profondeurs. On peut ne pas \u00eatre d&rsquo;accord, mais \u00e0 chaque fois que le club \u00e9tait uni, solidaire, on a fait des grandes choses. Je pense que les gens sont assez raisonnables. L&rsquo;unit\u00e9 fera grandir le Racing. Aujourd&rsquo;hui, on a un outil extraordinaire, on aurait r\u00eav\u00e9 de jouer dans un stade comme \u00e7a, il permettra de jouer des grands matchs. La zizanie, la querelle a toujours fait tr\u00e8s mal au club, donc on peut ne pas \u00eatre d&rsquo;accord, mais \u00e0 un moment donn\u00e9, il faut encourager. Parce que le Racing a du talent, de bons joueurs. On peut vivre de belles journ\u00e9es comme on les a v\u00e9cues en 79\u00a0\u00bb.<\/p>\n<p> \u00ab\u00a0Emegha a jou\u00e9 avec deux blessures \u00e0 Br\u00f6ndby\u00a0\u00bb<\/p>\n<p>Invit\u00e9 \u00e0 r\u00e9agir aux banderoles hostiles \u00e0 Emmanuel Emegha, <strong>le piston gauche du Racing Diego Moreira<\/strong> est venu au soutien de son capitaine\u00a0: \u00ab\u00a0Je trouve \u00e7a dommage parce que sa premi\u00e8re saison ici, \u00e7a a \u00e9t\u00e9 assez compliqu\u00e9 avec les fans. Et puis la saison d&rsquo;apr\u00e8s, il a d\u00e9montr\u00e9 de quoi il \u00e9tait capable et les fans \u00e9taient tr\u00e8s contents de lui. C&rsquo;est aussi gr\u00e2ce \u00e0 lui qu&rsquo;on se qualifie en coupe d&rsquo;Europe. Au match retour \u00e0 Br\u00f6ndby, il a jou\u00e9 avec deux blessures. \u00c7a, c&rsquo;est des choses qu&rsquo;on ne dit pas et qu&rsquo;on ne voit pas. C&rsquo;est un battant, c&rsquo;est un vaillant. Il a fait sa place, il a fait son trou. Je ne comprends pas pourquoi ils veulent qu&rsquo;il parte tout de suite. Ok, il a sign\u00e9 \u00e0 Chelsea, mais il est encore l\u00e0 et il veut se battre pour l&rsquo;\u00e9quipe. C&rsquo;est le capitaine de l&rsquo;\u00e9quipe. Il\u00a0 ne faut pas cracher sur lui. C&rsquo;est un joueur qui a eu des moments difficiles, que ce soit dans sa vie ou m\u00eame dans le football. On sera derri\u00e8re lui, on va continuer \u00e0 le soutenir et j&rsquo;esp\u00e8re que les fans feront de m\u00eame parce qu&rsquo;il est encore l\u00e0 pour la saison\u00a0\u00bb.<\/p>\n<p>\u00c0 lire aussi   <img decoding=\"async\" src=\"https:\/\/www.europesays.com\/fr\/wp-content\/uploads\/2025\/09\/1757920876_761_560x315\" alt=\"La col\u00e8re noire de Liam Rosenior apr\u00e8s le match contre le Havre\" style=\"--_image-preview:url('data:image\/jpeg;base64,\/9j\/2wBDACgcHiMeGSgjISMtKygwPGRBPDc3PHtYXUlkkYCZlo+AjIqgtObDoKrarYqMyP\/L2u71\/\/\/\/m8H\/\/\/\/6\/+b9\/\/j\/2wBDASstLTw1PHZBQXb4pYyl+Pj4+Pj4+Pj4+Pj4+Pj4+Pj4+Pj4+Pj4+Pj4+Pj4+Pj4+Pj4+Pj4+Pj4+Pj4+Pj4+Pj\/wAARCAAXACoDASIAAhEBAxEB\/8QAGAAAAwEBAAAAAAAAAAAAAAAAAAECAwT\/xAAYEAEBAQEBAAAAAAAAAAAAAAAAAQISEf\/EABYBAAMAAAAAAAAAAAAAAAAAAAABAv\/EABURAQEAAAAAAAAAAAAAAAAAAAAB\/9oADAMBAAIRAxEAPwDikVMnIuZXSRyVjblNiTY2EvUQCdEi5AFUQ\/E6gCDY6iAAH\/\/Z');\" loading=\"lazy\" fetchpriority=\"low\" aria-hidden=\"true\" class=\"svelte-1pnmlwx rounded\" onload=\"this.__e=event\" onerror=\"this.__e=event\"\/><\/p>\n","protected":false},"excerpt":{"rendered":"Le conflit entre les Ultras et les dirigeants du Racing Club de Strasbourg a atteint son paroxysme pendant&hellip;\n","protected":false},"author":2,"featured_media":392022,"comment_status":"","ping_status":"","sticky":false,"template":"","format":"standard","meta":{"footnotes":""},"categories":[2820],"tags":[1111,11,1777,674,1011,27,775,12,25,640],"class_list":{"0":"post-392021","1":"post","2":"type-post","3":"status-publish","4":"format-standard","5":"has-post-thumbnail","7":"category-strasbourg","8":"tag-actu","9":"tag-actualites","10":"tag-eu","11":"tag-europe","12":"tag-fr","13":"tag-france","14":"tag-grand-est","15":"tag-news","16":"tag-republique-francaise","17":"tag-strasbourg"},"share_on_mastodon":{"url":"https:\/\/pubeurope.com\/@fr\/115207109648414363","error":""},"_links":{"self":[{"href":"https:\/\/www.europesays.com\/fr\/wp-json\/wp\/v2\/posts\/392021","targetHints":{"allow":["GET"]}}],"collection":[{"href":"https:\/\/www.europesays.com\/fr\/wp-json\/wp\/v2\/posts"}],"about":[{"href":"https:\/\/www.europesays.com\/fr\/wp-json\/wp\/v2\/types\/post"}],"author":[{"embeddable":true,"href":"https:\/\/www.europesays.com\/fr\/wp-json\/wp\/v2\/users\/2"}],"replies":[{"embeddable":true,"href":"https:\/\/www.europesays.com\/fr\/wp-json\/wp\/v2\/comments?post=392021"}],"version-history":[{"count":0,"href":"https:\/\/www.europesays.com\/fr\/wp-json\/wp\/v2\/posts\/392021\/revisions"}],"wp:featuredmedia":[{"embeddable":true,"href":"https:\/\/www.europesays.com\/fr\/wp-json\/wp\/v2\/media\/392022"}],"wp:attachment":[{"href":"https:\/\/www.europesays.com\/fr\/wp-json\/wp\/v2\/media?parent=392021"}],"wp:term":[{"taxonomy":"category","embeddable":true,"href":"https:\/\/www.europesays.com\/fr\/wp-json\/wp\/v2\/categories?post=392021"},{"taxonomy":"post_tag","embeddable":true,"href":"https:\/\/www.europesays.com\/fr\/wp-json\/wp\/v2\/tags?post=392021"}],"curies":[{"name":"wp","href":"https:\/\/api.w.org\/{rel}","templated":true}]}}