{"id":392027,"date":"2025-09-15T07:24:53","date_gmt":"2025-09-15T07:24:53","guid":{"rendered":"https:\/\/www.europesays.com\/fr\/392027\/"},"modified":"2025-09-15T07:24:53","modified_gmt":"2025-09-15T07:24:53","slug":"carquefou-une-journee-dintegration-pour-les-6es-de-sainte-anne","status":"publish","type":"post","link":"https:\/\/www.europesays.com\/fr\/392027\/","title":{"rendered":"Carquefou. Une journ\u00e9e d\u2019int\u00e9gration pour les 6es de Sainte-Anne"},"content":{"rendered":"<p>Comme chaque rentr\u00e9e scolaire, le coll\u00e8ge Sainte-Anne a organis\u00e9, vendredi, une journ\u00e9e d\u2019int\u00e9gration pour les 6es, au parc Acrocime. Cette journ\u00e9e <strong>\u00ab\u00a0permet aux \u00e9l\u00e8ves de se conna\u00eetre et facilite l\u2019int\u00e9gration,<\/strong> explique Fran\u00e7ois Le Pallec, responsable du niveau 6e. <strong>Elle donne l\u2019occasion au professeur principal de conna\u00eetre plus facilement ses \u00e9l\u00e8ves, en d\u00e9couvrant chacun d\u2019eux \u00e0 travers ses capacit\u00e9s \u00e9motionnelles et corporelles dans des situations inhabituelles. Cela sensibilise les \u00e9l\u00e8ves au respect des r\u00e8gles de s\u00e9curit\u00e9 et de vie en groupe ainsi qu\u2019au respect de l\u2019environnement, avec l\u2019organisation d\u2019un pique-nique z\u00e9ro d\u00e9chet.\u00a0\u00bb<\/strong><\/p>\n<p>Pour renforcer la coh\u00e9sion de groupe, les \u00e9l\u00e8ves ont donc pass\u00e9 toute la journ\u00e9e avec leur classe et leur professeur principal, accompagn\u00e9 d\u2019un autre adulte, encadr\u00e9s par des animateurs professionnels.<\/p>\n<p>\u00a0<\/p>\n","protected":false},"excerpt":{"rendered":"Comme chaque rentr\u00e9e scolaire, le coll\u00e8ge Sainte-Anne a organis\u00e9, vendredi, une journ\u00e9e d\u2019int\u00e9gration pour les 6es, au parc&hellip;\n","protected":false},"author":2,"featured_media":392028,"comment_status":"","ping_status":"","sticky":false,"template":"","format":"standard","meta":{"footnotes":""},"categories":[2818],"tags":[52428,1111,11,3862,1777,674,1011,27,5317,3465,766,12,2636,25,3272,52429],"class_list":{"0":"post-392027","1":"post","2":"type-post","3":"status-publish","4":"format-standard","5":"has-post-thumbnail","7":"category-nantes","8":"tag-6es","9":"tag-actu","10":"tag-actualites","11":"tag-carquefou","12":"tag-eu","13":"tag-europe","14":"tag-fr","15":"tag-france","16":"tag-integration","17":"tag-journee","18":"tag-nantes","19":"tag-news","20":"tag-pays-de-la-loire","21":"tag-republique-francaise","22":"tag-saint-nazaire","23":"tag-sainte-anne"},"share_on_mastodon":{"url":"https:\/\/pubeurope.com\/@fr\/115207125392338707","error":""},"_links":{"self":[{"href":"https:\/\/www.europesays.com\/fr\/wp-json\/wp\/v2\/posts\/392027","targetHints":{"allow":["GET"]}}],"collection":[{"href":"https:\/\/www.europesays.com\/fr\/wp-json\/wp\/v2\/posts"}],"about":[{"href":"https:\/\/www.europesays.com\/fr\/wp-json\/wp\/v2\/types\/post"}],"author":[{"embeddable":true,"href":"https:\/\/www.europesays.com\/fr\/wp-json\/wp\/v2\/users\/2"}],"replies":[{"embeddable":true,"href":"https:\/\/www.europesays.com\/fr\/wp-json\/wp\/v2\/comments?post=392027"}],"version-history":[{"count":0,"href":"https:\/\/www.europesays.com\/fr\/wp-json\/wp\/v2\/posts\/392027\/revisions"}],"wp:featuredmedia":[{"embeddable":true,"href":"https:\/\/www.europesays.com\/fr\/wp-json\/wp\/v2\/media\/392028"}],"wp:attachment":[{"href":"https:\/\/www.europesays.com\/fr\/wp-json\/wp\/v2\/media?parent=392027"}],"wp:term":[{"taxonomy":"category","embeddable":true,"href":"https:\/\/www.europesays.com\/fr\/wp-json\/wp\/v2\/categories?post=392027"},{"taxonomy":"post_tag","embeddable":true,"href":"https:\/\/www.europesays.com\/fr\/wp-json\/wp\/v2\/tags?post=392027"}],"curies":[{"name":"wp","href":"https:\/\/api.w.org\/{rel}","templated":true}]}}