{"id":392029,"date":"2025-09-15T07:25:10","date_gmt":"2025-09-15T07:25:10","guid":{"rendered":"https:\/\/www.europesays.com\/fr\/392029\/"},"modified":"2025-09-15T07:25:10","modified_gmt":"2025-09-15T07:25:10","slug":"un-appartement-prend-feu-un-habitant-de-limmeuble-interpelle","status":"publish","type":"post","link":"https:\/\/www.europesays.com\/fr\/392029\/","title":{"rendered":"un appartement prend feu, un habitant de l&rsquo;immeuble interpell\u00e9"},"content":{"rendered":"<p>            Par<br \/>\n        <strong><br \/>\n            <a href=\"https:\/\/actu.fr\/auteur\/thomas-bernard\" title=\"Consulter tous les articles de Thomas Bernard\" rel=\"nofollow noopener\" target=\"_blank\">Thomas Bernard<\/a><br \/>\n        <\/strong><\/p>\n<p>        Publi\u00e9 le<\/p>\n<p>            15 sept. 2025 \u00e0 9h06        <\/p>\n<p>En fin d\u2019apr\u00e8s-midi, ce dimanche 14\u00a0septembre 2025, les pompiers sont intervenus, rue de Savenay, dans le quartier Talensac \u00e0 <a href=\"https:\/\/actu.fr\/pays-de-la-loire\/nantes_44109\" rel=\"nofollow noopener\" target=\"_blank\">Nantes<\/a>, <strong>suite \u00e0 un feu d\u2019appartement au troisi\u00e8me \u00e9tage d\u2019une r\u00e9sidence<\/strong>.<\/p>\n<p>    <a href=\"https:\/\/www.google.com\/maps\/embed?pb=!1m18!1m12!1m3!1d1916.0562990791962!2d-1.5632409424722997!3d47.22220150773185!2m3!1f0!2f0!3f0!3m2!1i1024!2i768!4f13.1!3m3!1m2!1s0x4805ec1fe565ae2b%3A0xeef9a2a99f67d55f!2sRue%20de%20Savenay%2C%2044036%20Nantes!5e0!3m2!1sfr!2sfr!4v1757919394496!5m2!1sfr!2sfr\" title=\"Ouvrie le lien\" rel=\"nofollow noopener\" target=\"_blank\">Cliquez ici pour visualiser le contenu<\/a><\/p>\n<p>Un homme arr\u00eat\u00e9 par la police<\/p>\n<p class=\" wall-content\">\u00ab\u2009\u00c0 leur arriv\u00e9e, les secours ont fait face \u00e0 un individu agit\u00e9, retranch\u00e9 dans son appartement et \u00e0 un risque de propagation de l\u2019incendie\u2009\u00bb, explique le centre op\u00e9rationnel d\u00e9partemental d\u2019incendie et de secours (Codis).<\/p>\n<p class=\" wall-content\">L\u2019individu, habitant l\u2019immeuble, a \u00e9t\u00e9 interpell\u00e9 par les forces de l\u2019ordre.<\/p>\n<p class=\" wall-content\">Une trentaine de pompiers ont \u00e9t\u00e9 mobilis\u00e9s lors de cette intervention. Des op\u00e9rations de b\u00e2chage de toiture ont \u00e9t\u00e9 r\u00e9alis\u00e9es suite \u00e0 l\u2019extinction de l\u2019incendie.<\/p>\n<p class=\" wall-content\">Personnalisez votre actualit\u00e9 en ajoutant vos villes et m\u00e9dias en favori avec <a href=\"https:\/\/moncompte.actu.fr\" title=\"D\u00e9couvez Mon Actu\" rel=\"nofollow noopener\" data-trk=\"{&quot;cta&quot;:{&quot;action&quot;:&quot;https:\\\/\\\/moncompte.actu.fr&quot;,&quot;category&quot;:&quot;mon compte&quot;,&quot;from&quot;:&quot;article footer&quot;,&quot;name&quot;:&quot;Mon actu&quot;,&quot;type&quot;:&quot;cta&quot;}}\" target=\"_blank\">Mon Actu<\/a>.<\/p>\n","protected":false},"excerpt":{"rendered":"Par Thomas Bernard Publi\u00e9 le 15 sept. 2025 \u00e0 9h06 En fin d\u2019apr\u00e8s-midi, ce dimanche 14\u00a0septembre 2025, les&hellip;\n","protected":false},"author":2,"featured_media":194252,"comment_status":"","ping_status":"","sticky":false,"template":"","format":"standard","meta":{"footnotes":""},"categories":[2818],"tags":[1111,11,1777,674,118,1011,27,1310,766,12,2636,1072,1311,25],"class_list":{"0":"post-392029","1":"post","2":"type-post","3":"status-publish","4":"format-standard","5":"has-post-thumbnail","7":"category-nantes","8":"tag-actu","9":"tag-actualites","10":"tag-eu","11":"tag-europe","12":"tag-faits-divers","13":"tag-fr","14":"tag-france","15":"tag-incendie","16":"tag-nantes","17":"tag-news","18":"tag-pays-de-la-loire","19":"tag-police","20":"tag-pompiers","21":"tag-republique-francaise"},"share_on_mastodon":{"url":"https:\/\/pubeurope.com\/@fr\/115207125469018654","error":""},"_links":{"self":[{"href":"https:\/\/www.europesays.com\/fr\/wp-json\/wp\/v2\/posts\/392029","targetHints":{"allow":["GET"]}}],"collection":[{"href":"https:\/\/www.europesays.com\/fr\/wp-json\/wp\/v2\/posts"}],"about":[{"href":"https:\/\/www.europesays.com\/fr\/wp-json\/wp\/v2\/types\/post"}],"author":[{"embeddable":true,"href":"https:\/\/www.europesays.com\/fr\/wp-json\/wp\/v2\/users\/2"}],"replies":[{"embeddable":true,"href":"https:\/\/www.europesays.com\/fr\/wp-json\/wp\/v2\/comments?post=392029"}],"version-history":[{"count":0,"href":"https:\/\/www.europesays.com\/fr\/wp-json\/wp\/v2\/posts\/392029\/revisions"}],"wp:featuredmedia":[{"embeddable":true,"href":"https:\/\/www.europesays.com\/fr\/wp-json\/wp\/v2\/media\/194252"}],"wp:attachment":[{"href":"https:\/\/www.europesays.com\/fr\/wp-json\/wp\/v2\/media?parent=392029"}],"wp:term":[{"taxonomy":"category","embeddable":true,"href":"https:\/\/www.europesays.com\/fr\/wp-json\/wp\/v2\/categories?post=392029"},{"taxonomy":"post_tag","embeddable":true,"href":"https:\/\/www.europesays.com\/fr\/wp-json\/wp\/v2\/tags?post=392029"}],"curies":[{"name":"wp","href":"https:\/\/api.w.org\/{rel}","templated":true}]}}