{"id":392032,"date":"2025-09-15T07:27:18","date_gmt":"2025-09-15T07:27:18","guid":{"rendered":"https:\/\/www.europesays.com\/fr\/392032\/"},"modified":"2025-09-15T07:27:18","modified_gmt":"2025-09-15T07:27:18","slug":"bordeaux-place-forte-du-baby-foot-en-france-2","status":"publish","type":"post","link":"https:\/\/www.europesays.com\/fr\/392032\/","title":{"rendered":"Bordeaux\u00a0: place forte du baby foot en France"},"content":{"rendered":"<p>Le club de Bordeaux-M\u00e9rignac est le club qui compte le plus de licenci\u00e9s en France et une salle \u00e9quip\u00e9e de cam\u00e9ras pour filmer les rencontres retransmises sur les r\u00e9seaux et d\u00e9brief\u00e9es gr\u00e2ce \u00e0 une application. Pas de doute, le baby foot, c&rsquo;est du sport    <\/p>\n<p>Car vous vous posez sans doute la question, le baby foot, est-ce vraiment du sport\u00a0? La r\u00e9ponse de\u00a0<a target=\"_blank\" rel=\"nofollow noopener noreferrer\" class=\"IciLink ici-link IciArticleLink g-ici-body-regular-1 underline brand svelte-lu7k6w\" href=\"https:\/\/babyfoot-ftbm.fr\/\"><strong>Patrick Bouzian qui dirige le club de Bordeaux<\/strong><\/a>\u00a0\u00ab\u00a0\u00e0 un certain niveau, c&rsquo;est du sport. Alors il y a le babyfoot loisir, les gens qui jouent pour s&rsquo;amuser et <strong>les gens qui font vraiment de la comp\u00e9tition, qui se d\u00e9placent dans toute la France et m\u00eame au del\u00e0 et l\u00e0, \u00e7a devient du sport.<\/strong> Parce que ce sont des journ\u00e9es enti\u00e8res c&rsquo;est fatiguant, physiquement, nerveusement\u00a0\u00bb.<\/p>\n<p>Un girondin champion du monde des U13<\/p>\n<p>Pour preuve l&rsquo;organisation de comp\u00e9titions internationales comme des championnats du monde qui se sont d\u00e9roul\u00e9s cet \u00e9t\u00e9 \u00e0 Saragosse o\u00f9 un Arthus, jeune licenci\u00e9 du club de Bordeaux-M\u00e9rignac a remport\u00e9 le titre de champion du monde des U13 :\u00a0\u00ab\u00a0c&rsquo;est le le fils d&rsquo;un de nos joueurs \u00e0 Bordeaux, donc il a sa licence \u00e0 Bordeaux o\u00f9 il s&rsquo;entra\u00eene. C&rsquo;est un joueur qui a beaucoup progress\u00e9 et l\u00e0, il a eu ce titre, c&rsquo;est formidable. Je crois d&rsquo;ailleurs que <strong>c&rsquo;est le seul Fran\u00e7ais qui a eu un titre Champion du monde<\/strong>. Donc c&rsquo;est une performance\u00a0\u00bb.<\/p>\n<p><img loading=\"lazy\" decoding=\"async\" class=\"VisualPreview svelte-1rldrkz\" src=\"data:image\/jpeg;base64,\/9j\/2wBDACgcHiMeGSgjISMtKygwPGRBPDc3PHtYXUlkkYCZlo+AjIqgtObDoKrarYqMyP\/L2u71\/\/\/\/m8H\/\/\/\/6\/+b9\/\/j\/2wBDASstLTw1PHZBQXb4pYyl+Pj4+Pj4+Pj4+Pj4+Pj4+Pj4+Pj4+Pj4+Pj4+Pj4+Pj4+Pj4+Pj4+Pj4+Pj4+Pj4+Pj\/wAARCAAXACoDASIAAhEBAxEB\/8QAGAAAAwEBAAAAAAAAAAAAAAAAAAIDBAX\/xAAYEAEBAQEBAAAAAAAAAAAAAAAAAQISEf\/EABcBAQEBAQAAAAAAAAAAAAAAAAIBAAP\/xAAVEQEBAAAAAAAAAAAAAAAAAAAAAf\/aAAwDAQACEQMRAD8AzyqZqMppQitOdLZ2yTSmdFEbM6P0y50p0SOTKeAOZnlPmgLGVzT+gGL\/2Q==\" alt=\"Les championnats du monde ont eu lieu \u00e0 Saragosse cet \u00e9t\u00e9.\" width=\"600\" height=\"337\"\/>  Les championnats du monde ont eu lieu \u00e0 Saragosse cet \u00e9t\u00e9.  &#8211; Image fournie par le FTBMUne salle \u00e9quip\u00e9e de cam\u00e9ras pour un baby foot 2.0 !<\/p>\n<p>Bordeaux est le club qui, en France, compte le plus grand nombre de licenci\u00e9s avec 92 licenci\u00e9s \u00e0 la fin de la saison derni\u00e8re. Mais peut-\u00eatre plus remarquable encore la salle construite par les adh\u00e9rents eux-m\u00eames est particuli\u00e8rement bine \u00e9quip\u00e9e avec notamment des cam\u00e9ras pour filmer les rencontres\u00a0: \u00ab\u00a0<strong>on a la salle la mieux \u00e9quip\u00e9e en France aussi, de loin, avec des cam\u00e9ras m\u00eame pour filmer les parties de babyfoot.<\/strong> On a mis une cam\u00e9ra au dessus de chaque baby pour d&rsquo;une part filmer et diffuser en direct dans toute la France lorsqu&rsquo;il y a des tournois officiels. Et l&rsquo;autre utilisation, c&rsquo;est aussi pour les gens qui, quand ils s&rsquo;entra\u00eenent dans la salle, se filment et quand ils rentrent \u00e0 la maison utilisent une application qui permet de visualiser ce qui s&rsquo;est pass\u00e9 dans la soir\u00e9e\u00a0\u00bb. Un baby foot 2.0 en quelque sorte.<\/p>\n<p>Vous pouvez joindre le club de Bordeaux via\u00a0<a target=\"_blank\" rel=\"nofollow noopener noreferrer\" class=\"IciLink ici-link IciArticleLink g-ici-body-regular-1 underline brand svelte-lu7k6w\" href=\"https:\/\/babyfoot-ftbm.fr\/\">son site internet<\/a>\u00a0ou au 06 11 86 07 54.<\/p>\n","protected":false},"excerpt":{"rendered":"Le club de Bordeaux-M\u00e9rignac est le club qui compte le plus de licenci\u00e9s en France et une salle&hellip;\n","protected":false},"author":2,"featured_media":391791,"comment_status":"","ping_status":"","sticky":false,"template":"","format":"standard","meta":{"footnotes":""},"categories":[2817],"tags":[1111,11,1997,1777,674,1011,27,12,2219,25],"class_list":{"0":"post-392032","1":"post","2":"type-post","3":"status-publish","4":"format-standard","5":"has-post-thumbnail","7":"category-bordeaux","8":"tag-actu","9":"tag-actualites","10":"tag-bordeaux","11":"tag-eu","12":"tag-europe","13":"tag-fr","14":"tag-france","15":"tag-news","16":"tag-nouvelle-aquitaine","17":"tag-republique-francaise"},"share_on_mastodon":{"url":"https:\/\/pubeurope.com\/@fr\/115207133185209797","error":""},"_links":{"self":[{"href":"https:\/\/www.europesays.com\/fr\/wp-json\/wp\/v2\/posts\/392032","targetHints":{"allow":["GET"]}}],"collection":[{"href":"https:\/\/www.europesays.com\/fr\/wp-json\/wp\/v2\/posts"}],"about":[{"href":"https:\/\/www.europesays.com\/fr\/wp-json\/wp\/v2\/types\/post"}],"author":[{"embeddable":true,"href":"https:\/\/www.europesays.com\/fr\/wp-json\/wp\/v2\/users\/2"}],"replies":[{"embeddable":true,"href":"https:\/\/www.europesays.com\/fr\/wp-json\/wp\/v2\/comments?post=392032"}],"version-history":[{"count":0,"href":"https:\/\/www.europesays.com\/fr\/wp-json\/wp\/v2\/posts\/392032\/revisions"}],"wp:featuredmedia":[{"embeddable":true,"href":"https:\/\/www.europesays.com\/fr\/wp-json\/wp\/v2\/media\/391791"}],"wp:attachment":[{"href":"https:\/\/www.europesays.com\/fr\/wp-json\/wp\/v2\/media?parent=392032"}],"wp:term":[{"taxonomy":"category","embeddable":true,"href":"https:\/\/www.europesays.com\/fr\/wp-json\/wp\/v2\/categories?post=392032"},{"taxonomy":"post_tag","embeddable":true,"href":"https:\/\/www.europesays.com\/fr\/wp-json\/wp\/v2\/tags?post=392032"}],"curies":[{"name":"wp","href":"https:\/\/api.w.org\/{rel}","templated":true}]}}