{"id":392047,"date":"2025-09-15T07:35:13","date_gmt":"2025-09-15T07:35:13","guid":{"rendered":"https:\/\/www.europesays.com\/fr\/392047\/"},"modified":"2025-09-15T07:35:13","modified_gmt":"2025-09-15T07:35:13","slug":"toute-lactualite-de-ce-lundi-15-septembre-2025-a-lyon","status":"publish","type":"post","link":"https:\/\/www.europesays.com\/fr\/392047\/","title":{"rendered":"Toute l&rsquo;actualit\u00e9 de ce lundi 15 septembre 2025 \u00e0 Lyon"},"content":{"rendered":"<p>A la une de l\u2019info \u00e0 Lyon : le mouvement Bloquons Tout, la manifestation de PAZ pour r\u00e9clamer la fermeture du zoo de Lyon, la liquidation judiciaire des Transports Bonnard, le festival Woodstower en redressement judicaire, le Cargo Bike Festival revient sur la place Bellecour\u2026<\/p>\n<p>ECOUTEZ LE 1\/4H LYONNAIS\u2026 Toute l\u2019actualit\u00e9 de ce lundi 15 septembre 2025<\/p>\n<p>LE 1\/4H LYONNAIS | lundi 15 septembre 2025<\/p>\n<p>Apr\u00e8s la mobilisation du 10 septembre, les militants de <strong>Bloquons Tout<\/strong> onr renonc\u00e9 \u00e0 la manifestation pr\u00e9vue samedi. Suite \u00e0 un arr\u00eat\u00e9 d\u2019interdiction de manifestation pris pour \u00ab pr\u00e9server la s\u00e9curit\u00e9 des personnes et des biens \u00bb<\/p>\n<p>Les membres du mouvement Bloquons tout ont appel\u00e9 \u00e0 participer \u00e0 la <strong>manifestation intersyndicale du 18 septembre<\/strong>.\u00a0<\/p>\n<p>9 jeunes arr\u00eat\u00e9s lors de la manifestation de mercredi dernier jug\u00e9s en comparution imm\u00e9diate.\u00a0De lourdes peines ont \u00e9t\u00e9 prononc\u00e9es\u2026<\/p>\n<p>L\u2019association<strong> <a href=\"https:\/\/zoopolis.fr\/\" target=\"_blank\" rel=\"noreferrer noopener\">PAZ<\/a><\/strong> a manifest\u00e9 samedi devant l\u2019h\u00f4tel de ville de Lyon pour demander au maire, <strong>Gr\u00e9gory Doucet<\/strong>, de <strong>fermer le zoo de la T\u00eate d\u2019Or.<\/strong> 56% des Lyonnaises et Lyonnais y seraient faforables<\/p>\n<blockquote class=\"instagram-media\" data-instgrm-captioned=\"\" data-instgrm-permalink=\"https:\/\/www.instagram.com\/p\/DOgofVECvX9\/?utm_source=ig_embed&amp;utm_campaign=loading\" data-instgrm-version=\"14\" style=\" background:#FFF; border:0; border-radius:3px; box-shadow:0 0 1px 0 rgba(0,0,0,0.5),0 1px 10px 0 rgba(0,0,0,0.15); margin: 1px; max-width:540px; min-width:326px; padding:0; width:99.375%; width:-webkit-calc(100% - 2px); width:calc(100% - 2px);\"\/>\n<p>En redressement judiciaire, les <strong><a href=\"http:\/\/www.transportsbonnard.com\/pages\/notre_histoire.html\" target=\"_blank\" rel=\"noreferrer noopener\">Transports Bonnard<\/a><\/strong>, dont le si\u00e8ge est \u00e0 <strong>Saint-Forgeux<\/strong>, ont \u00e9t\u00e9 plac\u00e9s en <strong>liquidation judiciaire<\/strong>.<\/p>\n<p>Le <strong><a href=\"https:\/\/www.woodstower.com\/\" target=\"_blank\" rel=\"noreferrer noopener\">festival Woodstower<\/a><\/strong> plac\u00e9 en <strong>redressement judicaire<\/strong> cherche un repreneur<\/p>\n<p>Ecoutez aussi : <a href=\"https:\/\/www.lyondemain.fr\/tendance-velo-cargo-lyon\/\" target=\"_blank\" rel=\"noreferrer noopener\">La tendance v\u00e9lo cargo a le vent en poupe\u2026 surtout \u00e0 Lyon<\/a><\/p>\n<p>Egalement dans l\u2019actualit\u00e9 de ce lundi 15 septembre<\/p>\n<p>Le <strong><a href=\"https:\/\/cargobikefestival.fr\/\" target=\"_blank\" rel=\"noreferrer noopener\">Cargo Bike Festival<\/a>,<\/strong> plus grand \u00e9v\u00e9nement europ\u00e9en du genre, s\u2019installe les 27 et 28 septembre 2025 sur la Place Bellecour pour sa 7\u1d49 \u00e9dition. L\u2019occasion id\u00e9ale de d\u00e9couvrir et d\u2019essayer gratuitement les<strong> v\u00e9los cargo<\/strong>, symboles d\u2019une <strong>mobilit\u00e9 urbaine durable et pratique<\/strong>.<\/p>\n<p>Notre invit\u00e9 : <strong>Alexandre Karsenty<\/strong>, organisateur du <strong>Cargo Bike Festival<\/strong><\/p>\n<blockquote class=\"instagram-media\" data-instgrm-captioned=\"\" data-instgrm-permalink=\"https:\/\/www.instagram.com\/reel\/DOWAqo5iPrq\/?utm_source=ig_embed&amp;utm_campaign=loading\" data-instgrm-version=\"14\" style=\" background:#FFF; border:0; border-radius:3px; box-shadow:0 0 1px 0 rgba(0,0,0,0.5),0 1px 10px 0 rgba(0,0,0,0.15); margin: 1px; max-width:540px; min-width:326px; padding:0; width:99.375%; width:-webkit-calc(100% - 2px); width:calc(100% - 2px);\"\/>\n<p>L\u2019OL \u00e9tait bien parti hier soir \u00e0 Rennes. Mais les Lyonnais s\u2019inclinent au final<\/p>\n<p>Le LOU lance sa saison \u00e0 l\u2019ext\u00e9rieur par une victoire face \u00e0 Montauban<\/p>\n<p>Ecoutez aussi : <a href=\"https:\/\/www.lyondemain.fr\/actualite-de-ce-vendredi-12-septembre-lyon-info-vendanges-musicales\/\" target=\"_blank\" rel=\"noreferrer noopener\">Toute l\u2019actualit\u00e9 de ce vendredi 12 septembre 2025 \u00e0 Lyon<\/a><\/p>\n<p><img fetchpriority=\"high\" decoding=\"async\" width=\"1200\" height=\"675\" src=\"https:\/\/www.europesays.com\/fr\/wp-content\/uploads\/2025\/09\/actualite-de-ce-lundi-15-septembre-2025.jpg\" alt=\"actualit\u00e9 de ce lundi 15 septembre 2025 info \u00e0 Lyon\" class=\"wp-image-251506\"  \/>Retrouvez aussi le Quart d\u2019Heure Lyonnais de Lyon Demain sur les antennes de Radio Pluriel (Lyon). Radio Salam (Lyon, Saint-Etienne et Bourg) et Radio Arm\u00e9nie (Lyon et Vienne)<br \/>\nJ\u2019aime \u00e7a\u00a0:<\/p>\n<p>J\u2019aime chargement\u2026<\/p>\n<p><a class=\"sd-link-color\"\/><\/p>\n<p>\n\tArticles similaires\n<\/p>\n<p>\t\t\t\t<img decoding=\"async\" src=\"https:\/\/www.europesays.com\/fr\/wp-content\/uploads\/2025\/09\/1757921713_391_7866158698e17e8ed633c05e8f8e7fe5d9e057ad78661c4dc34e413abb6b9f19\" alt=\"G\u00e9rald Bouchon\"\/><\/p>\n<p>Pionnier des radios libres, passionn\u00e9 de radio, journaliste et dirigeant de m\u00e9dias \u00e9co-responsables..<\/p>\n<p>\t\t\t<script async src=\"\/\/www.instagram.com\/embed.js\"><\/script><\/p>\n","protected":false},"excerpt":{"rendered":"A la une de l\u2019info \u00e0 Lyon : le mouvement Bloquons Tout, la manifestation de PAZ pour r\u00e9clamer&hellip;\n","protected":false},"author":2,"featured_media":392048,"comment_status":"","ping_status":"","sticky":false,"template":"","format":"standard","meta":{"footnotes":""},"categories":[1889],"tags":[1111,11,47850,2430,47212,39893,1777,674,52433,1011,27,5226,12589,2428,6795,2088,12,978,30474,9450,25,52434,27605,51306],"class_list":{"0":"post-392047","1":"post","2":"type-post","3":"status-publish","4":"format-standard","5":"has-post-thumbnail","7":"category-lyon","8":"tag-actu","9":"tag-actualites","10":"tag-alexandre-karsenty","11":"tag-auvergne-rhone-alpes","12":"tag-bloquons-tout","13":"tag-cargo-bike-festival","14":"tag-eu","15":"tag-europe","16":"tag-festival-woodstower","17":"tag-fr","18":"tag-france","19":"tag-gregory-doucet","20":"tag-lou-rugby","21":"tag-lyon","22":"tag-maltraitance-animale","23":"tag-manifestation","24":"tag-news","25":"tag-olympique-lyonnais","26":"tag-paz","27":"tag-prefecture-du-rhone","28":"tag-republique-francaise","29":"tag-transports-bonnard","30":"tag-velo-cargo","31":"tag-zoo-de-lyon"},"share_on_mastodon":{"url":"https:\/\/pubeurope.com\/@fr\/115207164839549335","error":""},"_links":{"self":[{"href":"https:\/\/www.europesays.com\/fr\/wp-json\/wp\/v2\/posts\/392047","targetHints":{"allow":["GET"]}}],"collection":[{"href":"https:\/\/www.europesays.com\/fr\/wp-json\/wp\/v2\/posts"}],"about":[{"href":"https:\/\/www.europesays.com\/fr\/wp-json\/wp\/v2\/types\/post"}],"author":[{"embeddable":true,"href":"https:\/\/www.europesays.com\/fr\/wp-json\/wp\/v2\/users\/2"}],"replies":[{"embeddable":true,"href":"https:\/\/www.europesays.com\/fr\/wp-json\/wp\/v2\/comments?post=392047"}],"version-history":[{"count":0,"href":"https:\/\/www.europesays.com\/fr\/wp-json\/wp\/v2\/posts\/392047\/revisions"}],"wp:featuredmedia":[{"embeddable":true,"href":"https:\/\/www.europesays.com\/fr\/wp-json\/wp\/v2\/media\/392048"}],"wp:attachment":[{"href":"https:\/\/www.europesays.com\/fr\/wp-json\/wp\/v2\/media?parent=392047"}],"wp:term":[{"taxonomy":"category","embeddable":true,"href":"https:\/\/www.europesays.com\/fr\/wp-json\/wp\/v2\/categories?post=392047"},{"taxonomy":"post_tag","embeddable":true,"href":"https:\/\/www.europesays.com\/fr\/wp-json\/wp\/v2\/tags?post=392047"}],"curies":[{"name":"wp","href":"https:\/\/api.w.org\/{rel}","templated":true}]}}