{"id":392053,"date":"2025-09-15T07:38:09","date_gmt":"2025-09-15T07:38:09","guid":{"rendered":"https:\/\/www.europesays.com\/fr\/392053\/"},"modified":"2025-09-15T07:38:09","modified_gmt":"2025-09-15T07:38:09","slug":"au-musee-dorsay-des-lectures-organisees-devant-les-tableaux","status":"publish","type":"post","link":"https:\/\/www.europesays.com\/fr\/392053\/","title":{"rendered":"au mus\u00e9e d&rsquo;Orsay, des lectures organis\u00e9es devant les tableaux"},"content":{"rendered":"<p>            Par<br \/>\n        <strong><br \/>\n            <a href=\"https:\/\/actu.fr\/auteur\/redaction-paris\" title=\"Consulter tous les articles de R\u00e9daction Paris\" target=\"_blank\" rel=\"noopener\">R\u00e9daction Paris<\/a><br \/>\n        <\/strong><\/p>\n<p>        Publi\u00e9 le<\/p>\n<p>            15 sept. 2025 \u00e0 9h18        <\/p>\n<p>Une trentaine d\u2019\u00e9crivains liront jeudi 18 septembre 2025 \u00e0 haute voix et en public des extraits de leurs \u0153uvres devant les tableaux du <a href=\"https:\/\/actu.fr\/tag\/musee-dorsay\" target=\"_blank\" rel=\"noopener\">mus\u00e9e d\u2019Orsay<\/a> pour un \u00ab\u00a0dialogue in\u00e9dit entre litt\u00e9rature et peinture\u00a0\u00bb, selon le mus\u00e9e du 7e arrondissement de Paris. <strong>Le \u00ab\u00a0Jour des \u00e9crivains\u00a0\u00bb<\/strong> est organis\u00e9 un an apr\u00e8s le succ\u00e8s du \u00ab\u00a0Jour des peintres\u00a0\u00bb qui avait rassembl\u00e9 80 artistes dans le mus\u00e9e sp\u00e9cialis\u00e9 dans <a href=\"https:\/\/actu.fr\/ile-de-france\/paris_75056\/musee-d-orsay-a-paris-un-chef-d-oeuvre-de-monet-jamais-montre-depuis-plus-de-110-ans-devoile_60466724.html\" target=\"_blank\" rel=\"noopener\">les arts du XIXe si\u00e8cle<\/a>, \u00e0 l\u2019initiative de son pr\u00e9sident <a href=\"https:\/\/actu.fr\/ile-de-france\/paris_75056\/sylvain-amic-president-du-musee-d-orsay-a-paris-meurt-brutalement-a-58-ans_63098569.html\" target=\"_blank\" rel=\"noopener\">Sylvain Amic, brutalement d\u00e9c\u00e9d\u00e9 le 31 ao\u00fbt.<\/a><\/p>\n<p>David Foenkinos, Alice Zeniter\u2026<\/p>\n<p class=\" wall-content\">\u00ab\u00a0L\u2019ambition est de c\u00e9l\u00e9brer le dialogue entre litt\u00e9rature et peinture, qui \u00e9tait tr\u00e8s intense\u00a0\u00bb au XIXe si\u00e8cle, r\u00e9sume le romancier Christophe Ono-dit-Biot, le commissaire de l\u2019\u00e9v\u00e9nement. <strong>Une trentaine d\u2019auteurs<\/strong> francophones ont relev\u00e9 le d\u00e9fi de lire quelques pages sp\u00e9cialement choisies de leurs textes qui font \u00e9cho au mus\u00e9e ou \u00e0 la peinture. Parmi eux figurent Christine Angot, Enki Bilal, Anne et Claire Berest, Philippe Claudel, David Foenkinos, Dan Franck, Marie-H\u00e9l\u00e8ne Lafon et Alice Zeniter.<\/p>\n<p class=\" wall-content\">\u00ab\u00a0J\u2019ai accept\u00e9 bien que je n\u2019aime pas trop lire mes textes en public\u00a0\u00bb, a d\u00e9clar\u00e9 Atiq Rahimi, Prix Goncourt 2008 pour \u00ab\u00a0Syngu\u00e9 Sabour\u00a0\u00bb, qui d\u00e9clamera dans la salle o\u00f9 est expos\u00e9 le c\u00e9l\u00e8bre tableau de Gustave Courbet \u00ab\u00a0L\u2019Origine du Monde\u00a0\u00bb.<\/p>\n<p class=\" wall-content\">Avec AFP<\/p>\n<p class=\" wall-content\">Personnalisez votre actualit\u00e9 en ajoutant vos villes et m\u00e9dias en favori avec <a href=\"https:\/\/moncompte.actu.fr\" title=\"D\u00e9couvez Mon Actu\" rel=\"nofollow noopener\" data-trk=\"{&quot;cta&quot;:{&quot;action&quot;:&quot;https:\\\/\\\/moncompte.actu.fr&quot;,&quot;category&quot;:&quot;mon compte&quot;,&quot;from&quot;:&quot;article footer&quot;,&quot;name&quot;:&quot;Mon actu&quot;,&quot;type&quot;:&quot;cta&quot;}}\" target=\"_blank\">Mon Actu<\/a>.<\/p>\n","protected":false},"excerpt":{"rendered":"Par R\u00e9daction Paris Publi\u00e9 le 15 sept. 2025 \u00e0 9h18 Une trentaine d\u2019\u00e9crivains liront jeudi 18 septembre 2025&hellip;\n","protected":false},"author":2,"featured_media":392054,"comment_status":"","ping_status":"","sticky":false,"template":"","format":"standard","meta":{"footnotes":""},"categories":[1888],"tags":[1111,1928,11,1927,1777,674,1011,27,1651,12,1926,626,1925,2551,25,104],"class_list":{"0":"post-392053","1":"post","2":"type-post","3":"status-publish","4":"format-standard","5":"has-post-thumbnail","7":"category-paris","8":"tag-actu","9":"tag-actu-paris","10":"tag-actualites","11":"tag-actualites-paris","12":"tag-eu","13":"tag-europe","14":"tag-fr","15":"tag-france","16":"tag-musee-dorsay","17":"tag-news","18":"tag-news-paris","19":"tag-paris","20":"tag-paris-news","21":"tag-patrimoine","22":"tag-republique-francaise","23":"tag-societe"},"share_on_mastodon":{"url":"https:\/\/pubeurope.com\/@fr\/115207176429095969","error":""},"_links":{"self":[{"href":"https:\/\/www.europesays.com\/fr\/wp-json\/wp\/v2\/posts\/392053","targetHints":{"allow":["GET"]}}],"collection":[{"href":"https:\/\/www.europesays.com\/fr\/wp-json\/wp\/v2\/posts"}],"about":[{"href":"https:\/\/www.europesays.com\/fr\/wp-json\/wp\/v2\/types\/post"}],"author":[{"embeddable":true,"href":"https:\/\/www.europesays.com\/fr\/wp-json\/wp\/v2\/users\/2"}],"replies":[{"embeddable":true,"href":"https:\/\/www.europesays.com\/fr\/wp-json\/wp\/v2\/comments?post=392053"}],"version-history":[{"count":0,"href":"https:\/\/www.europesays.com\/fr\/wp-json\/wp\/v2\/posts\/392053\/revisions"}],"wp:featuredmedia":[{"embeddable":true,"href":"https:\/\/www.europesays.com\/fr\/wp-json\/wp\/v2\/media\/392054"}],"wp:attachment":[{"href":"https:\/\/www.europesays.com\/fr\/wp-json\/wp\/v2\/media?parent=392053"}],"wp:term":[{"taxonomy":"category","embeddable":true,"href":"https:\/\/www.europesays.com\/fr\/wp-json\/wp\/v2\/categories?post=392053"},{"taxonomy":"post_tag","embeddable":true,"href":"https:\/\/www.europesays.com\/fr\/wp-json\/wp\/v2\/tags?post=392053"}],"curies":[{"name":"wp","href":"https:\/\/api.w.org\/{rel}","templated":true}]}}