{"id":392064,"date":"2025-09-15T07:44:11","date_gmt":"2025-09-15T07:44:11","guid":{"rendered":"https:\/\/www.europesays.com\/fr\/392064\/"},"modified":"2025-09-15T07:44:11","modified_gmt":"2025-09-15T07:44:11","slug":"usa-trump-menace-de-declarer-letat-durgence-a-washington-dc-15-09-2025-a-0926","status":"publish","type":"post","link":"https:\/\/www.europesays.com\/fr\/392064\/","title":{"rendered":"USA-Trump menace de d\u00e9clarer l&rsquo;\u00e9tat d&rsquo;urgence \u00e0 Washington DC &#8211; 15\/09\/2025 \u00e0 09:26"},"content":{"rendered":"<p>\n Le pr\u00e9sident am\u00e9ricain Donald<br \/>\nTrump a annonc\u00e9 lundi qu&rsquo;il d\u00e9clarerait l&rsquo;\u00e9tat d&rsquo;urgence<br \/>\nnational et f\u00e9d\u00e9raliserait Washington DC, apr\u00e8s que la maire<br \/>\nMuriel Bowser a d\u00e9clar\u00e9 que la police de la capitale ne<br \/>\ncoop\u00e9rerait pas avec le Service de l\u2019immigration et des douanes<br \/>\ndes \u00c9tats-Unis (ICE).\n<\/p>\n<p>\n \u00ab\u00a0Aux habitants et aux entreprises de Washington, D.C., NE<br \/>\nVOUS INQUI\u00c9TEZ PAS, JE SUIS AVEC VOUS ET JE NE LAISSERAI PAS<br \/>\nCELA SE PRODUIRE. Je d\u00e9clarerai l&rsquo;\u00e9tat d&rsquo;urgence national et<br \/>\nf\u00e9d\u00e9raliserai si n\u00e9cessaire !!!\u00a0\u00bb, a d\u00e9clar\u00e9 Donald Trump sur son<br \/>\nr\u00e9seau Truth Social.\n<\/p>\n<p>\n Ces d\u00e9clarations surviennent apr\u00e8s que le pr\u00e9sident<br \/>\nam\u00e9ricain a annonc\u00e9 le mois dernier le placement sous contr\u00f4le<br \/>\nf\u00e9d\u00e9ral de la police de Washington DC et ordonn\u00e9 le d\u00e9ploiement<br \/>\ndans la capitale des Etats-Unis de membres de la Garde nationale<br \/>\npour faire face selon lui \u00e0 une flamb\u00e9e de criminalit\u00e9.\n<\/p>\n<p>\n Cette mesure comprend \u00e9galement le d\u00e9ploiement d&rsquo;agents de<br \/>\nl&rsquo;ICE pour recueillir des informations sur les personnes vivant<br \/>\nou entrant ill\u00e9galement aux \u00c9tats-Unis.\n<\/p>\n<p>\n \u00ab\u00a0En quelques semaines seulement. &lsquo;L&rsquo;endroit&rsquo; est en plein<br \/>\nessor&#8230; pour la premi\u00e8re fois depuis des d\u00e9cennies, il n&rsquo;y a<br \/>\npratiquement AUCUNE CRIMINALIT\u00c9\u00a0\u00bb, a d\u00e9clar\u00e9 Donald Trump sur son<br \/>\nr\u00e9seau Truth Social.\n<\/p>\n<p>\n Le bureau de Muriel Bowser n&rsquo;a pas imm\u00e9diatement r\u00e9pondu \u00e0<br \/>\nune demande de commentaires sur la publication de Trump.\n<\/p>\n<p>\n Donald Trump a reproch\u00e9 aux \u00ab\u00a0d\u00e9mocrates de la gauche<br \/>\nradicale\u00a0\u00bb d&rsquo;avoir fait pression sur Muriel Bowser pour qu&rsquo;elle<br \/>\ninforme le gouvernement de la non-coop\u00e9ration avec l&rsquo;ICE,<br \/>\najoutant que si la police cessait de coop\u00e9rer avec les services<br \/>\nd&rsquo;immigration, \u00ab\u00a0la criminalit\u00e9 reviendrait en force\u00a0\u00bb.\n<\/p>\n<p>\n La menace de Donald Trump vient s&rsquo;ajouter \u00e0 un mouvement que<br \/>\nles critiques consid\u00e8rent comme un exc\u00e8s de pouvoir f\u00e9d\u00e9ral,<br \/>\navec plus de 2.000 soldats patrouillant dans la ville.\n<\/p>\n<p>\n Le bureau de Muriel Bowser n&rsquo;a pas imm\u00e9diatement r\u00e9pondu \u00e0<br \/>\nune demande de commentaire sur la publication de Donald Trump.\n<\/p>\n<p>\n Donald Trump a ajout\u00e9 : \u00ab\u00a0Aux habitants et aux entreprises de<br \/>\nWashington, D.C., NE VOUS INQUI\u00c9TEZ PAS, JE SUIS AVEC VOUS ET JE<br \/>\nNE LAISSERAI PAS CELA SE PRODUIRE. Je d\u00e9clarerai l&rsquo;\u00e9tat<br \/>\nd&rsquo;urgence national et f\u00e9d\u00e9raliserai si n\u00e9cessaire !!!\u00a0\u00bb\n<\/p>\n<p>\n (R\u00e9dig\u00e9 par Gursimran Kaur \u00e0 Bangalore ; version fran\u00e7aise<br \/>\nCoralie Lamarque ; \u00e9dit\u00e9 par Augustin Turpin)<\/p>\n","protected":false},"excerpt":{"rendered":"Le pr\u00e9sident am\u00e9ricain Donald Trump a annonc\u00e9 lundi qu&rsquo;il d\u00e9clarerait l&rsquo;\u00e9tat d&rsquo;urgence national et f\u00e9d\u00e9raliserait Washington DC, apr\u00e8s&hellip;\n","protected":false},"author":2,"featured_media":2486,"comment_status":"","ping_status":"","sticky":false,"template":"","format":"standard","meta":{"footnotes":""},"categories":[1589],"tags":[400,11,398,408,405,73,1866,403,402,399,404,12,401,406,1864,1865,1863,308,407],"class_list":{"0":"post-392064","1":"post","2":"type-post","3":"status-publish","4":"format-standard","5":"has-post-thumbnail","7":"category-etats-unis","8":"tag-action-cac-40","9":"tag-actualites","10":"tag-bourse-de-paris","11":"tag-boursorama","12":"tag-cotations","13":"tag-etats-unis","14":"tag-etats-unis-damerique","15":"tag-indices-devises","16":"tag-investir","17":"tag-investissement","18":"tag-marche-boursier","19":"tag-news","20":"tag-sicav","21":"tag-trackers","22":"tag-united-states","23":"tag-united-states-of-america","24":"tag-us","25":"tag-usa","26":"tag-warrants"},"share_on_mastodon":{"url":"https:\/\/pubeurope.com\/@fr\/115207200196816993","error":""},"_links":{"self":[{"href":"https:\/\/www.europesays.com\/fr\/wp-json\/wp\/v2\/posts\/392064","targetHints":{"allow":["GET"]}}],"collection":[{"href":"https:\/\/www.europesays.com\/fr\/wp-json\/wp\/v2\/posts"}],"about":[{"href":"https:\/\/www.europesays.com\/fr\/wp-json\/wp\/v2\/types\/post"}],"author":[{"embeddable":true,"href":"https:\/\/www.europesays.com\/fr\/wp-json\/wp\/v2\/users\/2"}],"replies":[{"embeddable":true,"href":"https:\/\/www.europesays.com\/fr\/wp-json\/wp\/v2\/comments?post=392064"}],"version-history":[{"count":0,"href":"https:\/\/www.europesays.com\/fr\/wp-json\/wp\/v2\/posts\/392064\/revisions"}],"wp:featuredmedia":[{"embeddable":true,"href":"https:\/\/www.europesays.com\/fr\/wp-json\/wp\/v2\/media\/2486"}],"wp:attachment":[{"href":"https:\/\/www.europesays.com\/fr\/wp-json\/wp\/v2\/media?parent=392064"}],"wp:term":[{"taxonomy":"category","embeddable":true,"href":"https:\/\/www.europesays.com\/fr\/wp-json\/wp\/v2\/categories?post=392064"},{"taxonomy":"post_tag","embeddable":true,"href":"https:\/\/www.europesays.com\/fr\/wp-json\/wp\/v2\/tags?post=392064"}],"curies":[{"name":"wp","href":"https:\/\/api.w.org\/{rel}","templated":true}]}}