{"id":392075,"date":"2025-09-15T07:50:15","date_gmt":"2025-09-15T07:50:15","guid":{"rendered":"https:\/\/www.europesays.com\/fr\/392075\/"},"modified":"2025-09-15T07:50:15","modified_gmt":"2025-09-15T07:50:15","slug":"emmy-awards-2025-the-pitt-adolescence-the-studio-decouvrez-le-palmares-complet-rtl-fr","status":"publish","type":"post","link":"https:\/\/www.europesays.com\/fr\/392075\/","title":{"rendered":"Emmy Awards 2025 : &quot;The Pitt&quot;, &quot;Adolescence&quot;, &quot;The Studio&quot;&#8230; D\u00e9couvrez le palmar\u00e8s complet &#8211; RTL.fr"},"content":{"rendered":"<ol>\n<li><a href=\"https:\/\/news.google.com\/rss\/articles\/CBMixwFBVV95cUxOS0puemcwSXkzQ1g5Uk1vR2xac1VmSXR1R1VYWlVOY1h3YVRMSUJRQ0VfRF9HWGNGOTlHVzlqZmJvaXdVUVplWm5HcnB0SUhDTHB6S2FMaFpoM01mb2JUaFdNdFg5YjdwUldvcVNoNFQxa0NSX1RqQmdPRTFiT19MUzhrVUlmT2diODRMMUNGM2xicGlPVlhTbVJCTUdSTVhQcEJvYzFZVW42Y3VxbmRraDlrZTdKdXMxTk5GWHhmZ0g4MU5rRHBv?oc=5\" target=\"_blank\" rel=\"nofollow noopener\">Emmy Awards 2025 : \u00ab\u00a0The Pitt\u00a0\u00bb, \u00ab\u00a0Adolescence\u00a0\u00bb, \u00ab\u00a0The Studio\u00a0\u00bb&#8230; D\u00e9couvrez le palmar\u00e8s complet<\/a>&nbsp;&nbsp;RTL.fr<\/li>\n<li><a href=\"https:\/\/news.google.com\/rss\/articles\/CBMi5gFBVV95cUxQUXVxenpJR29DQVEyT096ZWMwaGJoUk9YMm9xUXVQWXF3WGM4b1BsYUFoRUUzeklPMi1WLWg0bURoTEt5OEdZZ25mV3UtUFJrNklkaHlGSkh2XzY3cEQ3OUlDcjBxbkN1T0dKOVBKS1Z3aTlFUzU0UXdSQWxNdEZOTUotV0VxMVMtckJIVDhIa0Q0V2pPOEdVWWRsbWFPRUdpS2ZXMnVFakNKbVh2QzlBQ1lSMmtqRGRoQ2c4TEpoZlhoa1N6ZDhfSFFwQkRxd1ZkcDRaYnpLMkFBNGJ6OGtIT2lFUXpUdw?oc=5\" target=\"_blank\" rel=\"nofollow noopener\">Aux Emmy Awards, la revanche de Stephen Colbert, pr\u00e9sentateur licenci\u00e9 par sa cha\u00eene<\/a>&nbsp;&nbsp;Le Monde.fr<\/li>\n<li><a href=\"https:\/\/news.google.com\/rss\/articles\/CBMizwFBVV95cUxPb2h6bVRqZWxUS01UVzRXS3VZOXJvZlJkWFNuTUF2SDBhX1hzUUx1UEhMQXl0Q29KbndEdFI5eE9ocEJfOGl3UDJBYUktdERya0N5dFBlYWJxcUNsNnFORjRvWVJlQ0l6cDludzBZdDFCc1QwLVRNVDZHLVpEakdFb0xRTkVYYWZHeVc1VzhLM3RRSVQ1OHVONTNvbFp3czhDVk1rb0hhRlhfbGFFNHVXQUFWZUI2eWdVMWFFOU1MQ1VhbXItSGZKbjRCeXRyd0E?oc=5\" target=\"_blank\" rel=\"nofollow noopener\">Emmy Awards 2025 : \u201cThe Studio\u201d bat un record de troph\u00e9es, \u201cAdolescence\u201d triomphe<\/a>&nbsp;&nbsp;Courrier international<\/li>\n<li><a href=\"https:\/\/news.google.com\/rss\/articles\/CBMi7gFBVV95cUxPaGxtNHppdGtpaWFXZU9NbVBjR2d5cFlnQ1lzQmxXdy1HYWRGWDNyX1R4WTNrZHB5TnJwcFZwV1VGbURmM0dwTzd4WjhqcTVucU1rcklwRG01NzVEMUJJaDl1cmw3TVgxLUxjN2Yzb3IyTW5kT0FFek9hUDBxb2dLMFlVS0dQRWUxOHBzWTFZVklkeE9YbVdFc1ktTXdXdWVFZFptOEVMcl9nODJBYkNzbEVFVFZqT3FHYTNnLWtnd3c0Z1lRU0VYUXlpRlNyZGJqZmJiZjBtdFEtaEpXWWJkMUlEZDhmVFVEcFZwdmlB?oc=5\" target=\"_blank\" rel=\"nofollow noopener\">Le plus jeune acteur jamais r\u00e9compens\u00e9 de l\u2019histoire des Emmys n\u2019a pas vu sa s\u00e9rie<\/a>&nbsp;&nbsp;Le HuffPost<\/li>\n<li><a href=\"https:\/\/news.google.com\/rss\/articles\/CBMifkFVX3lxTE1mQ3liQU5qQ1U5UVVvUmtHd2VPUW0zN21keWlrQm5zcURKV19hSnhuSFVveUZScWRoSUt6YW5idkVNc25ONXZlX0RiSlFwenJnTnZZcjVYOURIcVgxYTlkZ05SQzMzcFFSbGozTk02WVE2c29hYlBJTVNmU1hXZw?oc=5\" target=\"_blank\" rel=\"nofollow noopener\">Not\u00e9e 4,2 sur 5, elle vient d&rsquo;\u00eatre \u00e9lue meilleure s\u00e9rie de l&rsquo;ann\u00e9e !<\/a>&nbsp;&nbsp;AlloCin\u00e9<\/li>\n<\/ol>\n","protected":false},"excerpt":{"rendered":"Emmy Awards 2025 : \u00ab\u00a0The Pitt\u00a0\u00bb, \u00ab\u00a0Adolescence\u00a0\u00bb, \u00ab\u00a0The Studio\u00a0\u00bb&#8230; D\u00e9couvrez le palmar\u00e8s complet&nbsp;&nbsp;RTL.fr Aux Emmy Awards, la revanche&hellip;\n","protected":false},"author":2,"featured_media":392076,"comment_status":"","ping_status":"","sticky":false,"template":"","format":"standard","meta":{"footnotes":""},"categories":[2],"tags":[11,16442,2414,107,1011,27,12,25,1314,252],"class_list":{"0":"post-392075","1":"post","2":"type-post","3":"status-publish","4":"format-standard","5":"has-post-thumbnail","7":"category-actualites","8":"tag-actualites","9":"tag-emmy-awards","10":"tag-fil-culture","11":"tag-fil-info","12":"tag-fr","13":"tag-france","14":"tag-news","15":"tag-republique-francaise","16":"tag-series","17":"tag-television"},"share_on_mastodon":{"url":"https:\/\/pubeurope.com\/@fr\/115207223743811559","error":""},"_links":{"self":[{"href":"https:\/\/www.europesays.com\/fr\/wp-json\/wp\/v2\/posts\/392075","targetHints":{"allow":["GET"]}}],"collection":[{"href":"https:\/\/www.europesays.com\/fr\/wp-json\/wp\/v2\/posts"}],"about":[{"href":"https:\/\/www.europesays.com\/fr\/wp-json\/wp\/v2\/types\/post"}],"author":[{"embeddable":true,"href":"https:\/\/www.europesays.com\/fr\/wp-json\/wp\/v2\/users\/2"}],"replies":[{"embeddable":true,"href":"https:\/\/www.europesays.com\/fr\/wp-json\/wp\/v2\/comments?post=392075"}],"version-history":[{"count":0,"href":"https:\/\/www.europesays.com\/fr\/wp-json\/wp\/v2\/posts\/392075\/revisions"}],"wp:featuredmedia":[{"embeddable":true,"href":"https:\/\/www.europesays.com\/fr\/wp-json\/wp\/v2\/media\/392076"}],"wp:attachment":[{"href":"https:\/\/www.europesays.com\/fr\/wp-json\/wp\/v2\/media?parent=392075"}],"wp:term":[{"taxonomy":"category","embeddable":true,"href":"https:\/\/www.europesays.com\/fr\/wp-json\/wp\/v2\/categories?post=392075"},{"taxonomy":"post_tag","embeddable":true,"href":"https:\/\/www.europesays.com\/fr\/wp-json\/wp\/v2\/tags?post=392075"}],"curies":[{"name":"wp","href":"https:\/\/api.w.org\/{rel}","templated":true}]}}