{"id":392077,"date":"2025-09-15T07:51:14","date_gmt":"2025-09-15T07:51:14","guid":{"rendered":"https:\/\/www.europesays.com\/fr\/392077\/"},"modified":"2025-09-15T07:51:14","modified_gmt":"2025-09-15T07:51:14","slug":"michel-edouard-leclerc-fustige-le-spectacle-affligeant-qui-plombe-le-moral-des-francais","status":"publish","type":"post","link":"https:\/\/www.europesays.com\/fr\/392077\/","title":{"rendered":"Michel-Edouard Leclerc fustige le \u00ab\u00a0spectacle affligeant\u00a0\u00bb qui plombe le moral des Fran\u00e7ais"},"content":{"rendered":"<p>Le patron des supermarch\u00e9 Leclerc s&rsquo;est attaqu\u00e9 au discours tenu par le gouvernement sur la dette fran\u00e7aise, lundi 15 septembre, sur le plateau de BFMTV-RMC.<\/p>\n<p>\u00ab\u00a0Le spectacle est affligeant\u00a0\u00bb. Le pr\u00e9sident du comit\u00e9 strat\u00e9gique des centres Leclerc, Michel-Edouard Leclerc, a fustig\u00e9 <a href=\"https:\/\/www.bfmtv.com\/economie\/economie-social\/finances-publiques\/la-dette-c-est-chacun-d-entre-nous-bayrou-deplore-un-endettement-consomme-en-depenses-courantes-et-protection-des-concitoyens_AV-202508250510.html\" title=\"&quot;La dette, c&#039;est chacun d&#039;entre nous&quot;: Bayrou d\u00e9plore un endettement &quot;consomm\u00e9 en d\u00e9penses courantes et protection des concitoyens&quot;\" class=\"internal_link\" rel=\"nofollow noopener\" target=\"_blank\">le discours sur la dette port\u00e9 par les gouvernements successifs<\/a>, lundi 15 septembre, au micro de BFMTV-RMC.<\/p>\n<p>\u00ab\u00a0Le discours de la dette, le discours de la contrainte, de discours de l&rsquo;effort pour la dette, \u00e7a ne fait pas une politique sociale, \u00e7a ne fait pas une politique de croissance\u00a0\u00bb, s&rsquo;est agac\u00e9 le patron des supermarch\u00e9s Leclerc, attaquant la \u00ab\u00a0dramaturgie pleine d&rsquo;ego\u00a0\u00bb d\u00e9ploy\u00e9e par Fran\u00e7ois Bayrou et les Premiers ministres qui l&rsquo;ont pr\u00e9c\u00e9d\u00e9.<\/p>\n<p>Pour Michel-Edouard Leclerc, le discours du gouvernement sur la dette rel\u00e8ve en effet de la \u00ab\u00a0th\u00e9atralisation\u00a0\u00bb.<\/p>\n<blockquote class=\"embed embed_quote\"><p>\u00ab\u00a0La France n&rsquo;est pas en faillite, elle est m\u00eame en l\u00e9g\u00e8re croissance\u00a0\u00bb, rappelle le patron.<\/p><\/blockquote>\n<p>Selon l&rsquo;Insee, <a href=\"https:\/\/www.bfmtv.com\/economie\/economie-social\/france\/ce-sera-finalement-0-8-l-insee-revise-la-croissance-francaise-a-la-hausse-pour-2025-malgre-des-consommateurs-et-des-entreprises-plus-deprimes-que-jamais_AN-202509110567.html\" title=\"Ce sera finalement +0,8%: l&#039;Insee r\u00e9vise la croissance fran\u00e7aise \u00e0 la hausse pour 2025 malgr\u00e9 des consommateurs et des entreprises plus d\u00e9prim\u00e9s que jamais\" class=\"internal_link\" rel=\"nofollow noopener\" target=\"_blank\">la croissance fran\u00e7aise en 2025 est anticip\u00e9e comme l\u00e9g\u00e8rement en hausse de 0,8%<\/a>.<\/p>\n<p>Michel-Edouard Leclerc fustige le gouvernement<\/p>\n<p>\u00ab\u00a0Dans nos bo\u00eetes, ce n&rsquo;est pas le comptable qui fait le plan de d\u00e9veloppement, estime par ailleurs Michel-Edouard Leclerc, C&rsquo;est important la dette, mais \u00e7a fait pas une politique pour les fran\u00e7ais\u00a0\u00bb.<\/p>\n<blockquote class=\"embed embed_quote\"><p>\u00ab\u00a0Ce sont les gestionnaires, peut-\u00eatre co-fauteurs de cette mauvaise gestion, qui ont mis en sc\u00e8ne la n\u00e9cessit\u00e9 de faire des efforts\u00a0\u00bb, fustige Michel-Edouard Leclerc.<\/p><\/blockquote>\n<p>Le patron des supermarch\u00e9s Leclerc, qui se dit r\u00e9guli\u00e8rement engag\u00e9 pour le pouvoir d&rsquo;achat de ses clients, rappelle \u00e9galement, qu&rsquo;en France, la consommation est un des moteurs principaux de la croissance.<\/p>\n","protected":false},"excerpt":{"rendered":"Le patron des supermarch\u00e9 Leclerc s&rsquo;est attaqu\u00e9 au discours tenu par le gouvernement sur la dette fran\u00e7aise, lundi&hellip;\n","protected":false},"author":2,"featured_media":392078,"comment_status":"","ping_status":"","sticky":false,"template":"","format":"standard","meta":{"footnotes":""},"categories":[4],"tags":[11,1011,27,12,25],"class_list":{"0":"post-392077","1":"post","2":"type-post","3":"status-publish","4":"format-standard","5":"has-post-thumbnail","7":"category-france","8":"tag-actualites","9":"tag-fr","10":"tag-france","11":"tag-news","12":"tag-republique-francaise"},"share_on_mastodon":{"url":"https:\/\/pubeurope.com\/@fr\/115207227661421610","error":""},"_links":{"self":[{"href":"https:\/\/www.europesays.com\/fr\/wp-json\/wp\/v2\/posts\/392077","targetHints":{"allow":["GET"]}}],"collection":[{"href":"https:\/\/www.europesays.com\/fr\/wp-json\/wp\/v2\/posts"}],"about":[{"href":"https:\/\/www.europesays.com\/fr\/wp-json\/wp\/v2\/types\/post"}],"author":[{"embeddable":true,"href":"https:\/\/www.europesays.com\/fr\/wp-json\/wp\/v2\/users\/2"}],"replies":[{"embeddable":true,"href":"https:\/\/www.europesays.com\/fr\/wp-json\/wp\/v2\/comments?post=392077"}],"version-history":[{"count":0,"href":"https:\/\/www.europesays.com\/fr\/wp-json\/wp\/v2\/posts\/392077\/revisions"}],"wp:featuredmedia":[{"embeddable":true,"href":"https:\/\/www.europesays.com\/fr\/wp-json\/wp\/v2\/media\/392078"}],"wp:attachment":[{"href":"https:\/\/www.europesays.com\/fr\/wp-json\/wp\/v2\/media?parent=392077"}],"wp:term":[{"taxonomy":"category","embeddable":true,"href":"https:\/\/www.europesays.com\/fr\/wp-json\/wp\/v2\/categories?post=392077"},{"taxonomy":"post_tag","embeddable":true,"href":"https:\/\/www.europesays.com\/fr\/wp-json\/wp\/v2\/tags?post=392077"}],"curies":[{"name":"wp","href":"https:\/\/api.w.org\/{rel}","templated":true}]}}