{"id":392107,"date":"2025-09-15T08:10:12","date_gmt":"2025-09-15T08:10:12","guid":{"rendered":"https:\/\/www.europesays.com\/fr\/392107\/"},"modified":"2025-09-15T08:10:12","modified_gmt":"2025-09-15T08:10:12","slug":"iphone-17-une-simple-mise-en-bouche-apple-aurait-10-bombes-pretes-a-exploser","status":"publish","type":"post","link":"https:\/\/www.europesays.com\/fr\/392107\/","title":{"rendered":"iPhone 17 : une simple mise en bouche ? Apple aurait 10 bombes pr\u00eates \u00e0 exploser"},"content":{"rendered":"<p>En bref<\/p>\n<ul class=\"ed__lists ed__bdy__l\">\n<li>Apple pr\u00e9pare 10 nouveaut\u00e9s apr\u00e8s l\u2019annonce des iPhone 17.<\/li>\n<li>D&rsquo;ici la fin de l&rsquo;ann\u00e9e : plus de puissance pour le Vision Pro, l&rsquo;HomePod 2 ou encore l&rsquo;AirTag 2.<\/li>\n<li>D\u00e9but 2026 : puces M5 pour MacBook Air et Pro, \u00e9cran connect\u00e9 pour la domotique et iPhone 17e.<\/li>\n<\/ul>\n<p class=\"ed__a-p ed__bdy__l\">Apple a relanc\u00e9 les festivit\u00e9s avec la keynote de rentr\u00e9e 2025 \u2014 annon\u00e7ant <a href=\"https:\/\/www.lesnumeriques.com\/telephone-portable\/iphone-17-air-17-pro-et-17-pro-max-decouvrez-tous-les-prix-des-nouveaux-smartphones-apple-n242217.html\" title=\"iPhone 17, Air, 17 Pro et 17 Pro Max : d\u00e9couvrez tous les prix des nouveaux smartphones Apple\" rel=\"nofollow noopener\" target=\"_blank\">les iPhone 17 et iPhone Air<\/a>, les Apple Watch Series 11, Ultra 2 et SE, ou encore les AirPods Pro 3. Il n\u2019y a cependant pas de temps pour se reposer sur ses lauriers chez la firme \u00e0 la pomme. De nouvelles informations pointent du doigt un feu d\u2019artifice compos\u00e9 de 10 nouveaut\u00e9s dans les mois \u00e0 venir.<\/p>\n<p>Les 10 nouveaut\u00e9s Apple qui arrivent tr\u00e8s prochainement, et pas si longtemps apr\u00e8s les iPhone 17<\/p>\n<p class=\"ed__a-p ed__bdy__l\">Mark Gurman n\u2019en a pas fini de partager des informations sur Apple. La keynote de la semaine derni\u00e8re a d\u2019ailleurs rendu le journaliste de chez Bloomberg plus loquace au sujet des prochains produits \u00e0 venir.<\/p>\n<p class=\"ed__a-p ed__bdy__l\">Dans sa derni\u00e8re newsletter Power On publi\u00e9e le 14 septembre 2025, il partage effectivement l\u2019arriv\u00e9e de 10 produits \u201cdans les prochains mois\u201d \u2014 \u00e0 commencer par les iPad Pro M5 d\u00e8s octobre. \u00c0 cette p\u00e9riode, on s\u2019attend aussi \u00e0 voir arriver <a href=\"https:\/\/www.lesnumeriques.com\/societe-numerique\/apres-les-iphone-17-apple-s-apprete-a-lancer-6-nouveaux-produits-d-ici-fin-2025-n242344.html\" title=\"Apr\u00e8s les iPhone\u00a017, Apple s\u2019appr\u00eate \u00e0 lancer 6 nouveaux produits d\u2019ici fin 2025\" rel=\"nofollow noopener\" target=\"_blank\">quatre autres produits<\/a> :<\/p>\n<ul class=\"ed__lists ed__bdy__l\">\n<li>Un Vision Pro plus puissant, d\u00e9clin\u00e9 en noir<\/li>\n<li>Une Apple TV 4K et un HomePod 2 taill\u00e9s pour l\u2019IA, avec la puce wifi des iPhone 17<\/li>\n<li>Un <a href=\"https:\/\/www.lesnumeriques.com\/accessoire-pour-smartphone\/airtag-2-les-3-grosses-nouveautes-apple-qui-vont-tout-changer-pour-les-utilisateurs-n240502.html\" title=\"AirTag 2 : les 3 grosses nouveaut\u00e9s Apple qui vont tout changer pour les utilisateurs\" rel=\"nofollow noopener\" target=\"_blank\">AirTag 2<\/a> d\u00e9tectable \u00e0 une bien plus grande distance que le mod\u00e8le actuel<\/li>\n<\/ul>\n<p class=\"ed__a-p ed__bdy__l\">La suite devrait attendre le d\u00e9but de l\u2019ann\u00e9e 2026. La g\u00e9n\u00e9ration de puces M5 s\u2019\u00e9tendrait en effet \u00e0 cette p\u00e9riode sur les ordinateurs portables d\u2019Apple : les MacBook Air et les MacBook Pro. Pour les accompagner, un \u00e9cran Studio Display 2 avec technologie mini-Led serait commercialis\u00e9.<\/p>\n<p class=\"ed__a-p ed__bdy__l\">Le mois de mars signerait ensuite le lancement d\u2019un produit tr\u00e8s discut\u00e9 depuis plusieurs mois : le <a href=\"https:\/\/www.lesnumeriques.com\/objet-connecte\/apple-pas-d-ecran-connecte-pour-2025-a-cause-des-retards-de-siri-n235252.html\" title=\"Apple : pas d\u2019\u00e9cran connect\u00e9 pour 2025 \u00e0 cause des retards de Siri\" rel=\"nofollow noopener\" target=\"_blank\">premier \u00e9cran connect\u00e9<\/a> de la firme \u00e0 la pomme. Un appareil in\u00e9dit qui devrait red\u00e9finir avec l\u2019aide de Siri la domotique chez Apple et ses utilisateurs \u2014 avant de revenir quelques plus tard avec une sonnette connect\u00e9e.<\/p>\n<p class=\"ed__a-p ed__bdy__l\">L\u2019<a href=\"https:\/\/www.lesnumeriques.com\/telephone-portable\/iphone-17e-tout-est-pret-pour-un-lancement-qui-pourrait-faire-grincer-des-dents-n239449.html\" title=\"iPhone 17e : tout est pr\u00eat pour un lancement qui pourrait faire grincer des dents\" rel=\"nofollow noopener\" target=\"_blank\">iPhone 17e<\/a> arriverait aussi \u00e0 ce moment, v\u00eatu de la puce A19 de l\u2019iPhone 17 ou encore d\u2019une Dynamic Island.<\/p>\n","protected":false},"excerpt":{"rendered":"En bref Apple pr\u00e9pare 10 nouveaut\u00e9s apr\u00e8s l\u2019annonce des iPhone 17. D&rsquo;ici la fin de l&rsquo;ann\u00e9e : plus&hellip;\n","protected":false},"author":2,"featured_media":392108,"comment_status":"","ping_status":"","sticky":false,"template":"","format":"standard","meta":{"footnotes":""},"categories":[7],"tags":[1011,27,43,40,41,39,42,44],"class_list":{"0":"post-392107","1":"post","2":"type-post","3":"status-publish","4":"format-standard","5":"has-post-thumbnail","7":"category-sciences-et-technologies","8":"tag-fr","9":"tag-france","10":"tag-science","11":"tag-science-and-technology","12":"tag-sciences","13":"tag-sciences-et-technologies","14":"tag-technologies","15":"tag-technology"},"share_on_mastodon":{"url":"https:\/\/pubeurope.com\/@fr\/115207302278817620","error":""},"_links":{"self":[{"href":"https:\/\/www.europesays.com\/fr\/wp-json\/wp\/v2\/posts\/392107","targetHints":{"allow":["GET"]}}],"collection":[{"href":"https:\/\/www.europesays.com\/fr\/wp-json\/wp\/v2\/posts"}],"about":[{"href":"https:\/\/www.europesays.com\/fr\/wp-json\/wp\/v2\/types\/post"}],"author":[{"embeddable":true,"href":"https:\/\/www.europesays.com\/fr\/wp-json\/wp\/v2\/users\/2"}],"replies":[{"embeddable":true,"href":"https:\/\/www.europesays.com\/fr\/wp-json\/wp\/v2\/comments?post=392107"}],"version-history":[{"count":0,"href":"https:\/\/www.europesays.com\/fr\/wp-json\/wp\/v2\/posts\/392107\/revisions"}],"wp:featuredmedia":[{"embeddable":true,"href":"https:\/\/www.europesays.com\/fr\/wp-json\/wp\/v2\/media\/392108"}],"wp:attachment":[{"href":"https:\/\/www.europesays.com\/fr\/wp-json\/wp\/v2\/media?parent=392107"}],"wp:term":[{"taxonomy":"category","embeddable":true,"href":"https:\/\/www.europesays.com\/fr\/wp-json\/wp\/v2\/categories?post=392107"},{"taxonomy":"post_tag","embeddable":true,"href":"https:\/\/www.europesays.com\/fr\/wp-json\/wp\/v2\/tags?post=392107"}],"curies":[{"name":"wp","href":"https:\/\/api.w.org\/{rel}","templated":true}]}}