{"id":392111,"date":"2025-09-15T08:12:11","date_gmt":"2025-09-15T08:12:11","guid":{"rendered":"https:\/\/www.europesays.com\/fr\/392111\/"},"modified":"2025-09-15T08:12:11","modified_gmt":"2025-09-15T08:12:11","slug":"lombre-dun-concert-de-metal-nazi-plane-autour-de-verdun-liberation","status":"publish","type":"post","link":"https:\/\/www.europesays.com\/fr\/392111\/","title":{"rendered":"L\u2019ombre d\u2019un concert de m\u00e9tal nazi plane autour de Verdun \u2013 Lib\u00e9ration"},"content":{"rendered":"<p class=\"sc-cPiKLX AiZTS text-element\">For\u00eat de bras tendus et hordes de cr\u00e2nes ras\u00e9s sont \u00e0 craindre. La mouvance dite \u00abNSBM\u00bb pour national-socialist black metal, du hard rock nazi, organise un concert clandestin samedi 20 septembre dans les alentours de Verdun (Meuse) rassemblant des groupes venus, outre de Bretagne, de Finlande, d\u2019Italie, de Pologne, de Suisse et d\u2019Allemagne. Un \u00e9v\u00e9nement d\u2019envergure qui \u00e9tait cens\u00e9 rester secret, l\u2019information ne circulant, a pu constater Lib\u00e9, que dans les cercles confidentiels de l\u2019extr\u00eame droite la plus radicale. Ce n\u2019est pas une premi\u00e8re dans le grand Est fran\u00e7ais, rappelle un dossier tr\u00e8s complet sur ce concert que viennent de publier des antifascistes locaux <a href=\"https:\/\/manif-est.info\/Un-nouveau-concert-neonazi-dans-le-Grand-Est-3552\" target=\"_blank\" rel=\"nofollow noopener\">sur le m\u00e9dia participatif de lutte Manif\u2019Est<\/a>. Plusieurs centaines de spectateurs sont attendus. <\/p>\n<p class=\"sc-cPiKLX AiZTS text-element\">Le \u00abBlack Metal Blitzkrieg V2\u00bb a \u00e9t\u00e9 annonc\u00e9 \u00e0 la fin du printemps sur un obscur blog allemand dont le nom fait r\u00e9f\u00e9rence \u00e0 la Waffen-SS. Le message r\u00e9v\u00e9lait que le concert se tiendrait dans le \u00abnord-est de la France\u00bb ainsi que sa date et un visuel pr\u00e9sentant les six groupes \u00e0 l\u2019affiche. Deux consignes importantes \u00e9taient donn\u00e9es : les t\u00e9l\u00e9phones seront interdits sur place, tout comme l\u2019est la publication d\u2019images ou toute autre annonce de l\u2019\u00e9v\u00e9nement sur les r\u00e9seaux sociaux. Pour pouvoir y acc\u00e9der, les participants doivent s\u2019inscrire \u00e0 l\u2019avance via une adresse mail anonyme qui d\u00e9livre l <\/p>\n","protected":false},"excerpt":{"rendered":"For\u00eat de bras tendus et hordes de cr\u00e2nes ras\u00e9s sont \u00e0 craindre. La mouvance dite \u00abNSBM\u00bb pour national-socialist&hellip;\n","protected":false},"author":2,"featured_media":392112,"comment_status":"","ping_status":"","sticky":false,"template":"","format":"standard","meta":{"footnotes":""},"categories":[5],"tags":[11,1076,1011,27,775,14,12,28],"class_list":{"0":"post-392111","1":"post","2":"type-post","3":"status-publish","4":"format-standard","5":"has-post-thumbnail","7":"category-international","8":"tag-actualites","9":"tag-extreme-droite","10":"tag-fr","11":"tag-france","12":"tag-grand-est","13":"tag-international","14":"tag-news","15":"tag-world"},"share_on_mastodon":{"url":"https:\/\/pubeurope.com\/@fr\/115207310106074165","error":""},"_links":{"self":[{"href":"https:\/\/www.europesays.com\/fr\/wp-json\/wp\/v2\/posts\/392111","targetHints":{"allow":["GET"]}}],"collection":[{"href":"https:\/\/www.europesays.com\/fr\/wp-json\/wp\/v2\/posts"}],"about":[{"href":"https:\/\/www.europesays.com\/fr\/wp-json\/wp\/v2\/types\/post"}],"author":[{"embeddable":true,"href":"https:\/\/www.europesays.com\/fr\/wp-json\/wp\/v2\/users\/2"}],"replies":[{"embeddable":true,"href":"https:\/\/www.europesays.com\/fr\/wp-json\/wp\/v2\/comments?post=392111"}],"version-history":[{"count":0,"href":"https:\/\/www.europesays.com\/fr\/wp-json\/wp\/v2\/posts\/392111\/revisions"}],"wp:featuredmedia":[{"embeddable":true,"href":"https:\/\/www.europesays.com\/fr\/wp-json\/wp\/v2\/media\/392112"}],"wp:attachment":[{"href":"https:\/\/www.europesays.com\/fr\/wp-json\/wp\/v2\/media?parent=392111"}],"wp:term":[{"taxonomy":"category","embeddable":true,"href":"https:\/\/www.europesays.com\/fr\/wp-json\/wp\/v2\/categories?post=392111"},{"taxonomy":"post_tag","embeddable":true,"href":"https:\/\/www.europesays.com\/fr\/wp-json\/wp\/v2\/tags?post=392111"}],"curies":[{"name":"wp","href":"https:\/\/api.w.org\/{rel}","templated":true}]}}