{"id":392115,"date":"2025-09-15T08:14:11","date_gmt":"2025-09-15T08:14:11","guid":{"rendered":"https:\/\/www.europesays.com\/fr\/392115\/"},"modified":"2025-09-15T08:14:11","modified_gmt":"2025-09-15T08:14:11","slug":"ricky-hatton-ancien-champion-du-monde-de-boxe-anglais-est-mort-a-lage-de-46-ans","status":"publish","type":"post","link":"https:\/\/www.europesays.com\/fr\/392115\/","title":{"rendered":"Ricky Hatton, ancien champion du monde de boxe anglais, est mort \u00e0 l\u2019\u00e2ge de 46\u00a0ans"},"content":{"rendered":"<p>                          <img loading=\"lazy\" decoding=\"async\" src=\"https:\/\/www.europesays.com\/fr\/wp-content\/uploads\/2025\/09\/3e3b559_ftp-import-images-1-6hdze0lmxpj2-2025-09-14t115954z-562826098-rc2nkx9gkf1y-rtrmadp-3-people-.jpeg\" alt=\"Le boxeur anglais Ricky Hatton, avant le match l\u2019opposant au Mexicain Marco Antonio Barrera, \u00e0 Manchester (Royaume-Uni), le\u00a012\u00a0novembre\u00a02022.\"   width=\"664\" height=\"443\"\/>    Le boxeur anglais Ricky Hatton, avant le match l\u2019opposant au Mexicain Marco Antonio Barrera, \u00e0 Manchester (Royaume-Uni), le\u00a012\u00a0novembre\u00a02022.  CRAIG BROUGH\/ACTION IMAGES VIA REUTERS                          <\/p>\n<p class=\"article__paragraph  \">La mort, \u00e0 46\u00a0ans, de l\u2019ex-champion du monde des super-l\u00e9gers Ricky Hatton, l\u2019un des boxeurs britanniques les plus populaires de sa g\u00e9n\u00e9ration, a entra\u00een\u00e9 une cascade d\u2019hommages, dimanche 15\u00a0septembre, du footballeur Wayne Rooney au club de Manchester City en passant par le boxeur poids lourd Tyson Fury.<\/p>\n<p class=\"article__paragraph  \">Le corps sans vie de \u00ab\u00a0The Hitman\u00a0\u00bb (le \u00ab\u00a0tueur \u00e0 gages\u00a0\u00bb, en fran\u00e7ais), son surnom, a \u00e9t\u00e9 retrouv\u00e9 dans sa maison du Grand Manchester dimanche matin, selon une information du <a href=\"https:\/\/www.manchestereveningnews.co.uk\/news\/uk-news\/ricky-hatton-death-obituary-manchester-32473079\" target=\"_blank\" rel=\"noopener nofollow\" title=\"Nouvelle fen\u00eatre\">Manchester Evening News<\/a>. La police n\u2019a pas confirm\u00e9 l\u2019identit\u00e9 du d\u00e9funt, mais seulement son \u00e2ge (46\u00a0ans), et a pr\u00e9cis\u00e9 que la mort ne semblait pas suspecte. Son fr\u00e8re, Matthew, lui a rendu hommage sur X\u00a0: \u00ab\u00a0Je t\u2019aime Richard. On se reverra de l\u2019autre c\u00f4t\u00e9.\u00a0\u00bb<\/p>\n<p class=\"article__paragraph  \">Le boxeur, n\u00e9 \u00e0 Stockport, au sud de Manchester, avait annonc\u00e9 l\u2019\u00e9t\u00e9 dernier son souhait de remonter sur le ring. Un combat \u00e9tait programm\u00e9 en d\u00e9cembre \u00e0 Duba\u00ef.<\/p>\n<p class=\"article__paragraph  \">Le style agressif de Ricky Hatton a fait de lui l\u2019un des boxeurs britanniques les plus populaires de sa g\u00e9n\u00e9ration. Sa carri\u00e8re, longue d\u2019une quinzaine d\u2019ann\u00e9es, a d\u00e9but\u00e9 en\u00a01997 et a \u00e9t\u00e9 riche de <a href=\"https:\/\/boxrec.com\/en\/box-pro\/9314\" target=\"_blank\" rel=\"noopener nofollow\" title=\"Nouvelle fen\u00eatre\">45\u00a0victoires en 48\u00a0combats professionnels<\/a>.<\/p>\n<p>                    \u00ab\u00a0Une l\u00e9gende, un guerrier et quelqu\u2019un de formidable\u00a0\u00bb                    <\/p>\n<p class=\"article__paragraph  \">Celui qui a remport\u00e9 des titres mondiaux dans les cat\u00e9gories super-l\u00e9gers (moins de 63,5\u00a0kilos) et poids welters (moins de 66,6\u00a0kilos) a gravi les \u00e9chelons amateurs et nationaux avant d\u2019affronter des boxeurs de classe mondiale tels que Kostya Tszyu, Floyd Mayweather et Manny Pacquiao.<\/p>\n<p class=\"article__paragraph  \">Sa d\u00e9faite en mai\u00a02009 face au Philippin, d\u00e8s le 2e\u00a0round et devant plus de 25\u00a0000\u00a0spectateurs britanniques, l\u2019avait an\u00e9anti. Le boxeur avait publiquement fait \u00e9tat de pens\u00e9es suicidaires et reconnu des addictions \u00e0 l\u2019alcool et \u00e0 la coca\u00efne. Il avait tent\u00e9 de remettre les gants en\u00a02012, trois ans apr\u00e8s l\u2019annonce de sa retraite, mais sa d\u00e9faite contre l\u2019Ukrainien Vyacheslav Senchenko, \u00e0 Manchester, l\u2019avait dissuad\u00e9 de poursuivre.<\/p>\n<p>                               <img loading=\"lazy\" decoding=\"async\" src=\"https:\/\/www.europesays.com\/fr\/wp-content\/uploads\/2025\/09\/74d5fe4_ftp-import-images-1-u3tuvqtje6j3-2025-09-14t124443z-1573801182-rc2orgav1xex-rtrmadp-3-boxing.jpeg\" alt=\"Ricky Hatton face \u00e0 Floyd Mayweather, \u00e0 Las Vegas, le 8\u00a0d\u00e9cembre 2007.\"   width=\"664\" height=\"443\"\/>    Ricky Hatton face \u00e0 Floyd Mayweather, \u00e0 Las Vegas, le 8\u00a0d\u00e9cembre 2007.  ANDREW COULDRIDGE \/ ACTION IMAGES VIA REUTERS                          <\/p>\n<p class=\"article__paragraph  \">\u00ab\u00a0Il \u00e9tait non seulement un grand combattant sur le ring, mais aussi un homme courageux et gentil dans la vie\u00a0\u00bb, a \u00e9crit Manny Pacquiao sur X.<\/p>\n<p>                                       Lire aussi |  <a href=\"https:\/\/www.lemonde.fr\/sport\/article\/2009\/05\/03\/boxe-manny-pacquiao-demonte-ricky-hatton-et-entre-dans-la-legende_1188272_3242.html\" class=\"js-article-read-also catcher--favoris__link\" data-premium=\"\" id=\"article-title-609115\" rel=\"nofollow noopener\" target=\"_blank\">Boxe : Manny Pacquiao d\u00e9monte Ricky Hatton et entre dans la l\u00e9gende<\/a>    <\/p>\n<p>   Lire plus tard  <\/p>\n<p class=\"article__paragraph  \">Frank Warren, son ancien promoteur, a salu\u00e9 la m\u00e9moire d\u2019un \u00ab\u00a0combattant extr\u00eamement talentueux qui a inspir\u00e9 une g\u00e9n\u00e9ration de jeunes boxeurs et de fans comme tr\u00e8s peu l\u2019ont fait auparavant, en raison de sa personnalit\u00e9 et du divertissement qu\u2019il offrait sur le ring\u00a0\u00bb.<\/p>\n<p> Newsletter  <\/p>\n<p> <a href=\"https:\/\/www.lemonde.fr\/newsletters\/sport\/\" class=\"inread__link js-services-inread-link\" target=\"_blank\" rel=\"nofollow noopener\">  <\/p>\n<p>\u00ab Sport \u00bb<\/p>\n<p>Enqu\u00eates, reportages, analyses : l&rsquo;actualit\u00e9 du sport dans votre bo\u00eete e-mail chaque samedi<\/p>\n<p>S&rsquo;inscrire<\/p>\n<p> <\/a>          <\/p>\n<p> Le Monde Guides d\u2019achat  <\/p>\n<p> <a href=\"https:\/\/www.lemonde.fr\/guides-d-achat\/article\/2018\/06\/30\/les-meilleurs-antivols-pour-attacher-son-velo_5323670_5306571.html\" class=\"inread__link js-services-inread-link\" target=\"_blank\" rel=\"nofollow noopener\">  <\/p>\n<p>Cadenas de v\u00e9lo<\/p>\n<p>Les meilleurs cadenas de v\u00e9lo<\/p>\n<p>Lire<\/p>\n<p> <\/a>      <\/p>\n<p> Newsletter  <\/p>\n<p> <a href=\"https:\/\/www.lemonde.fr\/newsletters\/sport\/\" class=\"inread__link js-services-inread-link\" target=\"_blank\" rel=\"nofollow noopener\">  <\/p>\n<p>\u00ab Sport \u00bb<\/p>\n<p>Enqu\u00eates, reportages, analyses : l&rsquo;actualit\u00e9 du sport dans votre bo\u00eete e-mail chaque samedi<\/p>\n<p>S&rsquo;inscrire<\/p>\n<p> <\/a>             <\/p>\n<p class=\"article__paragraph  \">Manchester City, dont il \u00e9tait \u00ab\u00a0l\u2019un des supporteurs les plus aim\u00e9s et les plus v\u00e9n\u00e9r\u00e9s\u00a0\u00bb, a annonc\u00e9 une minute de recueillement avant le derby disput\u00e9 ce dimanche contre Manchester United. Wayne Rooney, ancien attaquant vedette des Red Devils, s\u2019est dit \u00ab\u00a0d\u00e9vast\u00e9\u00a0\u00bb par la mort de Hatton, \u00ab\u00a0une l\u00e9gende, un guerrier et quelqu\u2019un de formidable\u00a0\u00bb.<\/p>\n<p class=\"article__paragraph  \">\u00ab\u00a0Repose en paix, l\u00e9gende Ricky Hatton, repose en paix\u00a0\u00bb, a \u00e9crit l\u2019ancien champion du monde des poids lourd Tyson Fury <a href=\"https:\/\/www.instagram.com\/p\/DOlM-wKDa2c\/\" target=\"_blank\" rel=\"noopener nofollow\" title=\"Nouvelle fen\u00eatre\">sur Instagram<\/a>, avec des photos du duo. \u00ab\u00a0Il n\u2019y aura jamais qu\u2019un seul Ricky Hatton. Je n\u2019arrive pas \u00e0 croire qu\u2019il soit parti si jeune.\u00a0\u00bb<\/p>\n<p class=\"author__detail\">  Le Monde avec AFP  <\/p>\n<p>                  <a href=\"https:\/\/www.lemonde.fr\/syndication\/\" class=\"reuse__content\" title=\"R\u00e9utiliser ce contenu\" target=\"_blank\" rel=\"nofollow noopener\">R\u00e9utiliser ce contenu<\/a>      <script async src=\"\/\/www.instagram.com\/embed.js\"><\/script><\/p>\n","protected":false},"excerpt":{"rendered":"Le boxeur anglais Ricky Hatton, avant le match l\u2019opposant au Mexicain Marco Antonio Barrera, \u00e0 Manchester (Royaume-Uni), le\u00a012\u00a0novembre\u00a02022.&hellip;\n","protected":false},"author":2,"featured_media":392116,"comment_status":"","ping_status":"","sticky":false,"template":"","format":"standard","meta":{"footnotes":""},"categories":[2],"tags":[11,1011,27,12],"class_list":{"0":"post-392115","1":"post","2":"type-post","3":"status-publish","4":"format-standard","5":"has-post-thumbnail","7":"category-actualites","8":"tag-actualites","9":"tag-fr","10":"tag-france","11":"tag-news"},"share_on_mastodon":{"url":"https:\/\/pubeurope.com\/@fr\/115207318408348883","error":""},"_links":{"self":[{"href":"https:\/\/www.europesays.com\/fr\/wp-json\/wp\/v2\/posts\/392115","targetHints":{"allow":["GET"]}}],"collection":[{"href":"https:\/\/www.europesays.com\/fr\/wp-json\/wp\/v2\/posts"}],"about":[{"href":"https:\/\/www.europesays.com\/fr\/wp-json\/wp\/v2\/types\/post"}],"author":[{"embeddable":true,"href":"https:\/\/www.europesays.com\/fr\/wp-json\/wp\/v2\/users\/2"}],"replies":[{"embeddable":true,"href":"https:\/\/www.europesays.com\/fr\/wp-json\/wp\/v2\/comments?post=392115"}],"version-history":[{"count":0,"href":"https:\/\/www.europesays.com\/fr\/wp-json\/wp\/v2\/posts\/392115\/revisions"}],"wp:featuredmedia":[{"embeddable":true,"href":"https:\/\/www.europesays.com\/fr\/wp-json\/wp\/v2\/media\/392116"}],"wp:attachment":[{"href":"https:\/\/www.europesays.com\/fr\/wp-json\/wp\/v2\/media?parent=392115"}],"wp:term":[{"taxonomy":"category","embeddable":true,"href":"https:\/\/www.europesays.com\/fr\/wp-json\/wp\/v2\/categories?post=392115"},{"taxonomy":"post_tag","embeddable":true,"href":"https:\/\/www.europesays.com\/fr\/wp-json\/wp\/v2\/tags?post=392115"}],"curies":[{"name":"wp","href":"https:\/\/api.w.org\/{rel}","templated":true}]}}