{"id":392119,"date":"2025-09-15T08:16:24","date_gmt":"2025-09-15T08:16:24","guid":{"rendered":"https:\/\/www.europesays.com\/fr\/392119\/"},"modified":"2025-09-15T08:16:24","modified_gmt":"2025-09-15T08:16:24","slug":"lassociation-anticor-se-constitue-partie-civile","status":"publish","type":"post","link":"https:\/\/www.europesays.com\/fr\/392119\/","title":{"rendered":"l&rsquo;association Anticor se constitue partie civile"},"content":{"rendered":"\n<p class=\"c-chapo \">\n  Le maire de Saint-Etienne, Ga\u00ebl Perdriau, sera jug\u00e9 en le 22 septembre dans l&rsquo;affaire dite du du chantage \u00e0 la sextape.\n<\/p>\n<p>            lire plus tard<\/p>\n<p id=\"dialog__title\" class=\"dialog__title\">Pour sauvegarder cet article, connectez-vous ou cr\u00e9ez un compte franceinfo<\/p>\n<p class=\"dialog__description\">Sans paiement. Sans abonnement.<\/p>\n<p>        Fermer la fen\u00eatre d\u2019activation des notifications France Info<\/p>\n<p>            cr\u00e9er votre compte<\/p>\n<p>            se connecter<\/p>\n<p>        Fermer la fen\u00eatre de pr\u00e9sentation<\/p>\n<p>    <img loading=\"lazy\" decoding=\"async\" class=\"signature__image lazyload\" width=\"100\" height=\"100\" data- alt=\"\" src=\"https:\/\/www.europesays.com\/fr\/wp-content\/uploads\/2025\/05\/64a7df4c5fe71_placeholder-36b69ec8.png\"\/><\/p>\n<p>    Publi\u00e9 le 15\/09\/2025 06:00<\/p>\n<p>      Mis \u00e0 jour le 15\/09\/2025 06:21<\/p>\n<p>        Temps de lecture : 1min<\/p>\n<p>    <img decoding=\"async\"  alt=\"Universit\u00e9 d'\u00e9t\u00e9 d'Anticor, Nantes, septembre 2019 (JEREMIE LUSSEAU \/ HANS LUCAS)\" width=\"432\" height=\"243\" src=\"https:\/\/www.europesays.com\/fr\/wp-content\/uploads\/2025\/09\/phpw4k0aC.jpg\" fetchpriority=\"high\"\/><\/p>\n<p>      Universit\u00e9 d&rsquo;\u00e9t\u00e9 d&rsquo;Anticor, Nantes, septembre 2019 (JEREMIE LUSSEAU \/ HANS LUCAS)<\/p>\n<p>L&rsquo;association anticorruption Anticor se constitue partie civile <a href=\"https:\/\/www.franceinfo.fr\/societe\/justice\/affaire-du-chantage-a-la-sextape-a-saint-etienne-le-maire-gael-perdriau-sera-juge-pour-chantage-en-septembre_7296117.html\" rel=\"nofollow noopener\" target=\"_blank\">dans le proc\u00e8s du maire de Saint-Etienne Ga\u00ebl Perdriau<\/a> et de trois anciens proches dans l&rsquo;affaire du chantage \u00e0 la sextape, a appris lundi 15 septembre franceinfo aupr\u00e8s d&rsquo;Anticor.<\/p>\n<p>Dans cette affaire, dont le proc\u00e8s d\u00e9bute lundi 22\u00a0septembre, l&rsquo;actuel maire de Saint-\u00c9tienne, Ga\u00ebl Perdriau et trois proches, sont accus\u00e9s d&rsquo;avoir organis\u00e9 le tournage d&rsquo;une vid\u00e9o intime impliquant un opposant politique, Gilles Artigues, et un escort-boy dans un h\u00f4tel, en janvier\u00a02015. Une vid\u00e9o suspect\u00e9e d&rsquo;avoir \u00e9t\u00e9 utilis\u00e9e comme moyen de pression sur cet opposant politique.\u00a0<\/p>\n<p>La justice soup\u00e7onne que des cr\u00e9dits municipaux ont \u00e9t\u00e9 utilis\u00e9s pour financer l&rsquo;op\u00e9ration, d&rsquo;o\u00f9 la pr\u00e9sence d&rsquo;Anticor dans ce proc\u00e8s. Si les faits dont sont accus\u00e9s les pr\u00e9venus sont av\u00e9r\u00e9s, \u00ab\u00a0c&rsquo;est le contraire de la probit\u00e9\u00a0\u00bb, rappelle \u00e0 franceinfo In\u00e8s Bernard, d\u00e9l\u00e9gu\u00e9e g\u00e9n\u00e9rale de l&rsquo;association, qui lutte, entre autres, pour la probit\u00e9 publique.\u00a0<\/p>\n<p>\u00ab\u00a0Cela rel\u00e8verait d&rsquo;une gestion mafieuse de la commune de Saint-\u00c9tienne, guid\u00e9e par des int\u00e9r\u00eats de politique politicienne et par l&rsquo;absence de morale\u00a0\u00bb, poursuit In\u00e8s Bernard, qui parle de \u00ab\u00a0potentiel trucage du jeu d\u00e9mocratique, de d\u00e9voiement de la fonction publique\u00a0\u00bb, avec de \u00ab\u00a0l&rsquo;argent public [qui] aurait \u00e9t\u00e9 utilis\u00e9 pour servir ces potentielles m\u00e9thodes mafieuses\u00a0\u00bb.<\/p>\n<p>De son c\u00f4t\u00e9, Ga\u00ebl Perdriau ne cesse de clamer son innocence et refuse de d\u00e9missionner.<\/p>\n","protected":false},"excerpt":{"rendered":"Le maire de Saint-Etienne, Ga\u00ebl Perdriau, sera jug\u00e9 en le 22 septembre dans l&rsquo;affaire dite du du chantage&hellip;\n","protected":false},"author":2,"featured_media":392120,"comment_status":"","ping_status":"","sticky":false,"template":"","format":"standard","meta":{"footnotes":""},"categories":[9653],"tags":[1111,11,2430,1777,674,1011,27,12,25,4001],"class_list":{"0":"post-392119","1":"post","2":"type-post","3":"status-publish","4":"format-standard","5":"has-post-thumbnail","7":"category-saint-etienne","8":"tag-actu","9":"tag-actualites","10":"tag-auvergne-rhone-alpes","11":"tag-eu","12":"tag-europe","13":"tag-fr","14":"tag-france","15":"tag-news","16":"tag-republique-francaise","17":"tag-saint-etienne"},"share_on_mastodon":{"url":"https:\/\/pubeurope.com\/@fr\/115207325948651569","error":""},"_links":{"self":[{"href":"https:\/\/www.europesays.com\/fr\/wp-json\/wp\/v2\/posts\/392119","targetHints":{"allow":["GET"]}}],"collection":[{"href":"https:\/\/www.europesays.com\/fr\/wp-json\/wp\/v2\/posts"}],"about":[{"href":"https:\/\/www.europesays.com\/fr\/wp-json\/wp\/v2\/types\/post"}],"author":[{"embeddable":true,"href":"https:\/\/www.europesays.com\/fr\/wp-json\/wp\/v2\/users\/2"}],"replies":[{"embeddable":true,"href":"https:\/\/www.europesays.com\/fr\/wp-json\/wp\/v2\/comments?post=392119"}],"version-history":[{"count":0,"href":"https:\/\/www.europesays.com\/fr\/wp-json\/wp\/v2\/posts\/392119\/revisions"}],"wp:featuredmedia":[{"embeddable":true,"href":"https:\/\/www.europesays.com\/fr\/wp-json\/wp\/v2\/media\/392120"}],"wp:attachment":[{"href":"https:\/\/www.europesays.com\/fr\/wp-json\/wp\/v2\/media?parent=392119"}],"wp:term":[{"taxonomy":"category","embeddable":true,"href":"https:\/\/www.europesays.com\/fr\/wp-json\/wp\/v2\/categories?post=392119"},{"taxonomy":"post_tag","embeddable":true,"href":"https:\/\/www.europesays.com\/fr\/wp-json\/wp\/v2\/tags?post=392119"}],"curies":[{"name":"wp","href":"https:\/\/api.w.org\/{rel}","templated":true}]}}