{"id":392123,"date":"2025-09-15T08:20:08","date_gmt":"2025-09-15T08:20:08","guid":{"rendered":"https:\/\/www.europesays.com\/fr\/392123\/"},"modified":"2025-09-15T08:20:08","modified_gmt":"2025-09-15T08:20:08","slug":"les-commerces-et-la-circulation-toujours-perturbes","status":"publish","type":"post","link":"https:\/\/www.europesays.com\/fr\/392123\/","title":{"rendered":"les commerces et la circulation toujours perturb\u00e9s"},"content":{"rendered":"<p>Au lendemain de l\u2019incendie survenu rue Saint-Georges, les pompiers poursuivent les op\u00e9rations de s\u00e9curisation. Un p\u00e9rim\u00e8tre reste boucl\u00e9, paralysant quelques commerces qui, ce vendredi \u00e0 midi, ne savaient pas encore\u00a0s&rsquo;ils pourraient rouvrir dans la journ\u00e9e. La ligne de trolley est d\u00e9vi\u00e9e\u00a0entre Division de Fer\u00a0et Pierre-Semard, et des agents de Keolis ont \u00e9t\u00e9 mobilis\u00e9s d\u00e8s l\u2019aube pour assurer la fluidit\u00e9 des d\u00e9placements et l\u2019information des voyageurs.<\/p>\n","protected":false},"excerpt":{"rendered":"Au lendemain de l\u2019incendie survenu rue Saint-Georges, les pompiers poursuivent les op\u00e9rations de s\u00e9curisation. Un p\u00e9rim\u00e8tre reste boucl\u00e9,&hellip;\n","protected":false},"author":2,"featured_media":392124,"comment_status":"","ping_status":"","sticky":false,"template":"","format":"standard","meta":{"footnotes":""},"categories":[9635],"tags":[1111,11,1704,1777,674,274,107,1011,27,2798,775,1702,12,25],"class_list":{"0":"post-392123","1":"post","2":"type-post","3":"status-publish","4":"format-standard","5":"has-post-thumbnail","7":"category-nancy","8":"tag-actu","9":"tag-actualites","10":"tag-edition-nancy-et-agglomeration","11":"tag-eu","12":"tag-europe","13":"tag-faits-divers-justice","14":"tag-fil-info","15":"tag-fr","16":"tag-france","17":"tag-galerie-photo","18":"tag-grand-est","19":"tag-nancy","20":"tag-news","21":"tag-republique-francaise"},"share_on_mastodon":{"url":"https:\/\/pubeurope.com\/@fr\/115207341599003805","error":""},"_links":{"self":[{"href":"https:\/\/www.europesays.com\/fr\/wp-json\/wp\/v2\/posts\/392123","targetHints":{"allow":["GET"]}}],"collection":[{"href":"https:\/\/www.europesays.com\/fr\/wp-json\/wp\/v2\/posts"}],"about":[{"href":"https:\/\/www.europesays.com\/fr\/wp-json\/wp\/v2\/types\/post"}],"author":[{"embeddable":true,"href":"https:\/\/www.europesays.com\/fr\/wp-json\/wp\/v2\/users\/2"}],"replies":[{"embeddable":true,"href":"https:\/\/www.europesays.com\/fr\/wp-json\/wp\/v2\/comments?post=392123"}],"version-history":[{"count":0,"href":"https:\/\/www.europesays.com\/fr\/wp-json\/wp\/v2\/posts\/392123\/revisions"}],"wp:featuredmedia":[{"embeddable":true,"href":"https:\/\/www.europesays.com\/fr\/wp-json\/wp\/v2\/media\/392124"}],"wp:attachment":[{"href":"https:\/\/www.europesays.com\/fr\/wp-json\/wp\/v2\/media?parent=392123"}],"wp:term":[{"taxonomy":"category","embeddable":true,"href":"https:\/\/www.europesays.com\/fr\/wp-json\/wp\/v2\/categories?post=392123"},{"taxonomy":"post_tag","embeddable":true,"href":"https:\/\/www.europesays.com\/fr\/wp-json\/wp\/v2\/tags?post=392123"}],"curies":[{"name":"wp","href":"https:\/\/api.w.org\/{rel}","templated":true}]}}