{"id":392137,"date":"2025-09-15T08:27:12","date_gmt":"2025-09-15T08:27:12","guid":{"rendered":"https:\/\/www.europesays.com\/fr\/392137\/"},"modified":"2025-09-15T08:27:12","modified_gmt":"2025-09-15T08:27:12","slug":"pagaille-ce-lundi-matin-sur-la-ligne-lyon-grenoble","status":"publish","type":"post","link":"https:\/\/www.europesays.com\/fr\/392137\/","title":{"rendered":"pagaille ce lundi matin sur la ligne Lyon-Grenoble"},"content":{"rendered":"<p>            Par<br \/>\n        <strong><br \/>\n            <a href=\"https:\/\/actu.fr\/auteur\/lisa-rodrigues\" title=\"Consulter tous les articles de Lisa Rodrigues\" target=\"_blank\" rel=\"noopener\">Lisa Rodrigues<\/a><br \/>\n        <\/strong><\/p>\n<p>        Publi\u00e9 le<\/p>\n<p>            15 sept. 2025 \u00e0 9h28        <\/p>\n<p>La semaine commence bien pour les usagers de la ligne Lyon-<a href=\"https:\/\/actu.fr\/auvergne-rhone-alpes\/grenoble_38185\" target=\"_blank\" rel=\"noopener\">Grenoble<\/a>. Depuis le d\u00e9but de la matin\u00e9e lundi 15 septembre, la <strong>circulation est tr\u00e8s fortement perturb\u00e9e<\/strong> dans les deux sens de circulation sur la ligne, ainsi que pour les trains entre Lyon et Chamb\u00e9ry qui traversent une partie de l\u2019<a href=\"https:\/\/actu.fr\/auvergne-rhone-alpes\/isere_38\" target=\"_blank\" rel=\"noopener\">Is\u00e8re<\/a>.<\/p>\n<p class=\" wall-content\">\n<p class=\" wall-content\">La SNCF estime que la reprise normale du trafic va se faire <strong>\u00e0 la mi-journ\u00e9e<\/strong>.<\/p>\n<p>Une panne d\u2019alimentation dimanche soir<\/p>\n<p class=\" wall-content\">Cette pagaille est due \u00e0 une <strong>panne d\u2019alimentation \u00e9lectrique<\/strong> au niveau de Saint-Priest (Rh\u00f4ne), survenue dimanche soir. \u00ab\u00a0Une intervention des \u00e9quipes sp\u00e9cialis\u00e9es est en cours\u00a0\u00bb, pr\u00e9cise la SNCF.<\/p>\n<p class=\" wall-content\">En cons\u00e9quence, depuis le d\u00e9but de journ\u00e9e ce lundi, plusieurs trains en direction de <a href=\"https:\/\/actu.fr\/lyon\/\" target=\"_blank\" rel=\"noopener\">Lyon<\/a> ont \u00e9t\u00e9 supprim\u00e9s \u00e0 Grenoble, ainsi qu\u2019\u00e0 Voiron ou <a href=\"https:\/\/actu.fr\/auvergne-rhone-alpes\/bourgoin-jallieu_38053\" target=\"_blank\" rel=\"noopener\">Bourgoin-Jallieu<\/a>. Quelques TER ont pu \u00eatre maintenus, avec des <strong>retards jusqu\u2019\u00e0 45 minutes<\/strong>, en direction de la capitale des Alpes depuis les gares is\u00e9roises.<\/p>\n<p class=\" wall-content\">Personnalisez votre actualit\u00e9 en ajoutant vos villes et m\u00e9dias en favori avec <a href=\"https:\/\/moncompte.actu.fr\" title=\"D\u00e9couvez Mon Actu\" rel=\"nofollow noopener\" data-trk=\"{&quot;cta&quot;:{&quot;action&quot;:&quot;https:\\\/\\\/moncompte.actu.fr&quot;,&quot;category&quot;:&quot;mon compte&quot;,&quot;from&quot;:&quot;article footer&quot;,&quot;name&quot;:&quot;Mon actu&quot;,&quot;type&quot;:&quot;cta&quot;}}\" target=\"_blank\">Mon Actu<\/a>.<\/p>\n","protected":false},"excerpt":{"rendered":"Par Lisa Rodrigues Publi\u00e9 le 15 sept. 2025 \u00e0 9h28 La semaine commence bien pour les usagers de&hellip;\n","protected":false},"author":2,"featured_media":392138,"comment_status":"","ping_status":"","sticky":false,"template":"","format":"standard","meta":{"footnotes":""},"categories":[9566],"tags":[1111,11,2430,1777,674,1011,27,2731,12,10899,25,2215,104],"class_list":{"0":"post-392137","1":"post","2":"type-post","3":"status-publish","4":"format-standard","5":"has-post-thumbnail","7":"category-grenoble","8":"tag-actu","9":"tag-actualites","10":"tag-auvergne-rhone-alpes","11":"tag-eu","12":"tag-europe","13":"tag-fr","14":"tag-france","15":"tag-grenoble","16":"tag-news","17":"tag-panne","18":"tag-republique-francaise","19":"tag-sncf","20":"tag-societe"},"share_on_mastodon":{"url":"https:\/\/pubeurope.com\/@fr\/115207369112462723","error":""},"_links":{"self":[{"href":"https:\/\/www.europesays.com\/fr\/wp-json\/wp\/v2\/posts\/392137","targetHints":{"allow":["GET"]}}],"collection":[{"href":"https:\/\/www.europesays.com\/fr\/wp-json\/wp\/v2\/posts"}],"about":[{"href":"https:\/\/www.europesays.com\/fr\/wp-json\/wp\/v2\/types\/post"}],"author":[{"embeddable":true,"href":"https:\/\/www.europesays.com\/fr\/wp-json\/wp\/v2\/users\/2"}],"replies":[{"embeddable":true,"href":"https:\/\/www.europesays.com\/fr\/wp-json\/wp\/v2\/comments?post=392137"}],"version-history":[{"count":0,"href":"https:\/\/www.europesays.com\/fr\/wp-json\/wp\/v2\/posts\/392137\/revisions"}],"wp:featuredmedia":[{"embeddable":true,"href":"https:\/\/www.europesays.com\/fr\/wp-json\/wp\/v2\/media\/392138"}],"wp:attachment":[{"href":"https:\/\/www.europesays.com\/fr\/wp-json\/wp\/v2\/media?parent=392137"}],"wp:term":[{"taxonomy":"category","embeddable":true,"href":"https:\/\/www.europesays.com\/fr\/wp-json\/wp\/v2\/categories?post=392137"},{"taxonomy":"post_tag","embeddable":true,"href":"https:\/\/www.europesays.com\/fr\/wp-json\/wp\/v2\/tags?post=392137"}],"curies":[{"name":"wp","href":"https:\/\/api.w.org\/{rel}","templated":true}]}}