{"id":392143,"date":"2025-09-15T08:30:24","date_gmt":"2025-09-15T08:30:24","guid":{"rendered":"https:\/\/www.europesays.com\/fr\/392143\/"},"modified":"2025-09-15T08:30:24","modified_gmt":"2025-09-15T08:30:24","slug":"niakhate-apres-rennes-ol-3-1-etre-juste-dans-les-deux-sens","status":"publish","type":"post","link":"https:\/\/www.europesays.com\/fr\/392143\/","title":{"rendered":"Niakhat\u00e9 apr\u00e8s Rennes &#8211; OL (3-1) : \u00ab\u00a0\u00catre juste dans les deux sens\u00a0\u00bb"},"content":{"rendered":"<p>                            <img width=\"770\" height=\"433\" src=\"https:\/\/www.europesays.com\/fr\/wp-content\/uploads\/2025\/09\/AFP__20250914__74GN2PA__v1__HighRes__FblFraLigue1RennesLyon-770x433.jpg\" class=\"attachment-article size-article wp-post-image\" alt=\"Moussa Niakhat\u00e9 face \u00e0 Breel Embolo lors de Rennes - OL\" decoding=\"async\" fetchpriority=\"high\"  \/><\/p>\n<p>Moussa Niakhat\u00e9 face \u00e0 Breel Embolo lors de Rennes \u2013 OL   (Photo by DAMIEN MEYER \/ AFP)<\/p>\n<p>Battu pour la premi\u00e8re fois de la saison, l\u2019OL a coul\u00e9 lors des dix derni\u00e8res minutes. M\u00eame si les erreurs d\u2019arbitrage \u00e9taient au centre des discussions.<\/p>\n<p>Il r\u00e9gnait comme un parfum du derby contre l\u2019<strong>AS Saint-Etienne<\/strong>\u00a0en avril dernier du c\u00f4t\u00e9 du Roazhon Park. Malheureusement, une fois de plus, ce n\u2019est pas all\u00e9 dans le sens de l\u2019<strong>OL<\/strong>\u00a0pour une premi\u00e8re d\u00e9faite\u00a0<a href=\"https:\/\/www.olympique-et-lyonnais.com\/lol-sombre-en-fin-de-match-a-rennes-3-1,379828.html\" target=\"_blank\" rel=\"noopener\">(3-1)\u00a0<\/a>dans cet exercice 2025-2026. Tout n\u2019est pas \u00e0 remettre en cause avec ce revers, car la formation rhodanienne a montr\u00e9 de belles choses, notamment en premi\u00e8re mi-temps, mais il y avait forc\u00e9ment un m\u00e9lange de regrets et de col\u00e8re apr\u00e8s le coup de sifflet final. La faute surtout aux d\u00e9cisions de Rudy\u00a0<strong>Buquet<\/strong>. Comme c\u2019est tr\u00e8s souvent le cas en Ligue 1, c\u2019est une fois de plus l\u2019arbitre central qui a \u00e9t\u00e9 le grand homme de cette partie entre Rennes et l\u2019OL.<\/p>\n<p>Et comme souvent, ce n\u2019est jamais bon signe, particuli\u00e8rement si l\u2019on se place dans le camp lyonnais. Entre l\u2019absence de rouge pour Anthony\u00a0<strong>Rouault<\/strong>\u00a0\u00e0 la 18e minute et l\u2019expulsion de Tyler\u00a0<strong>Morton<\/strong>\u00a0\u00e0 un quart d\u2019heure de la fin, Mr Buquet ne s\u2019est pas fait que des amis entre Rh\u00f4ne et Sa\u00f4ne. \u00c0 l\u2019image de Moussa\u00a0<strong>Niakhat\u00e9<\/strong>, c\u2019est l\u2019incompr\u00e9hension qui pr\u00e9dominait dans le vestiaire de l\u2019OL.\u00a0\u00ab\u00a0Il y a des faits de jeu probl\u00e9matiques. Je n\u2019en veux pas du tout \u00e0 Tyler, il a \u00e9t\u00e9 maladroit. Son rouge est logique, mais il faut \u00eatre juste dans les deux sens. Sur Khalis (Merah), c\u2019est juste incroyable de ne pas donner rouge\u00a0\u00bb, s\u2019interrogeait le S\u00e9n\u00e9galais.<\/p>\n<p>\u00ab\u00a0On aurait d\u00fb \u00eatre meilleurs en deuxi\u00e8me mi-temps\u00a0\u00bb<\/p>\n<p>Comme l\u2019a\u00a0<a href=\"https:\/\/www.olympique-et-lyonnais.com\/rennes-ol-3-1-louis-jean-peste-contre-larbitrage-et-la-var,379840.html\" target=\"_blank\" rel=\"noopener\">soulign\u00e9<\/a>\u00a0Matthieu\u00a0<strong>Louis-Jean<\/strong>, il faut une coh\u00e9rence dans les d\u00e9cisions arbitrables d\u2019un match sur l\u2019autre. Or, ce n\u2019est aujourd\u2019hui pas le cas en Ligue 1 et l\u2019<strong>OL<\/strong>\u00a0en a une nouvelle fois fait les frais, apr\u00e8s la controverse du derby il y a quelques mois. Toutefois, si le rouge de\u00a0<strong>Morton<\/strong>\u00a0a eu pour effet de faire voler en \u00e9clat le bloc lyonnais, cette premi\u00e8re d\u00e9faite n\u2019est pas que du ressort de Rudy Buquet. Moussa\u00a0<strong>Niakhat\u00e9<\/strong>\u00a0n\u2019a d\u2019ailleurs pas manqu\u00e9 de le pr\u00e9ciser.\u00a0\u00ab\u00a0Je ne vais pas passer mon temps \u00e0 pol\u00e9miquer. Si on avait fait une meilleure deuxi\u00e8me mi-temps, on aurait gagn\u00e9 cent fois.\u00a0\u00bb\u00a0Difficile de donner tort au vice-capitaine sur ce coup, car l\u2019OL a eu les opportunit\u00e9s de se mettre \u00e0 l\u2019abri \u00e0 onze contre onze.<\/p>\n","protected":false},"excerpt":{"rendered":"Moussa Niakhat\u00e9 face \u00e0 Breel Embolo lors de Rennes \u2013 OL (Photo by DAMIEN MEYER \/ AFP) Battu&hellip;\n","protected":false},"author":2,"featured_media":392144,"comment_status":"","ping_status":"","sticky":false,"template":"","format":"standard","meta":{"footnotes":""},"categories":[2821],"tags":[1111,11,829,1777,674,1011,27,66,12,241,978,584,25],"class_list":{"0":"post-392143","1":"post","2":"type-post","3":"status-publish","4":"format-standard","5":"has-post-thumbnail","7":"category-rennes","8":"tag-actu","9":"tag-actualites","10":"tag-bretagne","11":"tag-eu","12":"tag-europe","13":"tag-fr","14":"tag-france","15":"tag-ligue-1","16":"tag-news","17":"tag-ol","18":"tag-olympique-lyonnais","19":"tag-rennes","20":"tag-republique-francaise"},"share_on_mastodon":{"url":"https:\/\/pubeurope.com\/@fr\/115207381279699410","error":""},"_links":{"self":[{"href":"https:\/\/www.europesays.com\/fr\/wp-json\/wp\/v2\/posts\/392143","targetHints":{"allow":["GET"]}}],"collection":[{"href":"https:\/\/www.europesays.com\/fr\/wp-json\/wp\/v2\/posts"}],"about":[{"href":"https:\/\/www.europesays.com\/fr\/wp-json\/wp\/v2\/types\/post"}],"author":[{"embeddable":true,"href":"https:\/\/www.europesays.com\/fr\/wp-json\/wp\/v2\/users\/2"}],"replies":[{"embeddable":true,"href":"https:\/\/www.europesays.com\/fr\/wp-json\/wp\/v2\/comments?post=392143"}],"version-history":[{"count":0,"href":"https:\/\/www.europesays.com\/fr\/wp-json\/wp\/v2\/posts\/392143\/revisions"}],"wp:featuredmedia":[{"embeddable":true,"href":"https:\/\/www.europesays.com\/fr\/wp-json\/wp\/v2\/media\/392144"}],"wp:attachment":[{"href":"https:\/\/www.europesays.com\/fr\/wp-json\/wp\/v2\/media?parent=392143"}],"wp:term":[{"taxonomy":"category","embeddable":true,"href":"https:\/\/www.europesays.com\/fr\/wp-json\/wp\/v2\/categories?post=392143"},{"taxonomy":"post_tag","embeddable":true,"href":"https:\/\/www.europesays.com\/fr\/wp-json\/wp\/v2\/tags?post=392143"}],"curies":[{"name":"wp","href":"https:\/\/api.w.org\/{rel}","templated":true}]}}