{"id":392151,"date":"2025-09-15T08:35:24","date_gmt":"2025-09-15T08:35:24","guid":{"rendered":"https:\/\/www.europesays.com\/fr\/392151\/"},"modified":"2025-09-15T08:35:24","modified_gmt":"2025-09-15T08:35:24","slug":"a-reze-un-forum-pour-aider-les-parents-a-concilier-vie-professionnelle-et-vie-de-famille","status":"publish","type":"post","link":"https:\/\/www.europesays.com\/fr\/392151\/","title":{"rendered":"\u00c0 Rez\u00e9, un forum pour aider les parents \u00e0 concilier vie professionnelle et vie de famille"},"content":{"rendered":"<p>Cet \u00e9v\u00e9nement gratuit s\u2019adresse sp\u00e9cifiquement aux parents confront\u00e9s \u00e0 la difficile \u00e9quation m\u00ealant projets professionnels, contraintes familiales et recherche d\u2019emploi. Il s\u2019inscrit dans le cadre du dispositif Cit\u00e9s de l\u2019emploi, de l\u2019Agence nationale de la coh\u00e9sion des territoires (ANCT), d\u00e9ploy\u00e9 dans les Quartiers prioritaires de la ville. Sur place, les participants pourront d\u00e9couvrir un large \u00e9ventail de solutions et rencontrer de nombreux partenaires.<\/p>\n<p>Rencontre directe avec les employeurs<\/p>\n<p>Deux p\u00f4les d\u2019information seront am\u00e9nag\u00e9s\u00a0: l\u2019un d\u00e9di\u00e9 \u00e0 l\u2019\u00ab\u00a0Acc\u00e8s aux droits et accompagnement\u00a0\u00bb (avec la CAF, France Travail, le CCAS, le CIDFF\u2026), et l\u2019autre \u00e0 l\u2019\u00ab\u00a0Emploi et la formation\u00a0\u00bb (agences d\u2019insertion, entreprises adapt\u00e9es\u2026). Au programme\u00a0: des conseils personnalis\u00e9s pour optimiser sa recherche d\u2019emploi, la d\u00e9couverte des modes de garde et des aides financi\u00e8res existantes, la rencontre directe avec des employeurs proposant des horaires adapt\u00e9s \u00e0 la parentalit\u00e9, ou encore des ateliers pour regagner confiance en soi.<\/p>\n<p>Apr\u00e8s les Dervalli\u00e8res et Malakoff, cette \u00e9tape rez\u00e9enne est la troisi\u00e8me \u00e9dition de ce forum itin\u00e9rant, qui fera ensuite halte \u00e0 Nantes en octobre et novembre. Une initiative de terrain pour agir concr\u00e8tement en faveur de l\u2019insertion professionnelle des parents.<\/p>\n<p><strong>Mardi 16\u00a0septembre, <\/strong>de 9\u00a0h\u00a030 \u00e0 12\u00a0h\u00a030, au centre socioculturel Ch\u00e2teau, \u00e0 Rez\u00e9. Contact\u00a0: <a href=\"https:\/\/www.atdec.org\/\" target=\"_blank\" rel=\"noopener\">atdec.or<\/a><\/p>\n<p>\u00a0<\/p>\n","protected":false},"excerpt":{"rendered":"Cet \u00e9v\u00e9nement gratuit s\u2019adresse sp\u00e9cifiquement aux parents confront\u00e9s \u00e0 la difficile \u00e9quation m\u00ealant projets professionnels, contraintes familiales et&hellip;\n","protected":false},"author":2,"featured_media":392152,"comment_status":"","ping_status":"","sticky":false,"template":"","format":"standard","meta":{"footnotes":""},"categories":[2818],"tags":[1111,11,4180,45542,1777,674,652,5556,1011,27,766,12,3306,2636,6354,25,3740,3272,4717],"class_list":{"0":"post-392151","1":"post","2":"type-post","3":"status-publish","4":"format-standard","5":"has-post-thumbnail","7":"category-nantes","8":"tag-actu","9":"tag-actualites","10":"tag-aider","11":"tag-concilier","12":"tag-eu","13":"tag-europe","14":"tag-famille","15":"tag-forum","16":"tag-fr","17":"tag-france","18":"tag-nantes","19":"tag-news","20":"tag-parents","21":"tag-pays-de-la-loire","22":"tag-professionnelle","23":"tag-republique-francaise","24":"tag-reze","25":"tag-saint-nazaire","26":"tag-vie"},"share_on_mastodon":{"url":"https:\/\/pubeurope.com\/@fr\/115207400565414620","error":""},"_links":{"self":[{"href":"https:\/\/www.europesays.com\/fr\/wp-json\/wp\/v2\/posts\/392151","targetHints":{"allow":["GET"]}}],"collection":[{"href":"https:\/\/www.europesays.com\/fr\/wp-json\/wp\/v2\/posts"}],"about":[{"href":"https:\/\/www.europesays.com\/fr\/wp-json\/wp\/v2\/types\/post"}],"author":[{"embeddable":true,"href":"https:\/\/www.europesays.com\/fr\/wp-json\/wp\/v2\/users\/2"}],"replies":[{"embeddable":true,"href":"https:\/\/www.europesays.com\/fr\/wp-json\/wp\/v2\/comments?post=392151"}],"version-history":[{"count":0,"href":"https:\/\/www.europesays.com\/fr\/wp-json\/wp\/v2\/posts\/392151\/revisions"}],"wp:featuredmedia":[{"embeddable":true,"href":"https:\/\/www.europesays.com\/fr\/wp-json\/wp\/v2\/media\/392152"}],"wp:attachment":[{"href":"https:\/\/www.europesays.com\/fr\/wp-json\/wp\/v2\/media?parent=392151"}],"wp:term":[{"taxonomy":"category","embeddable":true,"href":"https:\/\/www.europesays.com\/fr\/wp-json\/wp\/v2\/categories?post=392151"},{"taxonomy":"post_tag","embeddable":true,"href":"https:\/\/www.europesays.com\/fr\/wp-json\/wp\/v2\/tags?post=392151"}],"curies":[{"name":"wp","href":"https:\/\/api.w.org\/{rel}","templated":true}]}}