{"id":392167,"date":"2025-09-15T08:44:11","date_gmt":"2025-09-15T08:44:11","guid":{"rendered":"https:\/\/www.europesays.com\/fr\/392167\/"},"modified":"2025-09-15T08:44:11","modified_gmt":"2025-09-15T08:44:11","slug":"en-cas-delection-a-la-mairie-de-marseille-martine-vassal-ne-presiderait-plus-le-departement","status":"publish","type":"post","link":"https:\/\/www.europesays.com\/fr\/392167\/","title":{"rendered":"en cas d\u2019\u00e9lection \u00e0 la mairie de Marseille, Martine Vassal ne pr\u00e9siderait plus le d\u00e9partement"},"content":{"rendered":"<p>\u00c0 la t\u00eate d\u00e9j\u00e0 du d\u00e9partement des Bouches-du-Rh\u00f4ne et de la m\u00e9tropole d\u2019Aix Marseille Provence, la candidate de la droite et du centre ne pourra conserver ces deux mandats en raison de la loi sur le cumul. Elle souhaite rester pr\u00e9sidente de la m\u00e9tropole en cas de victoire.<\/p>\n<p class=\"fig-paragraph\"><a href=\"http:\/\/www.lefigaro.fr\/marseille\/municipales-a-marseille-martine-vassal-officialise-sa-candidature-20250913\" data-fig-type=\"NewsFlash\" data-gtm-custom-categorie=\"navigation\" data-gtm-custom-action=\"crossclick\" data-gtm-custom-label=\"Contextuel\" data-gtm-event=\"customEventSPE\" data-fig-domain=\"LEFIGARO\" target=\"_blank\" rel=\"noopener\">Martine Vassal<\/a>\u00a0a fait son choix. La candidate de la droite et du centre aux prochaines \u00e9lections municipales de Marseille a affirm\u00e9 au micro d\u2019<a href=\"https:\/\/www.francebleu.fr\/emissions\/l-invite-d-ici-matin-ici-provence\/martine-vassal-officiellement-candidate-aux-municipales-a-marseille-3042700\" target=\"_blank\" rel=\"sponsored noopener\" data-gtm-custom-categorie=\"navigation\" data-gtm-custom-action=\"crossclick\" data-gtm-custom-label=\"Contextuel\" data-gtm-event=\"customEventSPE\">Ici Provence\u00a0<\/a>qu\u2019en cas d\u2019\u00e9lection, elle ne serait plus pr\u00e9sidente du d\u00e9partement des Bouches-du-Rh\u00f4ne.<\/p>\n<p>Candidate \u00e0 la m\u00e9tropole<\/p>\n<p class=\"fig-paragraph\">\u00c0 la t\u00eate du conseil d\u00e9partemental depuis 2015,\u00a0<a href=\"http:\/\/www.lefigaro.fr\/elections\/municipales\/municipales-2026-a-marseille-martine-vassal-se-prepare-a-incarner-la-droite-et-le-centre-20250807\" data-fig-type=\"NewsFlash\" data-gtm-custom-categorie=\"navigation\" data-gtm-custom-action=\"crossclick\" data-gtm-custom-label=\"Contextuel\" data-gtm-event=\"customEventSPE\" data-fig-domain=\"LEFIGARO\" target=\"_blank\" rel=\"noopener\">Martine Vassal<\/a>\u00a0est \u00e9galement pr\u00e9sidente de la m\u00e9tropole depuis 2018. Samedi dernier, elle a confirm\u00e9 vouloir briguer la mairie de Marseille, mais la loi sur le cumul des mandats lui impose, en cas de victoire, d\u2019abandonner un de ses mandats. \u00abSi j\u2019ai l\u2019honneur d\u2019\u00eatre maire de Marseille, je candidaterai \u00e0 la m\u00e9tropole mais je ne serai plus pr\u00e9sidente du d\u00e9partement\u00bb, pr\u00e9cise-t-elle.<\/p>\n<p>                                    <a class=\"fig-a11y-skip a11y-hidden\" href=\"#fig-a11y-skip-main-inarticle\"><br \/>\n        Passer la publicit\u00e9<br \/>\n    <\/a><\/p>\n<p class=\"fig-paragraph\">Nouvelle candidate \u00e0 se lancer apr\u00e8s le d\u00e9put\u00e9 du Rassemblement national Franck Allisio, Martine Vassal retente sa chance apr\u00e8s sa d\u00e9faite de 2020 et le basculement \u00e0 gauche de la deuxi\u00e8me ville de France, apr\u00e8s 25 ans de r\u00e8gne du LR Jean-Claude Gaudin, aujourd\u2019hui d\u00e9c\u00e9d\u00e9. Marseille sera un point chaud des municipales o\u00f9 le maire divers gauche sortant Beno\u00eet Payan n\u2019a pas encore annonc\u00e9 ses intentions.<\/p>\n","protected":false},"excerpt":{"rendered":"\u00c0 la t\u00eate d\u00e9j\u00e0 du d\u00e9partement des Bouches-du-Rh\u00f4ne et de la m\u00e9tropole d\u2019Aix Marseille Provence, la candidate de&hellip;\n","protected":false},"author":2,"featured_media":392168,"comment_status":"","ping_status":"","sticky":false,"template":"","format":"standard","meta":{"footnotes":""},"categories":[2814],"tags":[1111,11,24324,16680,1777,674,1011,27,884,21363,3554,12,882,25],"class_list":{"0":"post-392167","1":"post","2":"type-post","3":"status-publish","4":"format-standard","5":"has-post-thumbnail","7":"category-marseille","8":"tag-actu","9":"tag-actualites","10":"tag-candidatures","11":"tag-departements","12":"tag-eu","13":"tag-europe","14":"tag-fr","15":"tag-france","16":"tag-marseille","17":"tag-martine-vassal","18":"tag-municipales","19":"tag-news","20":"tag-provence-alpes-cote-dazur","21":"tag-republique-francaise"},"share_on_mastodon":{"url":"https:\/\/pubeurope.com\/@fr\/115207435907672493","error":""},"_links":{"self":[{"href":"https:\/\/www.europesays.com\/fr\/wp-json\/wp\/v2\/posts\/392167","targetHints":{"allow":["GET"]}}],"collection":[{"href":"https:\/\/www.europesays.com\/fr\/wp-json\/wp\/v2\/posts"}],"about":[{"href":"https:\/\/www.europesays.com\/fr\/wp-json\/wp\/v2\/types\/post"}],"author":[{"embeddable":true,"href":"https:\/\/www.europesays.com\/fr\/wp-json\/wp\/v2\/users\/2"}],"replies":[{"embeddable":true,"href":"https:\/\/www.europesays.com\/fr\/wp-json\/wp\/v2\/comments?post=392167"}],"version-history":[{"count":0,"href":"https:\/\/www.europesays.com\/fr\/wp-json\/wp\/v2\/posts\/392167\/revisions"}],"wp:featuredmedia":[{"embeddable":true,"href":"https:\/\/www.europesays.com\/fr\/wp-json\/wp\/v2\/media\/392168"}],"wp:attachment":[{"href":"https:\/\/www.europesays.com\/fr\/wp-json\/wp\/v2\/media?parent=392167"}],"wp:term":[{"taxonomy":"category","embeddable":true,"href":"https:\/\/www.europesays.com\/fr\/wp-json\/wp\/v2\/categories?post=392167"},{"taxonomy":"post_tag","embeddable":true,"href":"https:\/\/www.europesays.com\/fr\/wp-json\/wp\/v2\/tags?post=392167"}],"curies":[{"name":"wp","href":"https:\/\/api.w.org\/{rel}","templated":true}]}}