{"id":392171,"date":"2025-09-15T08:46:12","date_gmt":"2025-09-15T08:46:12","guid":{"rendered":"https:\/\/www.europesays.com\/fr\/392171\/"},"modified":"2025-09-15T08:46:12","modified_gmt":"2025-09-15T08:46:12","slug":"un-jeune-de-18-ans-meurt-abandonne-par-le-conducteur","status":"publish","type":"post","link":"https:\/\/www.europesays.com\/fr\/392171\/","title":{"rendered":"un jeune de 18 ans meurt abandonn\u00e9 par le conducteur"},"content":{"rendered":"<p>            Par<br \/>\n        <strong><br \/>\n            <a href=\"https:\/\/actu.fr\/auteur\/julien-damboise\" title=\"Consulter tous les articles de Julien Damboise\" rel=\"nofollow noopener\" target=\"_blank\">Julien Damboise<\/a><br \/>\n        <\/strong><\/p>\n<p>        Publi\u00e9 le<\/p>\n<p>            15 sept. 2025 \u00e0 10h13        <\/p>\n<p>Le choc a \u00e9t\u00e9 <strong>particuli\u00e8rement violent<\/strong>, ce dimanche 14 septembre 2025, sur la commune d\u2019<a href=\"https:\/\/actu.fr\/auvergne-rhone-alpes\/oytier-saint-oblas_38288\" rel=\"nofollow noopener\" target=\"_blank\">Oytier-Saint-Oblas<\/a> (Is\u00e8re), \u00e0 moins de 50 km de <a href=\"https:\/\/actu.fr\/auvergne-rhone-alpes\/lyon_69123\" rel=\"nofollow noopener\" target=\"_blank\">Lyon<\/a>. Un accident de la route a fait un mort. Une victime <strong>abandonn\u00e9e par le conducteur<\/strong> et une autre personne. Ce que l\u2019on sait.<\/p>\n<p>    <a href=\"https:\/\/www.google.com\/maps\/embed?pb=!1m18!1m12!1m3!1d47255.98161236635!2d4.989045495708108!3d45.561245314245475!2m3!1f0!2f0!3f0!3m2!1i1024!2i768!4f13.1!3m3!1m2!1s0x47f4d735f8afaa41%3A0x408ab2ae4be7220!2s38780%20Oytier-Saint-Oblas!5e1!3m2!1sfr!2sfr!4v1757921300586!5m2!1sfr!2sfr\" title=\"Ouvrie le lien\" rel=\"nofollow noopener\" target=\"_blank\">Cliquez ici pour visualiser le contenu<\/a><\/p>\n<p>Il percute un poteau de plein fouet<\/p>\n<p class=\" wall-content\">Le drame s\u2019est d\u00e9roul\u00e9 route de Saint-Georges-d\u2019Esp\u00e9ranche \u00e0 Oytier-Saint-Oblas, avant 7h du matin ce dimanche.<\/p>\n<p class=\" wall-content\">Selon <a href=\"https:\/\/www.ledauphine.com\/faits-divers-justice\/2025\/09\/14\/un-jeune-homme-meurt-dans-une-dramatique-sortie-de-route\" rel=\"nofollow noopener\" target=\"_blank\">Le Dauphin\u00e9<\/a>, c\u2019est une infirmi\u00e8re qui a donn\u00e9 l\u2019alerte, apr\u00e8s avoir vu une voiture accident\u00e9e, qui venait de percuter tr\u00e8s violemment un poteau \u00e9lectrique en b\u00e9ton. Une fois sur place, <strong>les secours ont d\u00fb attendre<\/strong> que l\u2019alimentation soit coup\u00e9e pour intervenir.<\/p>\n<p class=\" wall-content\">\u00c0 l\u2019avant de cette Renault Clio, sur le si\u00e8ge passager, un <strong>corps sans vie<\/strong> a \u00e9t\u00e9 d\u00e9couvert. Il s\u2019agit d\u2019un jeune homme \u00e2g\u00e9 de 18 ans, originaire du Rh\u00f4ne.<\/p>\n<p>Le conducteur prend la fuite<\/p>\n<p class=\" wall-content\">Le conducteur n\u2019\u00e9tait plus sur place quand les <a href=\"https:\/\/actu.fr\/tag\/gendarmerie\" rel=\"nofollow noopener\" target=\"_blank\">gendarmes<\/a> et les pompiers ont afflu\u00e9. Un propri\u00e9taire de la voiture accident\u00e9e interpell\u00e9 quelques heures apr\u00e8s \u00e0 son domicile de Saint-Georges-d\u2019Esp\u00e9ranche, puis plac\u00e9 en <strong>garde \u00e0 vue<\/strong>.<\/p>\n<p class=\" wall-content\">Apr\u00e8s l\u2019accident, il aurait <strong>abandonn\u00e9 son ami<\/strong> \u00e0 son sort avant de rentrer chez lui par ses propres moyens.<\/p>\n<p class=\" wall-content\">Des analyses \u00e9taient en cours pour savoir si le mis en cause avait consomm\u00e9 de l\u2019alcool ou des stup\u00e9fiants avant de prendre le volant.\u00a0<\/p>\n<p class=\" wall-content\">Personnalisez votre actualit\u00e9 en ajoutant vos villes et m\u00e9dias en favori avec <a href=\"https:\/\/moncompte.actu.fr\" title=\"D\u00e9couvez Mon Actu\" rel=\"nofollow noopener\" data-trk=\"{&quot;cta&quot;:{&quot;action&quot;:&quot;https:\\\/\\\/moncompte.actu.fr&quot;,&quot;category&quot;:&quot;mon compte&quot;,&quot;from&quot;:&quot;article footer&quot;,&quot;name&quot;:&quot;Mon actu&quot;,&quot;type&quot;:&quot;cta&quot;}}\" target=\"_blank\">Mon Actu<\/a>.<\/p>\n","protected":false},"excerpt":{"rendered":"Par Julien Damboise Publi\u00e9 le 15 sept. 2025 \u00e0 10h13 Le choc a \u00e9t\u00e9 particuli\u00e8rement violent, ce dimanche&hellip;\n","protected":false},"author":2,"featured_media":382993,"comment_status":"","ping_status":"","sticky":false,"template":"","format":"standard","meta":{"footnotes":""},"categories":[1889],"tags":[119,1111,11,2430,1777,674,118,1011,27,3381,2428,12,25],"class_list":{"0":"post-392171","1":"post","2":"type-post","3":"status-publish","4":"format-standard","5":"has-post-thumbnail","7":"category-lyon","8":"tag-accident","9":"tag-actu","10":"tag-actualites","11":"tag-auvergne-rhone-alpes","12":"tag-eu","13":"tag-europe","14":"tag-faits-divers","15":"tag-fr","16":"tag-france","17":"tag-gendarmerie","18":"tag-lyon","19":"tag-news","20":"tag-republique-francaise"},"share_on_mastodon":{"url":"https:\/\/pubeurope.com\/@fr\/115207443847989578","error":""},"_links":{"self":[{"href":"https:\/\/www.europesays.com\/fr\/wp-json\/wp\/v2\/posts\/392171","targetHints":{"allow":["GET"]}}],"collection":[{"href":"https:\/\/www.europesays.com\/fr\/wp-json\/wp\/v2\/posts"}],"about":[{"href":"https:\/\/www.europesays.com\/fr\/wp-json\/wp\/v2\/types\/post"}],"author":[{"embeddable":true,"href":"https:\/\/www.europesays.com\/fr\/wp-json\/wp\/v2\/users\/2"}],"replies":[{"embeddable":true,"href":"https:\/\/www.europesays.com\/fr\/wp-json\/wp\/v2\/comments?post=392171"}],"version-history":[{"count":0,"href":"https:\/\/www.europesays.com\/fr\/wp-json\/wp\/v2\/posts\/392171\/revisions"}],"wp:featuredmedia":[{"embeddable":true,"href":"https:\/\/www.europesays.com\/fr\/wp-json\/wp\/v2\/media\/382993"}],"wp:attachment":[{"href":"https:\/\/www.europesays.com\/fr\/wp-json\/wp\/v2\/media?parent=392171"}],"wp:term":[{"taxonomy":"category","embeddable":true,"href":"https:\/\/www.europesays.com\/fr\/wp-json\/wp\/v2\/categories?post=392171"},{"taxonomy":"post_tag","embeddable":true,"href":"https:\/\/www.europesays.com\/fr\/wp-json\/wp\/v2\/tags?post=392171"}],"curies":[{"name":"wp","href":"https:\/\/api.w.org\/{rel}","templated":true}]}}