{"id":392187,"date":"2025-09-15T08:57:11","date_gmt":"2025-09-15T08:57:11","guid":{"rendered":"https:\/\/www.europesays.com\/fr\/392187\/"},"modified":"2025-09-15T08:57:11","modified_gmt":"2025-09-15T08:57:11","slug":"tiktok-et-tarifs-douaniers-au-programme","status":"publish","type":"post","link":"https:\/\/www.europesays.com\/fr\/392187\/","title":{"rendered":"TikTok et tarifs douaniers au programme"},"content":{"rendered":"<p class=\"fig-paragraph\">La Chine et les \u00c9tats-Unis ont repris leurs n\u00e9gociations commerciales lundi \u00e0 Madrid, cherchant \u00e0 r\u00e9duire les divergences sur le commerce et la technologie qui ont tendu les relations entre les deux plus grandes \u00e9conomies du monde, a constat\u00e9 une journaliste sur place. Les discussions ont repris au minist\u00e8re espagnol des Affaires \u00e9trang\u00e8res, au lendemain de l&rsquo;ouverture de ce nouveau cycle de discussions men\u00e9 par des d\u00e9l\u00e9gations dirig\u00e9es par le secr\u00e9taire au Tr\u00e9sor des \u00c9tats-Unis, Scott Bessent, et le vice-premier ministre chinois, He Lifeng. Les r\u00e9unions devraient se poursuivre jusqu&rsquo;\u00e0 mercredi. Des responsables des deux nations ont \u00e9t\u00e9 vus par une journaliste, entrant lundi matin au si\u00e8ge du minist\u00e8re.<\/p>\n<p class=\"fig-paragraph\">L&rsquo;ordre du jour comprend deux des questions les plus \u00e9pineuses des relations bilat\u00e9rales entre les deux pays: la menace du pr\u00e9sident Donald Trump d&rsquo;imposer des tarifs douaniers \u00e9lev\u00e9s sur les importations chinoises et la demande de Washington que TikTok soit vendu avant d&rsquo;ici le 17 septembre \u00e0 un propri\u00e9taire non chinois, sous peine d&rsquo;\u00eatre interdit aux \u00c9tats-Unis. Les tensions commerciales entre P\u00e9kin et Washington ont connu des hauts et des bas en 2025, les deux pays se lan\u00e7ant dans une escalade de tarifs douaniers. Au cours de l&rsquo;ann\u00e9e, les tarifs douaniers entre les \u00c9tats-Unis et la Chine ont atteint des niveaux trois fois sup\u00e9rieurs \u00e0 la normale des deux c\u00f4t\u00e9s, perturbant les cha\u00eenes d&rsquo;approvisionnement.<\/p>\n<p class=\"fig-body-link\">\n            \u00c0 lire aussi<br \/>\n        <a class=\"fig-body-link__link\" href=\"http:\/\/www.lefigaro.fr\/secteur\/high-tech\/apres-la-commission-tiktok-le-depute-ps-arthur-delaporte-annonce-saisir-la-justice-pour-mise-en-danger-20250911\" target=\"_blank\" data-fig-type=\"NewsFlash\" rel=\"noopener nofollow\" data-gtm-custom-categorie=\"navigation\" data-gtm-custom-action=\"crossclick\" data-gtm-custom-label=\"Contextuel\" data-gtm-event=\"customEventSPE\" data-fig-domain=\"LEFIGARO\">Apr\u00e8s la commission TikTok, le d\u00e9put\u00e9 PS Arthur Delaporte annonce saisir la justice pour \u00abmise en danger\u00bb<br \/>\n    <\/a>\n<\/p>\n<p>                                    <a class=\"fig-a11y-skip a11y-hidden\" href=\"#fig-a11y-skip-main-inarticle\"><br \/>\n        Passer la publicit\u00e9<br \/>\n    <\/a><\/p>\n<p>Intertitre<\/p>\n<p class=\"fig-paragraph\">Depuis, Washington et P\u00e9kin ont conclu un accord visant \u00e0 d\u00e9samorcer les tensions, abaissant temporairement les droits de douane \u00e0 30% pour les \u00c9tats-Unis et \u00e0 10% pour la Chine. En ao\u00fbt, les deux pays ont d\u00e9cid\u00e9 de reporter de 90 jours l&rsquo;entr\u00e9e en vigueur de nouvelles hausses tarifaires sur leurs exportations r\u00e9ciproques, prolongeant ainsi la tr\u00eave commerciale jusqu&rsquo;au 10 novembre. Le minist\u00e8re chinois du Commerce a appel\u00e9 vendredi Washington \u00e0 \u00abtravailler avec la Chine sur la base du respect mutuel et de consultations \u00e9gales, pour r\u00e9soudre les pr\u00e9occupations mutuelles par le dialogue et trouver une solution au probl\u00e8me\u00bb, selon un communiqu\u00e9.<\/p>\n<p class=\"fig-paragraph\">Au cours du week-end, la Chine a lanc\u00e9 des enqu\u00eates dans le secteur des semi-conducteurs aux \u00c9tats-Unis, un nouveau signal que les frictions restent \u00e9lev\u00e9es malgr\u00e9 les discussions de Madrid. Ces r\u00e9unions pourraient poser les bases d&rsquo;un possible sommet entre Trump et le dirigeant chinois Xi Jinping plus tard cette ann\u00e9e.<\/p>\n","protected":false},"excerpt":{"rendered":"La Chine et les \u00c9tats-Unis ont repris leurs n\u00e9gociations commerciales lundi \u00e0 Madrid, cherchant \u00e0 r\u00e9duire les divergences&hellip;\n","protected":false},"author":2,"featured_media":392188,"comment_status":"","ping_status":"","sticky":false,"template":"","format":"standard","meta":{"footnotes":""},"categories":[1589],"tags":[11,309,73,1866,12,2439,1864,1865,1863,308],"class_list":{"0":"post-392187","1":"post","2":"type-post","3":"status-publish","4":"format-standard","5":"has-post-thumbnail","7":"category-etats-unis","8":"tag-actualites","9":"tag-chine","10":"tag-etats-unis","11":"tag-etats-unis-damerique","12":"tag-news","13":"tag-tiktok","14":"tag-united-states","15":"tag-united-states-of-america","16":"tag-us","17":"tag-usa"},"share_on_mastodon":{"url":"https:\/\/pubeurope.com\/@fr\/115207487266712653","error":""},"_links":{"self":[{"href":"https:\/\/www.europesays.com\/fr\/wp-json\/wp\/v2\/posts\/392187","targetHints":{"allow":["GET"]}}],"collection":[{"href":"https:\/\/www.europesays.com\/fr\/wp-json\/wp\/v2\/posts"}],"about":[{"href":"https:\/\/www.europesays.com\/fr\/wp-json\/wp\/v2\/types\/post"}],"author":[{"embeddable":true,"href":"https:\/\/www.europesays.com\/fr\/wp-json\/wp\/v2\/users\/2"}],"replies":[{"embeddable":true,"href":"https:\/\/www.europesays.com\/fr\/wp-json\/wp\/v2\/comments?post=392187"}],"version-history":[{"count":0,"href":"https:\/\/www.europesays.com\/fr\/wp-json\/wp\/v2\/posts\/392187\/revisions"}],"wp:featuredmedia":[{"embeddable":true,"href":"https:\/\/www.europesays.com\/fr\/wp-json\/wp\/v2\/media\/392188"}],"wp:attachment":[{"href":"https:\/\/www.europesays.com\/fr\/wp-json\/wp\/v2\/media?parent=392187"}],"wp:term":[{"taxonomy":"category","embeddable":true,"href":"https:\/\/www.europesays.com\/fr\/wp-json\/wp\/v2\/categories?post=392187"},{"taxonomy":"post_tag","embeddable":true,"href":"https:\/\/www.europesays.com\/fr\/wp-json\/wp\/v2\/tags?post=392187"}],"curies":[{"name":"wp","href":"https:\/\/api.w.org\/{rel}","templated":true}]}}