{"id":392197,"date":"2025-09-15T09:02:12","date_gmt":"2025-09-15T09:02:12","guid":{"rendered":"https:\/\/www.europesays.com\/fr\/392197\/"},"modified":"2025-09-15T09:02:12","modified_gmt":"2025-09-15T09:02:12","slug":"isabelle-nanty-victime-dun-gros-accident-de-la-route-sur-la10-le-conducteur-avait-un-profil-tout-particulier","status":"publish","type":"post","link":"https:\/\/www.europesays.com\/fr\/392197\/","title":{"rendered":"Isabelle Nanty victime d\u2019un gros accident de la route sur l\u2019A10\u00a0: le conducteur avait un profil tout particulier"},"content":{"rendered":"<p>C&rsquo;est une <strong><a href=\"https:\/\/www.public.fr\/exclu-public-isabelle-nanty-sterilite-antidepresseurs-deces-de-ses-parents-la-meme-annee-ses-confidences-choc\" rel=\"nofollow noopener\" target=\"_blank\">com\u00e9dienne joviale<\/a><\/strong> connue pour ses <strong>dizaines de r\u00f4le au th\u00e9\u00e2tre, au cin\u00e9ma et \u00e0 la t\u00e9l\u00e9vision<\/strong>. Ainsi, Isabelle Nanty, <a href=\"https:\/\/www.public.fr\/des-femmes-qui-se-suicidaient-isabelle-nanty-cash-sur-son-enfance\" rel=\"nofollow noopener\" target=\"_blank\">l&rsquo;inimitable Itin\u00e9ris<\/a> dans le film Ast\u00e9rix et Ob\u00e9lix\u00a0: Mission Cl\u00e9op\u00e2tre a aussi marqu\u00e9 les esprits pour son r\u00f4le dans Les Tuche d&rsquo;Olivier Baroux ou encore dans Les Profs de Pierre-Fran\u00e7ois Martin-Laval. Cette derni\u00e8re qui, ce week-end, a fait une \u00e9norme frayeur \u00e0 ses proches, ses camarades de jeu et \u00e0 celles et ceux qui l&rsquo;admirent depuis de nombreuses ann\u00e9es. Et pour cause\u2026<\/p>\n<p>Comme l&rsquo;a r\u00e9v\u00e9l\u00e9 le site Actu78, <a href=\"https:\/\/www.public.fr\/isabelle-nanty-victime-dun-grave-accident-de-la-route-lactrice-hospitalisee-en-urgence-absolue\" rel=\"nofollow noopener\" target=\"_blank\">l&rsquo;actrice \u00e2g\u00e9e de 63 ans<\/a> a \u00e9t\u00e9 <strong>victime d&rsquo;un grave accident de la route.<\/strong> Il a eu lieu<strong> <\/strong>ce vendredi 12\u00a0septembre sur l&rsquo;autoroute A10 en direction de Paris. Accident qui a eu lieu dans les Yvelines, \u00e0 hauteur de Saint-Arnoult. Alors qu&rsquo;Isabelle Nanty se trouvait <strong>dans un van Mercedes conduit par un chauffeur priv\u00e9<\/strong>, le v\u00e9hicule s\u2019est retourn\u00e9. <strong>Aucun autre v\u00e9hicule n&rsquo;a \u00e9t\u00e9 impliqu\u00e9<\/strong> et, \u00e0 ce stade, on ignore les causes de cet accident.<\/p>\n<p>Imm\u00e9diatement, les secours ont \u00e9t\u00e9 appel\u00e9s pour transporter <a href=\"https:\/\/www.public.fr\/les-tuche-isabelle-nanty-prete-a-claquer-la-porte\" rel=\"nofollow noopener\" target=\"_blank\">la m\u00e8re de famille<\/a> <strong>\u00e0 l&rsquo;h\u00f4pital de Clamart dans les Hauts-de-Seine<\/strong>. Selon nos confr\u00e8res, <a href=\"https:\/\/www.public.fr\/isabelle-nanty-et-jean-paul-rouve-le-duo-des-tuche-confronte-a-une-situation-inedite\" rel=\"nofollow noopener\" target=\"_blank\">la complice Jean-Paul Rouve <\/a><strong>souffre de multiples douleurs aux c\u00f4tes et aux vert\u00e8bres<\/strong>. Toutefois, bien qu&rsquo;admise \u00ab\u00a0en urgence absolue, la vie de l&rsquo;artiste n&rsquo;est pas en danger et, toujours selon nos confr\u00e8res, cette derni\u00e8re <strong>pourrait sortir de l\u2019h\u00f4pital d\u00e8s aujourd&rsquo;hui ou demain au plus tard<\/strong>.<\/p>\n<p>Isabelle Nanty hospitalis\u00e9e\u00a0: que sait-on du conducteur du van Mercedes\u00a0?<\/p>\n<p>Nos confr\u00e8res de Sud-Ouest ont apport\u00e9 plus de pr\u00e9cisions concernant l&rsquo;\u00e9tat du chauffeur qui conduisait <a href=\"https:\/\/www.google.com\/url?sa=t&amp;source=web&amp;rct=j&amp;opi=89978449&amp;url=https:\/\/vsd.fr\/50181-en-maison-de-retraite-je-serai-la-coloc-ideale-isabelle-nanty-se-confie-comme-jamais-sur-son-celibat\/&amp;ved=2ahUKEwjzvOfUgdqPAxUHUqQEHR3NHLkQFnoECBkQAQ&amp;usg=AOvVaw0_jKFucAjyz2kjBTacheEJ\" rel=\"nofollow noopener\" target=\"_blank\">la com\u00e9dienne<\/a> ce jour-l\u00e0. Citant Actu78, ces derniers ont pr\u00e9cis\u00e9 que cet homme n&rsquo;a \u00e9t\u00e9 <strong>que l\u00e9g\u00e8rement bless\u00e9 <\/strong>m\u00eame si le choc a d\u00fb \u00eatre particuli\u00e8rement impressionnant. Par ailleurs, un autre \u00e9l\u00e9ment a \u00e9t\u00e9 d\u00e9voil\u00e9 et il ne devrait pas jouer en sa faveur. En effet, le conducteur du van roulait semble-t-il <strong>avec un permis non valable, faute de points.<\/strong> Pour le moment, ce dernier n&rsquo;a <strong>pas \u00e9t\u00e9 interpell\u00e9<\/strong>. De nouveaux d\u00e9tails devraient prochainement \u00eatre d\u00e9voil\u00e9s.<\/p>\n<p>Quant \u00e0 Isabelle Nanty, <strong>son \u00e9tat ne suscite plus d&rsquo;inqui\u00e9tude<\/strong> d\u00e9sormais. Extr\u00eamement pr\u00e9sente \u00e0 l&rsquo;\u00e9cran, <a href=\"https:\/\/www.google.com\/url?sa=t&amp;source=web&amp;rct=j&amp;opi=89978449&amp;url=https:\/\/vsd.fr\/69707-foutez-moi-la-paix-les-sexagenaires-isabelle-nanty-sexprime-sur-son-celibat-avec-une-franchise-desarmante\/&amp;ved=2ahUKEwjzvOfUgdqPAxUHUqQEHR3NHLkQFnoECDAQAQ&amp;usg=AOvVaw3QgowkbyHxchPT77pP_ydl\" rel=\"nofollow noopener\" target=\"_blank\">cette derni\u00e8re<\/a> a \u00e9t\u00e9 vue dans <strong>deux films \u00e0 succ\u00e8s cette ann\u00e9e<\/strong>\u00a0: God Save the Tuche de son ami Jean-Paul Rouve et Doux J\u00e9sus de Fr\u00e9d\u00e9ric Quiring. L&rsquo;an prochain, on la retrouvera<strong> dans la s\u00e9rie Marie-Line, incognito <\/strong>pour TF1 et dans laquelle elle campera le r\u00f4le principal. Enfin, cet \u00e9t\u00e9, Isabelle Nanty a \u00e9t\u00e9 <strong>vue dans le Cantal <\/strong>en plein tournage. Elle sera <strong>prochainement \u00e0 l&rsquo;affiche d&rsquo;Espionne<\/strong>, toujours pour la premi\u00e8re cha\u00eene.<\/p>\n<p>      Mentionn\u00e9s dans cet article<\/p>\n<p>      Sur le m\u00eame sujet<\/p>\n","protected":false},"excerpt":{"rendered":"C&rsquo;est une com\u00e9dienne joviale connue pour ses dizaines de r\u00f4le au th\u00e9\u00e2tre, au cin\u00e9ma et \u00e0 la t\u00e9l\u00e9vision.&hellip;\n","protected":false},"author":2,"featured_media":392198,"comment_status":"","ping_status":"","sticky":false,"template":"","format":"standard","meta":{"footnotes":""},"categories":[2],"tags":[119,4376,11,1431,1011,27,100,16448,11403,12,25],"class_list":{"0":"post-392197","1":"post","2":"type-post","3":"status-publish","4":"format-standard","5":"has-post-thumbnail","7":"category-actualites","8":"tag-accident","9":"tag-accident-de-la-route","10":"tag-actualites","11":"tag-blessure","12":"tag-fr","13":"tag-france","14":"tag-hopital","15":"tag-hospitalisation","16":"tag-isabelle-nanty","17":"tag-news","18":"tag-republique-francaise"},"share_on_mastodon":{"url":"https:\/\/pubeurope.com\/@fr\/115207506874430384","error":""},"_links":{"self":[{"href":"https:\/\/www.europesays.com\/fr\/wp-json\/wp\/v2\/posts\/392197","targetHints":{"allow":["GET"]}}],"collection":[{"href":"https:\/\/www.europesays.com\/fr\/wp-json\/wp\/v2\/posts"}],"about":[{"href":"https:\/\/www.europesays.com\/fr\/wp-json\/wp\/v2\/types\/post"}],"author":[{"embeddable":true,"href":"https:\/\/www.europesays.com\/fr\/wp-json\/wp\/v2\/users\/2"}],"replies":[{"embeddable":true,"href":"https:\/\/www.europesays.com\/fr\/wp-json\/wp\/v2\/comments?post=392197"}],"version-history":[{"count":0,"href":"https:\/\/www.europesays.com\/fr\/wp-json\/wp\/v2\/posts\/392197\/revisions"}],"wp:featuredmedia":[{"embeddable":true,"href":"https:\/\/www.europesays.com\/fr\/wp-json\/wp\/v2\/media\/392198"}],"wp:attachment":[{"href":"https:\/\/www.europesays.com\/fr\/wp-json\/wp\/v2\/media?parent=392197"}],"wp:term":[{"taxonomy":"category","embeddable":true,"href":"https:\/\/www.europesays.com\/fr\/wp-json\/wp\/v2\/categories?post=392197"},{"taxonomy":"post_tag","embeddable":true,"href":"https:\/\/www.europesays.com\/fr\/wp-json\/wp\/v2\/tags?post=392197"}],"curies":[{"name":"wp","href":"https:\/\/api.w.org\/{rel}","templated":true}]}}