{"id":392221,"date":"2025-09-15T09:15:21","date_gmt":"2025-09-15T09:15:21","guid":{"rendered":"https:\/\/www.europesays.com\/fr\/392221\/"},"modified":"2025-09-15T09:15:21","modified_gmt":"2025-09-15T09:15:21","slug":"herault-a-frontignan-une-ecole-reconnue-architecture-remarquable","status":"publish","type":"post","link":"https:\/\/www.europesays.com\/fr\/392221\/","title":{"rendered":"H\u00e9rault. \u00c0 Frontignan, une \u00e9cole reconnue \u00ab Architecture remarquable \u00bb"},"content":{"rendered":"<p>            Par<br \/>\n        <strong><br \/>\n            <a href=\"https:\/\/actu.fr\/auteur\/metropoop\" title=\"Consulter tous les articles de R\u00e9daction M\u00e9tropolitain\" target=\"_blank\" rel=\"noopener\">R\u00e9daction M\u00e9tropolitain<\/a><br \/>\n        <\/strong><\/p>\n<p>        Publi\u00e9 le<\/p>\n<p>            14 sept. 2025 \u00e0 17h36        <\/p>\n<p>C\u2019\u00e9tait une journ\u00e9e grav\u00e9e dans la pierre pour <strong>l\u2019\u00e9cole Anatole-France<\/strong>, \u00e0 <strong>Frontignan-la-Peyrade<\/strong>. Ce <strong>mercredi 3 septembre<\/strong>, l\u2019\u00e9cole \u00e9l\u00e9mentaire s\u2019est vue d\u00e9cor\u00e9e d\u2019une plaque au niveau de l\u2019entr\u00e9e principale du b\u00e2timent, reconnaissant ainsi sa labellisation au titre d\u2019<strong>architecture contemporaine remarquable<\/strong>. Pour l\u2019occasion, Hussein Bourgi, s\u00e9nateur de l\u2019H\u00e9rault, Patrice Canayer, conseiller r\u00e9gional d\u2019Occitanie, ainsi que le maire de la ville Michel Arrouy, ses adjoints et \u00e9lus, \u00e9taient pr\u00e9sents. Plusieurs \u00e9l\u00e8ves de l\u2019accueil de loisirs du mercredi ont \u00e9galement pu admirer la r\u00e9v\u00e9lation de la plaque sur leur \u00e9cole, aux c\u00f4t\u00e9s du personnel \u00e9ducatif et d\u2019anciens directeurs.<\/p>\n<p>    <a href=\"https:\/\/www.google.com\/maps\/embed?pb=!1m18!1m12!1m3!1d2896.5591250482876!2d3.7513355117455687!3d43.44892297099202!2m3!1f0!2f0!3f0!3m2!1i1024!2i768!4f13.1!3m3!1m2!1s0x12b6b53a8766f403%3A0x9c4bab4048b7e31b!2s%C3%89cole%20Anatole%20France!5e0!3m2!1sfr!2sfr!4v1757864144855!5m2!1sfr!2sfr\" title=\"Ouvrie le lien\" target=\"_blank\" rel=\"noopener\">Cliquez ici pour visualiser le contenu<\/a><\/p>\n<p>    <img   decoding=\"async\" loading=\"lazy\" src=\"https:\/\/www.europesays.com\/fr\/wp-content\/uploads\/2025\/09\/250903-devoilement-plaque-anatole-france-architerture-remarquable-delemotte-16-2-960x640.jpg\" alt=\"La plaque orne d\u00e9sormais l'avant de l'\u00e9tablissement scolaire.\" width=\"960\" height=\"640\"\/><br \/>\n    La plaque orne d\u00e9sormais l\u2019avant de l\u2019\u00e9tablissement scolaire. (\u00a9Ville de Frontignan la Peyrade)<\/p>\n<p class=\" wall-content\">\u00ab Gr\u00e2ce \u00e0 la mise en valeur de cette architecture remarquable, nous affirmons que le cadre de vie est primordial d\u00e8s l\u2019enfance, il doit \u00eatre prot\u00e9g\u00e9 et accessible \u00e0 tous. Que les lieux o\u00f9 l\u2019on apprend et o\u00f9 l\u2019on grandit doivent \u00eatre beaux, fonctionnels et adapt\u00e9s aux besoins de chacun \u00bb, a ainsi conclu le maire.<\/p>\n<p class=\" wall-content\">Ce label, attribu\u00e9 aux \u00e9tablissements construits entre 1920 et 2020, reconna\u00eet la singularit\u00e9 de l\u2019\u0153uvre, le caract\u00e8re innovant de l\u2019architecture, sa participation exemplaire \u00e0 une politique publique ou encore son appartenance \u00e0 un mouvement architectural. Mais derri\u00e8re ce titre se cache \u00e9galement plusieurs objectifs : faire conna\u00eetre et reconna\u00eetre l\u2019architecture r\u00e9cente, la valoriser aupr\u00e8s du public et accompagner l\u2019\u00e9volution des batiments aux nouveaux besoins des usagers. Autant de missions qui permettent, \u00e0 terme, de mettre en lumi\u00e8re l\u2019<strong>\u00e9cole Anatole-France<\/strong>.<\/p>\n<p class=\" wall-content\">Personnalisez votre actualit\u00e9 en ajoutant vos villes et m\u00e9dias en favori avec <a href=\"https:\/\/moncompte.actu.fr\" title=\"D\u00e9couvez Mon Actu\" rel=\"nofollow noopener\" data-trk=\"{&quot;cta&quot;:{&quot;action&quot;:&quot;https:\\\/\\\/moncompte.actu.fr&quot;,&quot;category&quot;:&quot;mon compte&quot;,&quot;from&quot;:&quot;article footer&quot;,&quot;name&quot;:&quot;Mon actu&quot;,&quot;type&quot;:&quot;cta&quot;}}\" target=\"_blank\">Mon Actu<\/a>.<\/p>\n","protected":false},"excerpt":{"rendered":"Par R\u00e9daction M\u00e9tropolitain Publi\u00e9 le 14 sept. 2025 \u00e0 17h36 C\u2019\u00e9tait une journ\u00e9e grav\u00e9e dans la pierre pour&hellip;\n","protected":false},"author":2,"featured_media":392222,"comment_status":"","ping_status":"","sticky":false,"template":"","format":"standard","meta":{"footnotes":""},"categories":[1358],"tags":[1348,1384,1385,1386,58,4019,59,1011,27,104],"class_list":{"0":"post-392221","1":"post","2":"type-post","3":"status-publish","4":"format-standard","5":"has-post-thumbnail","7":"category-arts-et-design","8":"tag-arts","9":"tag-arts-and-design","10":"tag-arts-et-design","11":"tag-design","12":"tag-divertissement","13":"tag-ecoles","14":"tag-entertainment","15":"tag-fr","16":"tag-france","17":"tag-societe"},"share_on_mastodon":{"url":"https:\/\/pubeurope.com\/@fr\/115207558398594612","error":""},"_links":{"self":[{"href":"https:\/\/www.europesays.com\/fr\/wp-json\/wp\/v2\/posts\/392221","targetHints":{"allow":["GET"]}}],"collection":[{"href":"https:\/\/www.europesays.com\/fr\/wp-json\/wp\/v2\/posts"}],"about":[{"href":"https:\/\/www.europesays.com\/fr\/wp-json\/wp\/v2\/types\/post"}],"author":[{"embeddable":true,"href":"https:\/\/www.europesays.com\/fr\/wp-json\/wp\/v2\/users\/2"}],"replies":[{"embeddable":true,"href":"https:\/\/www.europesays.com\/fr\/wp-json\/wp\/v2\/comments?post=392221"}],"version-history":[{"count":0,"href":"https:\/\/www.europesays.com\/fr\/wp-json\/wp\/v2\/posts\/392221\/revisions"}],"wp:featuredmedia":[{"embeddable":true,"href":"https:\/\/www.europesays.com\/fr\/wp-json\/wp\/v2\/media\/392222"}],"wp:attachment":[{"href":"https:\/\/www.europesays.com\/fr\/wp-json\/wp\/v2\/media?parent=392221"}],"wp:term":[{"taxonomy":"category","embeddable":true,"href":"https:\/\/www.europesays.com\/fr\/wp-json\/wp\/v2\/categories?post=392221"},{"taxonomy":"post_tag","embeddable":true,"href":"https:\/\/www.europesays.com\/fr\/wp-json\/wp\/v2\/tags?post=392221"}],"curies":[{"name":"wp","href":"https:\/\/api.w.org\/{rel}","templated":true}]}}